{"id":948,"date":"2026-02-01T09:27:27","date_gmt":"2026-02-01T08:27:27","guid":{"rendered":"https:\/\/www.patriarcatovenezia.it\/vocazioni\/?p=948"},"modified":"2026-03-03T09:32:23","modified_gmt":"2026-03-03T08:32:23","slug":"sussidio-di-preghiera-per-le-vocazioni","status":"publish","type":"post","link":"https:\/\/www.patriarcatovenezia.it\/vocazioni\/2026\/02\/01\/sussidio-di-preghiera-per-le-vocazioni\/","title":{"rendered":"Sussidio di preghiera per le vocazioni"},"content":{"rendered":"<p>&#8220;Chiam\u00f2 a s\u00e9 quelli che egli volle ed essi andarono da lui. Ne costitu\u00ec Dodici che stessero con lui.&#8221; (Mc 3,13-19)<\/p>\n<p>&nbsp;<\/p>\n","protected":false},"excerpt":{"rendered":"<p>&#8220;Chiam\u00f2 a s\u00e9 quelli che egli volle ed essi andarono da lui. Ne costitu\u00ec Dodici che stessero con lui.&#8221; (Mc 3,13-19) &nbsp;<\/p>\n","protected":false},"author":0,"featured_media":516,"comment_status":"closed","ping_status":"closed","sticky":false,"template":"","format":"standard","meta":{"_acf_changed":false,"ip_address":"","user_agent":"","level":"","revision":"","cookie_id":"","page_referer":"","html_form":"","footnotes":""},"categories":[1,86,87],"tags":[35,40,59],"class_list":["post-948","post","type-post","status-publish","format-standard","has-post-thumbnail","hentry","category-news","category-preghiera","category-vocazioni","tag-preghiera","tag-sussidio","tag-vocazioni"],"acf":[],"_links":{"self":[{"href":"https:\/\/www.patriarcatovenezia.it\/vocazioni\/wp-json\/wp\/v2\/posts\/948"}],"collection":[{"href":"https:\/\/www.patriarcatovenezia.it\/vocazioni\/wp-json\/wp\/v2\/posts"}],"about":[{"href":"https:\/\/www.patriarcatovenezia.it\/vocazioni\/wp-json\/wp\/v2\/types\/post"}],"author":[{"embeddable":true,"href":"https:\/\/www.patriarcatovenezia.it\/vocazioni\/wp-json\/wp\/v2\/users\/10"}],"replies":[{"embeddable":true,"href":"https:\/\/www.patriarcatovenezia.it\/vocazioni\/wp-json\/wp\/v2\/comments?post=948"}],"version-history":[{"count":3,"href":"https:\/\/www.patriarcatovenezia.it\/vocazioni\/wp-json\/wp\/v2\/posts\/948\/revisions"}],"predecessor-version":[{"id":952,"href":"https:\/\/www.patriarcatovenezia.it\/vocazioni\/wp-json\/wp\/v2\/posts\/948\/revisions\/952"}],"wp:featuredmedia":[{"embeddable":true,"href":"https:\/\/www.patriarcatovenezia.it\/vocazioni\/wp-json\/wp\/v2\/media\/516"}],"wp:attachment":[{"href":"https:\/\/www.patriarcatovenezia.it\/vocazioni\/wp-json\/wp\/v2\/media?parent=948"}],"wp:term":[{"taxonomy":"category","embeddable":true,"href":"https:\/\/www.patriarcatovenezia.it\/vocazioni\/wp-json\/wp\/v2\/categories?post=948"},{"taxonomy":"post_tag","embeddable":true,"href":"https:\/\/www.patriarcatovenezia.it\/vocazioni\/wp-json\/wp\/v2\/tags?post=948"}],"curies":[{"name":"wp","href":"https:\/\/api.w.org\/{rel}","templated":true}]}}