{"id":938,"date":"2026-02-11T10:00:49","date_gmt":"2026-02-11T09:00:49","guid":{"rendered":"https:\/\/www.patriarcatovenezia.it\/vocazioni\/?p=938"},"modified":"2026-04-24T09:03:45","modified_gmt":"2026-04-24T07:03:45","slug":"gita-del-primo-maggio","status":"publish","type":"post","link":"https:\/\/www.patriarcatovenezia.it\/vocazioni\/2026\/02\/11\/gita-del-primo-maggio\/","title":{"rendered":"Gita del primo maggio"},"content":{"rendered":"<p>Il prossimo primo maggio si terr\u00e0 la tradizionale gita dei ministranti.<\/p>\n<p>M\u00e9ta di quest&#8217;anno <strong>Castiglione delle Stiviere<\/strong> dove si celebrer\u00e0 il trecentesimo anniversario della canonizzazione di uno dei patroni dei chierichetti: <strong>San Luigi Gonzaga<\/strong>.<\/p>\n<p>Oltre alla Santa Messa con il Patriarca Francesco vivremo una giornata di giochi e tornei e conosceremo la figura di San Luigi.<\/p>\n<div>Si intende rendere disponibili <em>due pullman<\/em> che, orientativamente, potrebbero osservare i seguenti orari:<\/div>\n<p>*** Il primo con partenza da Gambarare alle ore 7.30, poi breve sosta a Zelarino, per raccogliere altri gruppi, presso il Centro Pastorale Diocesano &#8220;Cardinale Urbani&#8221; (Villa Visinoni) alle ore 7.50.<\/p>\n<p>*** Il secondo da Caorle alle ore 7.15, compir\u00e0 una sosta a Eraclea alle 7.45.<\/p>\n<p><em>Per il rientro:<\/em> entrambi i mezzi partiranno da Castiglione attorno alle 17. Percorreranno il tragitto inverso rispetto all&#8217;andata.<\/p>\n<p>La <em>quota di partecipazione<\/em> per la gita \u00e8 di 16 Euro a persona (con pranzo al sacco).<\/p>\n<p>Vi chiediamo di comunicarci quanto prima la disponibilit\u00e0 per poter procedere all&#8217;organizzazione pi\u00f9 dettagliata dei trasporti: <strong>vocazioni.venezia@gmail.com<\/strong><\/p>\n","protected":false},"excerpt":{"rendered":"<p>Il prossimo primo maggio si terr\u00e0 la tradizionale gita dei ministranti. M\u00e9ta di quest&#8217;anno Castiglione delle Stiviere dove si celebrer\u00e0 il trecentesimo anniversario della canonizzazione di uno dei patroni dei chierichetti: San Luigi Gonzaga. Oltre alla Santa Messa con il Patriarca Francesco vivremo una giornata di giochi e tornei e conosceremo la figura di San [&hellip;]<\/p>\n","protected":false},"author":0,"featured_media":955,"comment_status":"closed","ping_status":"closed","sticky":false,"template":"","format":"standard","meta":{"_acf_changed":false,"ip_address":"","user_agent":"","level":"","revision":"","cookie_id":"","page_referer":"","html_form":"","footnotes":""},"categories":[6,41,1],"tags":[72,56],"class_list":["post-938","post","type-post","status-publish","format-standard","has-post-thumbnail","hentry","category-appuntamenti","category-ministranti","category-news","tag-gita","tag-ministranti"],"acf":[],"_links":{"self":[{"href":"https:\/\/www.patriarcatovenezia.it\/vocazioni\/wp-json\/wp\/v2\/posts\/938"}],"collection":[{"href":"https:\/\/www.patriarcatovenezia.it\/vocazioni\/wp-json\/wp\/v2\/posts"}],"about":[{"href":"https:\/\/www.patriarcatovenezia.it\/vocazioni\/wp-json\/wp\/v2\/types\/post"}],"author":[{"embeddable":true,"href":"https:\/\/www.patriarcatovenezia.it\/vocazioni\/wp-json\/wp\/v2\/users\/10"}],"replies":[{"embeddable":true,"href":"https:\/\/www.patriarcatovenezia.it\/vocazioni\/wp-json\/wp\/v2\/comments?post=938"}],"version-history":[{"count":7,"href":"https:\/\/www.patriarcatovenezia.it\/vocazioni\/wp-json\/wp\/v2\/posts\/938\/revisions"}],"predecessor-version":[{"id":1014,"href":"https:\/\/www.patriarcatovenezia.it\/vocazioni\/wp-json\/wp\/v2\/posts\/938\/revisions\/1014"}],"wp:featuredmedia":[{"embeddable":true,"href":"https:\/\/www.patriarcatovenezia.it\/vocazioni\/wp-json\/wp\/v2\/media\/955"}],"wp:attachment":[{"href":"https:\/\/www.patriarcatovenezia.it\/vocazioni\/wp-json\/wp\/v2\/media?parent=938"}],"wp:term":[{"taxonomy":"category","embeddable":true,"href":"https:\/\/www.patriarcatovenezia.it\/vocazioni\/wp-json\/wp\/v2\/categories?post=938"},{"taxonomy":"post_tag","embeddable":true,"href":"https:\/\/www.patriarcatovenezia.it\/vocazioni\/wp-json\/wp\/v2\/tags?post=938"}],"curies":[{"name":"wp","href":"https:\/\/api.w.org\/{rel}","templated":true}]}}