{"id":934,"date":"2026-02-01T10:00:27","date_gmt":"2026-02-01T09:00:27","guid":{"rendered":"https:\/\/www.patriarcatovenezia.it\/vocazioni\/?p=934"},"modified":"2026-02-27T10:12:04","modified_gmt":"2026-02-27T09:12:04","slug":"festa-di-carnevale","status":"publish","type":"post","link":"https:\/\/www.patriarcatovenezia.it\/vocazioni\/2026\/02\/01\/festa-di-carnevale\/","title":{"rendered":"Festa di Carnevale"},"content":{"rendered":"<p>Tutti i ministranti della Diocesi sono invitati a partecipare alla festa di carnevale che si svolger\u00e0 in Seminario marted\u00ec 17 febbraio p.v. e che culminer\u00e0, come ogni anno, con la preghiera e l&#8217;adorazione eucaristica presso la Basilica della Madonna della Salute.<\/p>\n<p>Il ritrovo sar\u00e0 alle ore 15 di marted\u00ec 17 febbraio presso il Seminario; portare la veste usata abitualmente per il servizio liturgico e qualcosa da condividere per la merenda.<\/p>\n<p>Buon divertimento a tutti!<\/p>\n","protected":false},"excerpt":{"rendered":"<p>Tutti i ministranti della Diocesi sono invitati a partecipare alla festa di carnevale che si svolger\u00e0 in Seminario marted\u00ec 17 febbraio p.v. e che culminer\u00e0, come ogni anno, con la preghiera e l&#8217;adorazione eucaristica presso la Basilica della Madonna della Salute. Il ritrovo sar\u00e0 alle ore 15 di marted\u00ec 17 febbraio presso il Seminario; portare [&hellip;]<\/p>\n","protected":false},"author":0,"featured_media":935,"comment_status":"closed","ping_status":"closed","sticky":false,"template":"","format":"standard","meta":{"_acf_changed":false,"ip_address":"","user_agent":"","level":"","revision":"","cookie_id":"","page_referer":"","html_form":"","footnotes":""},"categories":[41,1],"tags":[74,56],"class_list":["post-934","post","type-post","status-publish","format-standard","has-post-thumbnail","hentry","category-ministranti","category-news","tag-carnevale","tag-ministranti"],"acf":[],"_links":{"self":[{"href":"https:\/\/www.patriarcatovenezia.it\/vocazioni\/wp-json\/wp\/v2\/posts\/934"}],"collection":[{"href":"https:\/\/www.patriarcatovenezia.it\/vocazioni\/wp-json\/wp\/v2\/posts"}],"about":[{"href":"https:\/\/www.patriarcatovenezia.it\/vocazioni\/wp-json\/wp\/v2\/types\/post"}],"author":[{"embeddable":true,"href":"https:\/\/www.patriarcatovenezia.it\/vocazioni\/wp-json\/wp\/v2\/users\/10"}],"replies":[{"embeddable":true,"href":"https:\/\/www.patriarcatovenezia.it\/vocazioni\/wp-json\/wp\/v2\/comments?post=934"}],"version-history":[{"count":2,"href":"https:\/\/www.patriarcatovenezia.it\/vocazioni\/wp-json\/wp\/v2\/posts\/934\/revisions"}],"predecessor-version":[{"id":937,"href":"https:\/\/www.patriarcatovenezia.it\/vocazioni\/wp-json\/wp\/v2\/posts\/934\/revisions\/937"}],"wp:featuredmedia":[{"embeddable":true,"href":"https:\/\/www.patriarcatovenezia.it\/vocazioni\/wp-json\/wp\/v2\/media\/935"}],"wp:attachment":[{"href":"https:\/\/www.patriarcatovenezia.it\/vocazioni\/wp-json\/wp\/v2\/media?parent=934"}],"wp:term":[{"taxonomy":"category","embeddable":true,"href":"https:\/\/www.patriarcatovenezia.it\/vocazioni\/wp-json\/wp\/v2\/categories?post=934"},{"taxonomy":"post_tag","embeddable":true,"href":"https:\/\/www.patriarcatovenezia.it\/vocazioni\/wp-json\/wp\/v2\/tags?post=934"}],"curies":[{"name":"wp","href":"https:\/\/api.w.org\/{rel}","templated":true}]}}