{"id":798,"date":"2025-03-20T10:40:53","date_gmt":"2025-03-20T09:40:53","guid":{"rendered":"https:\/\/www.patriarcatovenezia.it\/vocazioni\/?p=798"},"modified":"2025-03-20T10:40:53","modified_gmt":"2025-03-20T09:40:53","slug":"messaggio-per-la-62a-gmv","status":"publish","type":"post","link":"https:\/\/www.patriarcatovenezia.it\/vocazioni\/2025\/03\/20\/messaggio-per-la-62a-gmv\/","title":{"rendered":"Messaggio per la 62a GMV"},"content":{"rendered":"<p>Cari fratelli e sorelle!<\/p>\n<p>In questa LXII Giornata Mondiale di Preghiera per le Vocazioni, desidero rivolgervi un invito gioioso e incoraggiante ad essere pellegrini di speranza donando la vita con generosit\u00e0.<\/p>\n<p>La vocazione \u00e8 un dono prezioso che Dio semina nei cuori, una chiamata a uscire da s\u00e9 stessi per intraprendere un cammino di amore e di servizio. Ed ogni vocazione nella Chiesa \u2013 sia essa laicale o al ministero ordinato o alla vita consacrata \u2013 \u00e8 segno della speranza che Dio nutre per il mondo e per ciascuno dei suoi figli.<\/p>\n<p>In questo nostro tempo, molti giovani si sentono smarriti di fronte al futuro. Sperimentano spesso incertezza sulle prospettive lavorative e, pi\u00f9 a fondo, una crisi d\u2019identit\u00e0 che \u00e8 crisi di senso e di valori e che la confusione digitale rende ancora pi\u00f9 difficile da attraversare. Le ingiustizie verso i deboli e i poveri, l\u2019indifferenza di un benessere egoista, la violenza della guerra minacciano i progetti di vita buona che coltivano nell\u2019animo. Eppure il Signore, che conosce il cuore dell\u2019uomo, non abbandona nell\u2019insicurezza, anzi, vuole suscitare in ognuno la consapevolezza di essere amato, chiamato e inviato come pellegrino di speranza.<\/p>\n<p>Per questo, noi membri adulti della Chiesa, specialmente i pastori, siamo sollecitati ad accogliere, discernere e accompagnare il cammino vocazionale delle nuove generazioni. E voi giovani siete chiamati ad esserne protagonisti, o meglio co-protagonisti con lo Spirito Santo, che suscita in voi il desiderio di fare della vita un dono d\u2019amore.<\/p>\n<p>Accogliere il proprio cammino vocazionale<\/p>\n<p>Carissimi giovani, \u00abla vostra vita non \u00e8 un \u201cnel frattempo\u201d. Voi siete l\u2019adesso di Dio\u00bb (Esort. ap. postsin.\u00a0Christus vivit, 178). \u00c8 necessario prendere coscienza che il dono della vita chiede una risposta generosa e fedele. Guardate ai giovani santi e beati che hanno risposto con gioia alla chiamata del Signore: a Santa Rosa di Lima, San Domenico Savio, Santa Teresa di Ges\u00f9 Bambino, San Gabriele dell\u2019Addolorata,\u00a0\u00a0ai Beati \u2013 tra poco Santi \u2013 Carlo Acutis e Pier Giorgio Frassati e a tanti altri. Ciascuno di loro ha vissuto la vocazione come cammino verso la felicit\u00e0 piena, nella relazione con Ges\u00f9 vivo. \u00a0Quando ascoltiamo la sua parola, ci arde il cuore nel petto (cfr\u00a0Lc\u00a024,32) e sentiamo il desiderio di consacrare a Dio la nostra vita! Allora vogliamo scoprire in che modo, in quale forma di vita ricambiare l\u2019amore che Lui per primo ci dona.<\/p>\n<p>Ogni vocazione, percepita nella profondit\u00e0 del cuore, fa germogliare la risposta come spinta interiore all\u2019amore e al servizio, come sorgente di speranza e di carit\u00e0 e non come ricerca di autoaffermazione. Vocazione e speranza, dunque, si intrecciano nel progetto divino per la gioia di ogni uomo e di ogni donna,\u00a0tutti chiamati in prima persona ad offrire la vita per gli altri (cfr Esort. ap.\u00a0Evangelii gaudium, 268). Sono molti i giovani che cercano di conoscere la strada che Dio li chiama a percorrere: alcuni riconoscono \u2013 spesso con stupore \u2013 la vocazione al sacerdozio o alla vita consacrata; altri scoprono la bellezza della chiamata al matrimonio e alla vita familiare, come pure all\u2019impegno per il bene comune e alla testimonianza della fede tra i colleghi e gli amici.<\/p>\n<p>Ogni vocazione \u00e8 animata dalla speranza, che si traduce in fiducia nella Provvidenza. Infatti, per il cristiano, sperare \u00e8 ben pi\u00f9 di un semplice ottimismo umano:\u00a0\u00e8 piuttosto una certezza radicata nella fede in Dio, che opera nella storia di ogni persona. E cos\u00ec la vocazione matura attraverso l\u2019impegno quotidiano di fedelt\u00e0 al Vangelo, nella preghiera, nel discernimento, nel servizio.<\/p>\n<p>Cari giovani, la speranza in Dio non delude, perch\u00e9 Egli guida ogni passo di chi si affida a Lui. Il mondo ha bisogno di giovani che siano pellegrini di speranza, coraggiosi nel dedicare la propria vita a Cristo, \u00a0pieni di gioia per il fatto stesso di essere suoi discepoli-missionari.<\/p>\n<p>Discernere il proprio cammino vocazionale<\/p>\n<p>La scoperta della propria vocazione avviene attraverso un cammino di discernimento. Questo percorso non \u00e8 mai solitario, ma si sviluppa all\u2019interno della comunit\u00e0 cristiana e insieme ad essa.<\/p>\n<p>Cari giovani, il mondo vi spinge a fare scelte affrettate, a riempire le giornate di rumore, impedendovi di sperimentare un silenzio aperto a Dio, che parla al cuore. Abbiate il coraggio di fermarvi, di ascoltare dentro voi stessi e di chiedere a Dio cosa sogna per voi. Il silenzio della preghiera \u00e8 indispensabile per \u201cleggere\u201d la chiamata di Dio nella propria storia e per dare una risposta libera e consapevole.<\/p>\n<p>Il raccoglimento permette di comprendere che tutti possiamo essere pellegrini di speranza se facciamo della nostra vita un dono, specialmente al servizio di coloro che abitano le periferie materiali ed esistenziali del mondo. Chi si mette in ascolto di Dio che chiama non pu\u00f2 ignorare il grido di tanti fratelli e sorelle che si sentono esclusi, feriti, abbandonati. Ogni vocazione apre alla missione di essere presenza di Cristo l\u00e0 dove pi\u00f9 c\u2019\u00e8 bisogno di luce e consolazione. In particolare, i fedeli laici sono chiamati ad essere \u201csale, luce e lievito\u201d del Regno di Dio attraverso l\u2019impegno sociale e professionale.<\/p>\n<p>Accompagnare il cammino vocazionale<\/p>\n<p>In tale orizzonte, gli operatori pastorali e vocazionali, soprattutto gli accompagnatori spirituali, non abbiano paura di accompagnare i giovani con la speranzosa e paziente fiducia della pedagogia divina. Si tratta di essere per loro persone capaci di ascolto e di accoglienza rispettosa; persone di cui possano fidarsi, guide sagge, pronte ad aiutarli e attente a riconoscere i segni di Dio nel loro cammino.<\/p>\n<p>Esorto pertanto a promuovere la cura della vocazione cristiana nei diversi ambiti della vita e dell\u2019attivit\u00e0 umana, favorendo l\u2019apertura spirituale di ciascuno alla voce di Dio. A questo scopo \u00e8 importante che gli itinerari educativi e pastorali prevedano spazi adeguati di accompagnamento delle vocazioni.<\/p>\n<p>La Chiesa ha bisogno di pastori, religiosi, missionari, coniugi che sappiano dire \u201cs\u00ec\u201d al Signore con fiducia e speranza. La vocazione non \u00e8 mai un tesoro che resta chiuso nel cuore, ma cresce e si rafforza nella comunit\u00e0 che crede, ama e spera. E poich\u00e9 nessuno pu\u00f2 rispondere da solo alla chiamata di Dio, tutti abbiamo necessit\u00e0 della preghiera e del sostegno dei fratelli e delle sorelle.<\/p>\n<p>Carissimi, la Chiesa \u00e8 viva e feconda quando genera nuove vocazioni. E il mondo cerca, spesso inconsapevolmente, testimoni di speranza, che annuncino con la loro vita che seguire Cristo \u00e8 fonte di gioia. Non stanchiamoci dunque di chiedere al Signore nuovi operai per la sua messe, certi che Lui continua a chiamare con amore. Cari giovani, affido la vostra sequela del Signore all\u2019intercessione di Maria, Madre della Chiesa e delle vocazioni. Camminate sempre come pellegrini di speranza sulla via del Vangelo! Vi accompagno con la mia benedizione, e vi chiedo per favore di pregare per me.<\/p>\n<p>Roma, Policlinico Gemelli, 19 marzo 2025.<\/p>\n<p>FRANCESCO<\/p>\n","protected":false},"excerpt":{"rendered":"<p>Cari fratelli e sorelle! In questa LXII Giornata Mondiale di Preghiera per le Vocazioni, desidero rivolgervi un invito gioioso e incoraggiante ad essere pellegrini di speranza donando la vita con generosit\u00e0. La vocazione \u00e8 un dono prezioso che Dio semina nei cuori, una chiamata a uscire da s\u00e9 stessi per intraprendere un cammino di amore [&hellip;]<\/p>\n","protected":false},"author":0,"featured_media":799,"comment_status":"closed","ping_status":"closed","sticky":false,"template":"","format":"standard","meta":{"_acf_changed":false,"ip_address":"","user_agent":"","level":"","revision":"","cookie_id":"","page_referer":"","html_form":"","footnotes":""},"categories":[1,87],"tags":[60,95,59],"class_list":["post-798","post","type-post","status-publish","format-standard","has-post-thumbnail","hentry","category-news","category-vocazioni","tag-gmv","tag-messaggio","tag-vocazioni"],"acf":[],"_links":{"self":[{"href":"https:\/\/www.patriarcatovenezia.it\/vocazioni\/wp-json\/wp\/v2\/posts\/798"}],"collection":[{"href":"https:\/\/www.patriarcatovenezia.it\/vocazioni\/wp-json\/wp\/v2\/posts"}],"about":[{"href":"https:\/\/www.patriarcatovenezia.it\/vocazioni\/wp-json\/wp\/v2\/types\/post"}],"author":[{"embeddable":true,"href":"https:\/\/www.patriarcatovenezia.it\/vocazioni\/wp-json\/wp\/v2\/users\/10"}],"replies":[{"embeddable":true,"href":"https:\/\/www.patriarcatovenezia.it\/vocazioni\/wp-json\/wp\/v2\/comments?post=798"}],"version-history":[{"count":2,"href":"https:\/\/www.patriarcatovenezia.it\/vocazioni\/wp-json\/wp\/v2\/posts\/798\/revisions"}],"predecessor-version":[{"id":801,"href":"https:\/\/www.patriarcatovenezia.it\/vocazioni\/wp-json\/wp\/v2\/posts\/798\/revisions\/801"}],"wp:featuredmedia":[{"embeddable":true,"href":"https:\/\/www.patriarcatovenezia.it\/vocazioni\/wp-json\/wp\/v2\/media\/799"}],"wp:attachment":[{"href":"https:\/\/www.patriarcatovenezia.it\/vocazioni\/wp-json\/wp\/v2\/media?parent=798"}],"wp:term":[{"taxonomy":"category","embeddable":true,"href":"https:\/\/www.patriarcatovenezia.it\/vocazioni\/wp-json\/wp\/v2\/categories?post=798"},{"taxonomy":"post_tag","embeddable":true,"href":"https:\/\/www.patriarcatovenezia.it\/vocazioni\/wp-json\/wp\/v2\/tags?post=798"}],"curies":[{"name":"wp","href":"https:\/\/api.w.org\/{rel}","templated":true}]}}