{"id":527,"date":"2023-04-20T12:15:17","date_gmt":"2023-04-20T10:15:17","guid":{"rendered":"https:\/\/venezia.webdiocesi.it\/vocazioni\/?p=527"},"modified":"2023-09-07T08:55:27","modified_gmt":"2023-09-07T06:55:27","slug":"gmpv-2023","status":"publish","type":"post","link":"https:\/\/www.patriarcatovenezia.it\/vocazioni\/2023\/04\/20\/gmpv-2023\/","title":{"rendered":"GIORNATA MONDIALE DI PREGHIERA PER LE VOCAZIONI 30 APRILE 2023"},"content":{"rendered":"<hr \/>\n<p>La 60a Giornata Mondiale di Preghiera per le Vocazioni si celebra il 30 aprile 2023, IV domenica di Pasqua.<\/p>\n<p>La Giornata mondiale di preghiera \u00e8 &#8220;un\u2019occasione preziosa per riscoprire con stupore che la chiamata del Signore \u00e8 grazia, \u00e8 dono gratuito, e nello stesso tempo \u00e8 impegno ad andare, a uscire per portare il Vangelo. Siamo chiamati alla fede testimoniale, che stringe fortemente il legame tra la vita della grazia, attraverso i Sacramenti e la comunione ecclesiale, e l\u2019apostolato nel mondo. Animato dallo Spirito, il cristiano si lascia interpellare dalle periferie esistenziali ed \u00e8 sensibile ai drammi umani, avendo sempre ben presente che la missione \u00e8 opera di Dio e non si realizza da soli, ma nella comunione ecclesiale, insieme ai fratelli e alle sorelle, guidati dai Pastori. Perch\u00e9 questo \u00e8 da sempre e per sempre il sogno di Dio: che viviamo con Lui in \u00a0comunione d\u2019amore&#8221;. (Francesco,\u00a0<i>Messaggio per la 60<sup>a<\/sup>\u00a0Giornata Mondiale di Preghiera per le Vocazioni<\/i>, Roma 30 aprile 2023).<\/p>\n<p>Mettiamo a disposizione delle parrocchie e di tutte le realt\u00e0 ecclesiali della Diocesi alcune proposte di preghiera:<\/p>\n<ul>\n<li><a href=\"https:\/\/venezia.webdiocesi.it\/vocazioni\/wp-content\/uploads\/sites\/11\/2023\/04\/Giornata-vocazioni-2023.pdf\">Locandina proposta 1<\/a><\/li>\n<li><a href=\"https:\/\/venezia.webdiocesi.it\/vocazioni\/wp-content\/uploads\/sites\/11\/2023\/04\/Giornata-vocazioni-2023.png\" data-rel=\"lightbox-image-0\" data-rl_title=\"\" data-rl_caption=\"\" title=\"\">Locandina proposta 2<\/a><\/li>\n<li><a href=\"https:\/\/venezia.webdiocesi.it\/vocazioni\/wp-content\/uploads\/sites\/11\/2023\/04\/Preghiere-dei-Fedeli-giornata-mondiale-vocazioni-2023.pdf\">Proposta pregherei dei fedeli<\/a><\/li>\n<li><a href=\"https:\/\/venezia.webdiocesi.it\/vocazioni\/wp-content\/uploads\/sites\/11\/2023\/04\/Sussidio-Adorazione-maggio-2023.pdf\">Proposta Adorazione Eucaristica<\/a><\/li>\n<li><a href=\"https:\/\/venezia.webdiocesi.it\/vocazioni\/wp-content\/uploads\/sites\/11\/2023\/04\/Rosario-per-le-vocazioni-2023.pdf\">Proposta preghiera del Rosario<\/a><\/li>\n<li><a href=\"https:\/\/www.vatican.va\/content\/francesco\/it\/messages\/vocations\/documents\/20230430-messaggio-60-gm-vocazioni.html\">Messaggio del Santo Padre Francesco<\/a><\/li>\n<\/ul>\n<p>Nella pagina internet dell&#8217;<a href=\"https:\/\/vocazioni.chiesacattolica.it\/60ma-giornata-mondiale-di-preghiera-per-le-vocazioni\/\">ufficio nazionale della CEI per la pastorale vocazionale<\/a>\u00a0 \u00e8 possibile trovare altro materiale per l&#8217;animazione e la catechesi.<\/p>\n","protected":false},"excerpt":{"rendered":"<p>La 60a Giornata Mondiale di Preghiera per le Vocazioni si celebra il 30 aprile 2023, IV domenica di Pasqua. La Giornata mondiale di preghiera \u00e8 &#8220;un\u2019occasione preziosa per riscoprire con stupore che la chiamata del Signore \u00e8 grazia, \u00e8 dono gratuito, e nello stesso tempo \u00e8 impegno ad andare, a uscire per portare il Vangelo. [&hellip;]<\/p>\n","protected":false},"author":0,"featured_media":533,"comment_status":"closed","ping_status":"closed","sticky":false,"template":"","format":"standard","meta":{"_acf_changed":false,"ip_address":"","user_agent":"","level":"","revision":"","cookie_id":"","page_referer":"","html_form":"","footnotes":""},"categories":[6,43,87],"tags":[79,78,35,59],"class_list":["post-527","post","type-post","status-publish","format-standard","has-post-thumbnail","hentry","category-appuntamenti","category-giornata-mondiale-vocazioni","category-vocazioni","tag-79","tag-gmpv","tag-preghiera","tag-vocazioni"],"acf":[],"_links":{"self":[{"href":"https:\/\/www.patriarcatovenezia.it\/vocazioni\/wp-json\/wp\/v2\/posts\/527"}],"collection":[{"href":"https:\/\/www.patriarcatovenezia.it\/vocazioni\/wp-json\/wp\/v2\/posts"}],"about":[{"href":"https:\/\/www.patriarcatovenezia.it\/vocazioni\/wp-json\/wp\/v2\/types\/post"}],"author":[{"embeddable":true,"href":"https:\/\/www.patriarcatovenezia.it\/vocazioni\/wp-json\/wp\/v2\/users\/10"}],"replies":[{"embeddable":true,"href":"https:\/\/www.patriarcatovenezia.it\/vocazioni\/wp-json\/wp\/v2\/comments?post=527"}],"version-history":[{"count":12,"href":"https:\/\/www.patriarcatovenezia.it\/vocazioni\/wp-json\/wp\/v2\/posts\/527\/revisions"}],"predecessor-version":[{"id":547,"href":"https:\/\/www.patriarcatovenezia.it\/vocazioni\/wp-json\/wp\/v2\/posts\/527\/revisions\/547"}],"wp:featuredmedia":[{"embeddable":true,"href":"https:\/\/www.patriarcatovenezia.it\/vocazioni\/wp-json\/wp\/v2\/media\/533"}],"wp:attachment":[{"href":"https:\/\/www.patriarcatovenezia.it\/vocazioni\/wp-json\/wp\/v2\/media?parent=527"}],"wp:term":[{"taxonomy":"category","embeddable":true,"href":"https:\/\/www.patriarcatovenezia.it\/vocazioni\/wp-json\/wp\/v2\/categories?post=527"},{"taxonomy":"post_tag","embeddable":true,"href":"https:\/\/www.patriarcatovenezia.it\/vocazioni\/wp-json\/wp\/v2\/tags?post=527"}],"curies":[{"name":"wp","href":"https:\/\/api.w.org\/{rel}","templated":true}]}}