{"id":521,"date":"2023-04-07T08:45:07","date_gmt":"2023-04-07T06:45:07","guid":{"rendered":"https:\/\/venezia.webdiocesi.it\/vocazioni\/?p=521"},"modified":"2023-04-11T08:50:08","modified_gmt":"2023-04-11T06:50:08","slug":"don-lorenzo-manzoni-e-don-matteo-gabrieli-saranno-ordinati-sacerdoti-sabato-24-giugno-in-san-marco","status":"publish","type":"post","link":"https:\/\/www.patriarcatovenezia.it\/vocazioni\/2023\/04\/07\/don-lorenzo-manzoni-e-don-matteo-gabrieli-saranno-ordinati-sacerdoti-sabato-24-giugno-in-san-marco\/","title":{"rendered":"Don Lorenzo Manzoni e don Matteo Gabrieli saranno ordinati sacerdoti sabato 24 giugno in San Marco"},"content":{"rendered":"<p>\u00abCon vera gioia annuncio che, sentiti i formatori del Seminario, don Lorenzo Manzoni e don Matteo Gabrieli saranno ordinati presbiteri sabato 24 giugno, alle ore 10, in San Marco. Tutti siamo invitati\u00bb.<\/p>\n<p>\u00c8 l\u2019annuncio del Patriarca, che durante la Messa del Crisma d\u00e0 la notizia della prossima ordinazione sacerdotale dei due giovani.<\/p>\n<p>Don Matteo Gabrieli ha 34 anni, \u00e8 nato a Padova da famiglia veneziana e fino ai 10 anni ha vissuto a Scorz\u00e8 prima di trasferirsi alla Giudecca dove ha abitato per una decina d\u2019anni.<\/p>\n<p>Aveva frequentato il Seminario minore, medie e liceo classico, ma prima di iniziare il percorso di Teologia si \u00e8 tuffato per qualche anno in un\u2019esperienza lavorativa da cameriere (al Gritti di Venezia). Da seminarista don Matteo ha prestato servizio al Lido di Venezia (S. Ignazio, Malamocco e comunit\u00e0 pastorale), poi \u00e8 passato nelle parrocchie veneziane di S. Nicol\u00f2 dei Mendicoli e dell\u2019Angelo Raffaele, a Dorsoduro. Ma \u00e8 stato anche a Caorle, Jesolo Lido, Gambarare, Mira e da pochi giorni a S. Pietro di Favaro.<\/p>\n<p>Don Lorenzo Manzoni \u00e8 nato a Padova 26 anni fa e l\u00ec ha vissuto per i primi otto anni finch\u00e9 la sua famiglia, veneziana d\u2019origine, non \u00e8 tornata in Diocesi e si \u00e8 stabilita (dal 2004) nella parrocchia mestrina di S. Maria di Lourdes.<\/p>\n<p>Da ragazzo \u00e8 stato molto attivo sia a scuola, impegnato nella rappresentanza degli studenti al liceo classico Franchetti, sia negli scout laici (Cngei); ha quindi conosciuto e frequentato le proposte diocesane di orientamento vocazionale ed \u00e8 entrato in Seminario, raggiunto il diploma, a 19 anni. Da seminarista \u00e8 stato per un breve periodo nella sua parrocchia d\u2019origine, poi a S. Maria Ausiliatrice (Gazzera) e per un\u2019estate a S. Stefano di Caorle; per due anni \u00e8 rimasto in Seminario a seguire le esperienze di pastorale vocazionale, \u00e8 passato quindi a S. Maria Elisabetta del Lido e infine, da poco, \u00e8 stato assegnato alla parrocchia di S. Giovanni Battista di Jesolo.<\/p>\n<p>[Tratto da\u00a0<a href=\"https:\/\/www.genteveneta.it\/diocesi\/don-lorenzo-manzoni-e-don-matteo-gabrieli-saranno-ordinati-sacerdoti-sabato-24-giugno-in-san-marco\/\" target=\"_blank\" rel=\"noopener\">GENTE VENETA<\/a> del\u00a06 APRILE 2023]<\/p>\n","protected":false},"excerpt":{"rendered":"<p>\u00abCon vera gioia annuncio che, sentiti i formatori del Seminario, don Lorenzo Manzoni e don Matteo Gabrieli saranno ordinati presbiteri sabato 24 giugno, alle ore 10, in San Marco. Tutti siamo invitati\u00bb. \u00c8 l\u2019annuncio del Patriarca, che durante la Messa del Crisma d\u00e0 la notizia della prossima ordinazione sacerdotale dei due giovani. Don Matteo Gabrieli [&hellip;]<\/p>\n","protected":false},"author":0,"featured_media":522,"comment_status":"closed","ping_status":"closed","sticky":false,"template":"","format":"standard","meta":{"_acf_changed":false,"ip_address":"","user_agent":"","level":"","revision":"","cookie_id":"","page_referer":"","html_form":"","footnotes":""},"categories":[6,1],"tags":[77,65,59],"class_list":["post-521","post","type-post","status-publish","format-standard","has-post-thumbnail","hentry","category-appuntamenti","category-news","tag-ordinazioni","tag-sacerdoti","tag-vocazioni"],"acf":[],"_links":{"self":[{"href":"https:\/\/www.patriarcatovenezia.it\/vocazioni\/wp-json\/wp\/v2\/posts\/521"}],"collection":[{"href":"https:\/\/www.patriarcatovenezia.it\/vocazioni\/wp-json\/wp\/v2\/posts"}],"about":[{"href":"https:\/\/www.patriarcatovenezia.it\/vocazioni\/wp-json\/wp\/v2\/types\/post"}],"author":[{"embeddable":true,"href":"https:\/\/www.patriarcatovenezia.it\/vocazioni\/wp-json\/wp\/v2\/users\/10"}],"replies":[{"embeddable":true,"href":"https:\/\/www.patriarcatovenezia.it\/vocazioni\/wp-json\/wp\/v2\/comments?post=521"}],"version-history":[{"count":3,"href":"https:\/\/www.patriarcatovenezia.it\/vocazioni\/wp-json\/wp\/v2\/posts\/521\/revisions"}],"predecessor-version":[{"id":525,"href":"https:\/\/www.patriarcatovenezia.it\/vocazioni\/wp-json\/wp\/v2\/posts\/521\/revisions\/525"}],"wp:featuredmedia":[{"embeddable":true,"href":"https:\/\/www.patriarcatovenezia.it\/vocazioni\/wp-json\/wp\/v2\/media\/522"}],"wp:attachment":[{"href":"https:\/\/www.patriarcatovenezia.it\/vocazioni\/wp-json\/wp\/v2\/media?parent=521"}],"wp:term":[{"taxonomy":"category","embeddable":true,"href":"https:\/\/www.patriarcatovenezia.it\/vocazioni\/wp-json\/wp\/v2\/categories?post=521"},{"taxonomy":"post_tag","embeddable":true,"href":"https:\/\/www.patriarcatovenezia.it\/vocazioni\/wp-json\/wp\/v2\/tags?post=521"}],"curies":[{"name":"wp","href":"https:\/\/api.w.org\/{rel}","templated":true}]}}