{"id":454,"date":"2022-05-06T12:38:59","date_gmt":"2022-05-06T10:38:59","guid":{"rendered":"https:\/\/venezia.webdiocesi.it\/vocazioni\/?p=454"},"modified":"2022-05-06T12:47:40","modified_gmt":"2022-05-06T10:47:40","slug":"giornata-del-seminario","status":"publish","type":"post","link":"https:\/\/www.patriarcatovenezia.it\/vocazioni\/2022\/05\/06\/giornata-del-seminario\/","title":{"rendered":"Giornata del Seminario (15 maggio)"},"content":{"rendered":"<p style=\"text-align: left\">Carissimi,<\/p>\n<p style=\"text-align: left\"><strong>domenica 15 maggio<\/strong> nella nostra Diocesi la giornata di preghiera, conoscenza e sostegno del <strong>Seminario Diocesano.<\/strong><\/p>\n<p style=\"text-align: left\">Attualmente la comunit\u00e0 del Seminario \u00e8 costituita da nove giovani in cammino di formazione verso il sacerdozio (4 nella comunit\u00e0 vocazionale e 5 nella comunit\u00e0 di teologia, tra i quali anche don Bugumi\u0142 Wasiewicz che sar\u00e0 ordinato sacerdote il prossimo 18 giugno in Cattedrale. L\u2019equipe formativa \u00e8 costituita da me, don Fabrizio, da don Marco Zane che accompagna in modo particolare la comunit\u00e0 vocazionale, la comunit\u00e0 ragazzi (medie) \u201cEmmaus\u201d e la comunit\u00e0 giovanile (superiori) \u201csan Giovanni\u201d e da don Enzo Piasentin che svolge il servizio di padre spirituale.<\/p>\n<p style=\"text-align: left\">La Giornata per il Seminario vanta nella nostra Chiesa diocesana una lunga tradizione essendo stata fortemente voluta dal Patriarca La Fontaine ormai un secolo fa. Il primo impegno deve essere quello della <strong>preghiera<\/strong> e dell\u2019<strong>annuncio <\/strong>della vita come vocazione. In questa domenica, e nei giorni precedenti e successivi, preghiamo e invitiamo a pregare per i seminaristi e i loro educatori. Preghiamo anche per quei ragazzi e giovani che vivono il desiderio di consacrare la loro vita al Signore e che stanno verificando la possibilit\u00e0 di intraprendere il cammino del Seminario.<\/p>\n<p style=\"text-align: left\">In questi mesi abbiamo visto riprendere la bella consuetudine di molti gruppi parrocchiali che chiedono di visitare il Seminario, vivere una giornata di uscita comunitaria o di ritiro spirituale e conoscere personalmente i seminaristi. Nelle domeniche dell\u2019anno liturgico abbiamo anche visitato molte comunit\u00e0 parrocchiali celebrando l\u2019Eucaristia e offrendo una piccola testimonianza. Non mancano le opportunit\u00e0 per far conoscere il Seminario ma soprattutto per risvegliare i frutti che la fede cristiana fa crescere nella vita delle persone.<\/p>\n<p style=\"text-align: left\">Tradizionalmente la Giornata annuale \u00e8 anche l\u2019occasione per il <strong>sostegno economico<\/strong> al Seminario attraverso la raccolta domenicale e qualche iniziativa straordinaria. \u00c8 un gesto semplice che rende concreto l\u2019affetto e il sostegno!<\/p>\n<p style=\"text-align: left\">\u00c8 bello condividere anche due prossimi appuntamenti del Seminario: il rito di istituzione di Giacomo Ridolfi come Accolito e di Rafael Arias Mejia come Lettore; inoltre, il prossimo <strong>18 giugno, alle ore 10.00, in Basilica Cattedrale<\/strong>, avremo la gioia di partecipare <strong>all\u2019ordinazione presbiterale di don Bogumi\u0142 Wasiewicz<\/strong> che nei prossimi giorni rientrer\u00e0 in Italia dove aver trascorso quattro mesi nella missione di Ol Moran.<\/p>\n<p style=\"text-align: left\">Inviamo a tutte le parrocchie la locandina da esporre in chiesa e nei locali parrocchiali e qualche materiale per l\u2019animazione e la preparazione della giornata. Consultando pagina internet <a href=\"http:\/\/www.seminariovenezia.it\">www.seminariovenezia.it<\/a>\/giornatadelseminario \u00e8 possibile scaricare anche altro materiale, tra cui una proposta di Ora di Adorazione Eucaristica e alcuni suggerimenti per la s. Messa.<\/p>\n<p style=\"text-align: left\">Sostenendoci reciprocamente nella fede, vi saluto con gratitudine,<\/p>\n<p>&nbsp;<\/p>\n<p><em>don Fabrizio Favaro<\/em><\/p>\n<hr \/>\n<p><strong>MATERIALE<\/strong><\/p>\n<ul>\n<li><a href=\"https:\/\/venezia.webdiocesi.it\/vocazioni\/wp-content\/uploads\/sites\/11\/2022\/05\/lettera-parroci-giornata-seminario-2022.docx\"><strong>lettera parroci<\/strong><\/a><\/li>\n<li><strong><a href=\"https:\/\/venezia.webdiocesi.it\/vocazioni\/wp-content\/uploads\/sites\/11\/2022\/05\/lettera-parroci-giornata-seminario-2022.docx\">giornata seminario 2022<\/a><\/strong><\/li>\n<li><strong><a href=\"https:\/\/venezia.webdiocesi.it\/vocazioni\/wp-content\/uploads\/sites\/11\/2022\/05\/locandina-giornata-seminario-2022.pdf\">locandina giornata seminario 2022<\/a><\/strong><\/li>\n<li><strong><a href=\"https:\/\/venezia.webdiocesi.it\/vocazioni\/wp-content\/uploads\/sites\/11\/2022\/05\/locandina-giornata-seminario-2022_orizzontale.pdf\">locandina giornata seminario 2022_orizzontale<\/a><\/strong><\/li>\n<li><strong><a href=\"https:\/\/venezia.webdiocesi.it\/vocazioni\/wp-content\/uploads\/sites\/11\/2022\/05\/Messaggio-del-Patriarca-x-Giornata-Seminario-2022.docx\">Messaggio del Patriarca x Giornata Seminario 2022<\/a><\/strong><\/li>\n<li><strong><a href=\"https:\/\/venezia.webdiocesi.it\/vocazioni\/wp-content\/uploads\/sites\/11\/2022\/05\/preghiera-per-il-seminario-2022.docx\">preghiera per il seminario 2022<\/a><\/strong><\/li>\n<li><strong><a href=\"https:\/\/venezia.webdiocesi.it\/vocazioni\/wp-content\/uploads\/sites\/11\/2022\/05\/preghiera-per-il-seminario-2022.pdf\">preghiera per il seminario 2022<\/a><\/strong><\/li>\n<li><strong><a href=\"https:\/\/venezia.webdiocesi.it\/vocazioni\/wp-content\/uploads\/sites\/11\/2022\/05\/proposta-adorazione-eucaristica.docx\">proposta adorazione eucaristica<\/a><\/strong><\/li>\n<li><strong><a href=\"https:\/\/venezia.webdiocesi.it\/vocazioni\/wp-content\/uploads\/sites\/11\/2022\/05\/proposte-per-la-santa-messa-2022.docx\">proposte per la santa messa 2022<\/a><\/strong><\/li>\n<\/ul>\n","protected":false},"excerpt":{"rendered":"<p>Carissimi, domenica 15 maggio nella nostra Diocesi la giornata di preghiera, conoscenza e sostegno del Seminario Diocesano. Attualmente la comunit\u00e0 del Seminario \u00e8 costituita da nove giovani in cammino di formazione verso il sacerdozio (4 nella comunit\u00e0 vocazionale e 5 nella comunit\u00e0 di teologia, tra i quali anche don Bugumi\u0142 Wasiewicz che sar\u00e0 ordinato sacerdote [&hellip;]<\/p>\n","protected":false},"author":0,"featured_media":463,"comment_status":"closed","ping_status":"closed","sticky":false,"template":"","format":"standard","meta":{"_acf_changed":false,"ip_address":"","user_agent":"","level":"","revision":"","cookie_id":"","page_referer":"","html_form":"","footnotes":""},"categories":[6,42],"tags":[21,65,61,62,64],"class_list":["post-454","post","type-post","status-publish","format-standard","has-post-thumbnail","hentry","category-appuntamenti","category-giornata-seminario","tag-giornata","tag-sacerdoti","tag-seminario","tag-seminaristi","tag-venezia"],"acf":[],"_links":{"self":[{"href":"https:\/\/www.patriarcatovenezia.it\/vocazioni\/wp-json\/wp\/v2\/posts\/454"}],"collection":[{"href":"https:\/\/www.patriarcatovenezia.it\/vocazioni\/wp-json\/wp\/v2\/posts"}],"about":[{"href":"https:\/\/www.patriarcatovenezia.it\/vocazioni\/wp-json\/wp\/v2\/types\/post"}],"author":[{"embeddable":true,"href":"https:\/\/www.patriarcatovenezia.it\/vocazioni\/wp-json\/wp\/v2\/users\/10"}],"replies":[{"embeddable":true,"href":"https:\/\/www.patriarcatovenezia.it\/vocazioni\/wp-json\/wp\/v2\/comments?post=454"}],"version-history":[{"count":2,"href":"https:\/\/www.patriarcatovenezia.it\/vocazioni\/wp-json\/wp\/v2\/posts\/454\/revisions"}],"predecessor-version":[{"id":469,"href":"https:\/\/www.patriarcatovenezia.it\/vocazioni\/wp-json\/wp\/v2\/posts\/454\/revisions\/469"}],"wp:featuredmedia":[{"embeddable":true,"href":"https:\/\/www.patriarcatovenezia.it\/vocazioni\/wp-json\/wp\/v2\/media\/463"}],"wp:attachment":[{"href":"https:\/\/www.patriarcatovenezia.it\/vocazioni\/wp-json\/wp\/v2\/media?parent=454"}],"wp:term":[{"taxonomy":"category","embeddable":true,"href":"https:\/\/www.patriarcatovenezia.it\/vocazioni\/wp-json\/wp\/v2\/categories?post=454"},{"taxonomy":"post_tag","embeddable":true,"href":"https:\/\/www.patriarcatovenezia.it\/vocazioni\/wp-json\/wp\/v2\/tags?post=454"}],"curies":[{"name":"wp","href":"https:\/\/api.w.org\/{rel}","templated":true}]}}