{"id":444,"date":"2022-04-27T12:06:38","date_gmt":"2022-04-27T10:06:38","guid":{"rendered":"https:\/\/venezia.webdiocesi.it\/vocazioni\/?p=444"},"modified":"2023-09-07T08:57:00","modified_gmt":"2023-09-07T06:57:00","slug":"giornata-mondiale-vocazioni-2022","status":"publish","type":"post","link":"https:\/\/www.patriarcatovenezia.it\/vocazioni\/2022\/04\/27\/giornata-mondiale-vocazioni-2022\/","title":{"rendered":"Giornata Mondiale Vocazioni 2022 (8 maggio)"},"content":{"rendered":"<p>Nella quarta domenica di Pasqua, il prossimo 8 maggio, la Chiesa ci invita ad unirci in comunione spirituale nella preghiera per le vocazioni di speciale consacrazione.<\/p>\n<p>Il tema scelto quest\u2019anno dalla Conferenza Episcopale Italiana \u00e8 \u00abFare la storia\u00bb, ed \u00e8 tratto dal numero 116 dell\u2019Enciclica \u201cFratelli tutti\u201d di Papa Francesco. La declinazione a cui guarda quest\u2019anno l\u2019Ufficio Nazionale per la Pastorale Vocazionale \u00e8 un\u2019apertura spirituale nella carit\u00e0 capace di incidere nella vita degli uomini e delle donne del nostro tempo portando solidariet\u00e0, consolazione, amore, speranza.<\/p>\n<p>Gi\u00e0 in \u201cChristut Vivit\u201d, il Santo Padre esortava i giovani a non rinunciare: \u00abal meglio della vostra giovinezza, non osservate la vita dal balcone. Non confondete la felicit\u00e0 con un divano e non passate tutta la vostra vita davanti a uno schermo. Non riducetevi nemmeno al triste spettacolo di un veicolo abbandonato. Non siate auto parcheggiate, lasciate piuttosto sbocciare i sogni e prendete decisioni. Rischiate, anche se sbaglierete. Non sopravvivete con l\u2019anima anestetizzata e non guardate il mondo come se foste turisti. Fatevi sentire! Scacciate le paure che vi paralizzano, per non diventare giovani mummificati. Vivete! Datevi al meglio della vita! Aprite le porte della gabbia e volate via! Per favore, non andate in pensione prima del tempo\u00bb (ChV, 143).<\/p>\n<p>Sosteniamo, dunque, i nostri ragazzi e le nostre ragazze con la preghiera perch\u00e9 possano scoprire la forza rivoluzionaria della vita spesa per la messe del Signore, all\u2019insegna della donazione e dell\u2019amore perch\u00e9 \u00abla solidariet\u00e0, intesa nel suo senso pi\u00f9 profondo, \u00e8 un modo di fare la storia\u00bb (FT 116).<\/p>\n<p>&nbsp;<\/p>\n<p><em>don Marco Zane<\/em><\/p>\n<p>&nbsp;<\/p>\n<hr \/>\n<p>MATERIALE:<\/p>\n<ul>\n<li><strong><a href=\"https:\/\/venezia.webdiocesi.it\/vocazioni\/wp-content\/uploads\/sites\/11\/2022\/04\/lettera_spunto-per-fogli-parrocchiali-2022.doc\">lettera_spunto per fogli parrocchiali 2022<\/a><\/strong><\/li>\n<li><strong><a href=\"https:\/\/venezia.webdiocesi.it\/vocazioni\/wp-content\/uploads\/sites\/11\/2022\/04\/Manifesto-Fare-la-storia-GMPV-2022.pdf\">Manifesto Fare la storia GMPV 2022<\/a><\/strong><\/li>\n<li><strong><a href=\"https:\/\/venezia.webdiocesi.it\/vocazioni\/wp-content\/uploads\/sites\/11\/2022\/04\/Preghiere-dei-Fedeli-giornata-mondiale-vocazioni-2022-1.pdf\">Preghiere dei Fedeli giornata mondiale vocazioni 2022 (1)<\/a><\/strong><\/li>\n<li><strong><a href=\"https:\/\/venezia.webdiocesi.it\/vocazioni\/wp-content\/uploads\/sites\/11\/2022\/04\/Proposta-di-Schema-di-Adorazione-per-le-Vocazioni.docx\">Proposta di Schema di Adorazione per le Vocazioni<\/a><\/strong><\/li>\n<li><strong><a href=\"https:\/\/venezia.webdiocesi.it\/vocazioni\/wp-content\/uploads\/sites\/11\/2022\/04\/Rosario-per-le-vocazioni.pdf\">Rosario per le vocazioni<\/a><\/strong><\/li>\n<li><strong><a href=\"https:\/\/venezia.webdiocesi.it\/vocazioni\/wp-content\/uploads\/sites\/11\/2022\/04\/Messaggio-giornata-59-Vocazioni.docx\">Messaggio giornata 59 Vocazioni<\/a><\/strong><\/li>\n<\/ul>\n","protected":false},"excerpt":{"rendered":"<p>Nella quarta domenica di Pasqua, il prossimo 8 maggio, la Chiesa ci invita ad unirci in comunione spirituale nella preghiera per le vocazioni di speciale consacrazione. Il tema scelto quest\u2019anno dalla Conferenza Episcopale Italiana \u00e8 \u00abFare la storia\u00bb, ed \u00e8 tratto dal numero 116 dell\u2019Enciclica \u201cFratelli tutti\u201d di Papa Francesco. La declinazione a cui guarda [&hellip;]<\/p>\n","protected":false},"author":0,"featured_media":445,"comment_status":"closed","ping_status":"closed","sticky":false,"template":"","format":"standard","meta":{"_acf_changed":false,"ip_address":"","user_agent":"","level":"","revision":"","cookie_id":"","page_referer":"","html_form":"","footnotes":""},"categories":[6,43,1,87],"tags":[48,21,60,22,59],"class_list":["post-444","post","type-post","status-publish","format-standard","has-post-thumbnail","hentry","category-appuntamenti","category-giornata-mondiale-vocazioni","category-news","category-vocazioni","tag-48","tag-giornata","tag-gmv","tag-mondiale","tag-vocazioni"],"acf":[],"_links":{"self":[{"href":"https:\/\/www.patriarcatovenezia.it\/vocazioni\/wp-json\/wp\/v2\/posts\/444"}],"collection":[{"href":"https:\/\/www.patriarcatovenezia.it\/vocazioni\/wp-json\/wp\/v2\/posts"}],"about":[{"href":"https:\/\/www.patriarcatovenezia.it\/vocazioni\/wp-json\/wp\/v2\/types\/post"}],"author":[{"embeddable":true,"href":"https:\/\/www.patriarcatovenezia.it\/vocazioni\/wp-json\/wp\/v2\/users\/10"}],"replies":[{"embeddable":true,"href":"https:\/\/www.patriarcatovenezia.it\/vocazioni\/wp-json\/wp\/v2\/comments?post=444"}],"version-history":[{"count":3,"href":"https:\/\/www.patriarcatovenezia.it\/vocazioni\/wp-json\/wp\/v2\/posts\/444\/revisions"}],"predecessor-version":[{"id":468,"href":"https:\/\/www.patriarcatovenezia.it\/vocazioni\/wp-json\/wp\/v2\/posts\/444\/revisions\/468"}],"wp:featuredmedia":[{"embeddable":true,"href":"https:\/\/www.patriarcatovenezia.it\/vocazioni\/wp-json\/wp\/v2\/media\/445"}],"wp:attachment":[{"href":"https:\/\/www.patriarcatovenezia.it\/vocazioni\/wp-json\/wp\/v2\/media?parent=444"}],"wp:term":[{"taxonomy":"category","embeddable":true,"href":"https:\/\/www.patriarcatovenezia.it\/vocazioni\/wp-json\/wp\/v2\/categories?post=444"},{"taxonomy":"post_tag","embeddable":true,"href":"https:\/\/www.patriarcatovenezia.it\/vocazioni\/wp-json\/wp\/v2\/tags?post=444"}],"curies":[{"name":"wp","href":"https:\/\/api.w.org\/{rel}","templated":true}]}}