{"id":436,"date":"2022-04-01T11:32:53","date_gmt":"2022-04-01T09:32:53","guid":{"rendered":"https:\/\/venezia.webdiocesi.it\/vocazioni\/?p=436"},"modified":"2022-05-06T13:22:39","modified_gmt":"2022-05-06T11:22:39","slug":"festa-ministranti-1-5","status":"publish","type":"post","link":"https:\/\/www.patriarcatovenezia.it\/vocazioni\/2022\/04\/01\/festa-ministranti-1-5\/","title":{"rendered":"Festa ministranti (14 maggio)"},"content":{"rendered":"<p>Cari Confratelli e cari Educatori,<\/p>\n<p>come sapete, nei giorni scorsi abbiamo comunicato la decisione di spostare la festa dei ministranti dalla tradizionale data del Primo Maggio al prossimo sabato 14.<\/p>\n<p>Una decisione maturata sulla base delle molte richieste e necessit\u00e0 manifestate dalle parrocchie le quali, in questo tempo di pandemia, avevano bisogno di recuperare celebrazioni sacramentali e altri appuntamenti.<\/p>\n<p>Tuttavia rimane significativo e prezioso conservare una giornata dedicata ai chierichetti e alle chierichetti a livello diocesano, soprattutto per rilanciare il senso del loro servizio e aiutarli a crescere nella appartenenza ecclesiale. Per questa ragione sar\u00e0 presente il Patriarca Francesco. \u00c8 l&#8217;unico momento specifico per i ministranti che in tempi di Covid \u00e8 stato possibile proporre.<\/p>\n<p>La pandemia ha penalizzato l&#8217;azione pastorale di tutti, ma non dobbiamo lasciarci scoraggiare. Nel prossimo anno pastorale riprenderemo a coltivare insieme altre proposte.<\/p>\n<p>Con gioia e con vivo desiderio di condivisione, vorremmo vivere insieme questo semplice pomeriggio di festa, sabato 14 Maggio, presso il Seminario Patriarcale.<\/p>\n<p>Alle 16 ci ritroveremo in chiostro e sar\u00e0 offerta una merenda. Seguiranno dei tornei organizzati dai seminaristi. Poi, indossate le vesti del servizio liturgico, ci recheremo in basilica della Salute per ascoltare una testimonianza e adorare il Santissimo. La preghiera sar\u00e0 presieduta dal Patriarca Francesco.<\/p>\n<p>Concluderemo attorno alle 18.30. Questo pomeriggio di festa sar\u00e0 anche un momento opportuno per presentare i campi diocesani di questa estate, di cui i parrocchia hanno ricevuto gi\u00e0 le date.<\/p>\n<p>Siamo certi che accoglierete questa proposta con generosit\u00e0 e con partecipazione. Vi attendiamo!<\/p>\n<p>&nbsp;<\/p>\n<p><em>don Marco Zane\u00a0<\/em><\/p>\n<p><em>Direttore del Centro Diocesano Vocazioni<\/em><\/p>\n<p>&nbsp;<\/p>\n<p><strong><a href=\"https:\/\/venezia.webdiocesi.it\/vocazioni\/wp-content\/uploads\/sites\/11\/2022\/04\/Locandina_FestaMinistranti_14mag2022.pdf\">Locandina_FestaMinistranti_14mag2022<\/a><\/strong><\/p>\n","protected":false},"excerpt":{"rendered":"<p>Cari Confratelli e cari Educatori, come sapete, nei giorni scorsi abbiamo comunicato la decisione di spostare la festa dei ministranti dalla tradizionale data del Primo Maggio al prossimo sabato 14. Una decisione maturata sulla base delle molte richieste e necessit\u00e0 manifestate dalle parrocchie le quali, in questo tempo di pandemia, avevano bisogno di recuperare celebrazioni [&hellip;]<\/p>\n","protected":false},"author":0,"featured_media":465,"comment_status":"closed","ping_status":"closed","sticky":false,"template":"","format":"standard","meta":{"_acf_changed":false,"ip_address":"","user_agent":"","level":"","revision":"","cookie_id":"","page_referer":"","html_form":"","footnotes":""},"categories":[6,41,1],"tags":[48,58,55,57,56],"class_list":["post-436","post","type-post","status-publish","format-standard","has-post-thumbnail","hentry","category-appuntamenti","category-ministranti","category-news","tag-48","tag-chierichetti","tag-festa","tag-maggio","tag-ministranti"],"acf":[],"_links":{"self":[{"href":"https:\/\/www.patriarcatovenezia.it\/vocazioni\/wp-json\/wp\/v2\/posts\/436"}],"collection":[{"href":"https:\/\/www.patriarcatovenezia.it\/vocazioni\/wp-json\/wp\/v2\/posts"}],"about":[{"href":"https:\/\/www.patriarcatovenezia.it\/vocazioni\/wp-json\/wp\/v2\/types\/post"}],"author":[{"embeddable":true,"href":"https:\/\/www.patriarcatovenezia.it\/vocazioni\/wp-json\/wp\/v2\/users\/10"}],"replies":[{"embeddable":true,"href":"https:\/\/www.patriarcatovenezia.it\/vocazioni\/wp-json\/wp\/v2\/comments?post=436"}],"version-history":[{"count":4,"href":"https:\/\/www.patriarcatovenezia.it\/vocazioni\/wp-json\/wp\/v2\/posts\/436\/revisions"}],"predecessor-version":[{"id":470,"href":"https:\/\/www.patriarcatovenezia.it\/vocazioni\/wp-json\/wp\/v2\/posts\/436\/revisions\/470"}],"wp:featuredmedia":[{"embeddable":true,"href":"https:\/\/www.patriarcatovenezia.it\/vocazioni\/wp-json\/wp\/v2\/media\/465"}],"wp:attachment":[{"href":"https:\/\/www.patriarcatovenezia.it\/vocazioni\/wp-json\/wp\/v2\/media?parent=436"}],"wp:term":[{"taxonomy":"category","embeddable":true,"href":"https:\/\/www.patriarcatovenezia.it\/vocazioni\/wp-json\/wp\/v2\/categories?post=436"},{"taxonomy":"post_tag","embeddable":true,"href":"https:\/\/www.patriarcatovenezia.it\/vocazioni\/wp-json\/wp\/v2\/tags?post=436"}],"curies":[{"name":"wp","href":"https:\/\/api.w.org\/{rel}","templated":true}]}}