{"id":909,"date":"2021-08-02T10:14:30","date_gmt":"2021-08-02T08:14:30","guid":{"rendered":"https:\/\/venezia.webdiocesi.it\/ufficioliturgico\/?p=909"},"modified":"2021-08-02T10:14:30","modified_gmt":"2021-08-02T08:14:30","slug":"scheda-informativa-green-pass","status":"publish","type":"post","link":"https:\/\/www.patriarcatovenezia.it\/ufficioliturgico\/2021\/08\/02\/scheda-informativa-green-pass\/","title":{"rendered":"Scheda informativa Green Pass"},"content":{"rendered":"<div class=\"cci_entry_content\">\n<p><em>Nel sito <a href=\"https:\/\/www.chiesacattolica.it\/lettera-della-presidenza-cei-ai-vescovi-e-alle-comunita-cristiane\/\">chiesacattolica.it<\/a>\u00a0pubblicata la lettera inviata dalla Presidenza CEI ai Vescovi e, attraverso di loro, alle comunit\u00e0 cristiane.\u00a0<\/em><\/p>\n<p>&nbsp;<\/p>\n<hr \/>\n<p>Cari Confratelli,<\/p>\n<p>in queste settimane le nostre Chiese sono impegnate nella progettazione del prossimo anno pastorale.\u00a0Per questo, sentiamo di rivolgere\u00a0<em>una parola di gratitudine<\/em>\u00a0a tutti voi e alle vostre comunit\u00e0 che, nonostante le fatiche, riescono a far vedere il volto di una Chiesa madre che vive e testimonia la sua fecondit\u00e0.<\/p>\n<p>Vorremmo esprimere questo sentimento di gratitudine con una carezza d\u2019affetto verso i\u00a0<em>malati<\/em>\u00a0e\u00a0<em>quanti ancora soffrono<\/em>\u00a0per la pandemia; verso i\u00a0<em>medici<\/em>\u00a0e gli\u00a0<em>operatori sanitari<\/em>, per la generosit\u00e0 nella cura e nell\u2019assistenza alla persona; verso gli\u00a0<em>anziani<\/em>, con l\u2019invito a conservare e a raccontare la memoria del Paese; verso i\u00a0<em>poveri<\/em>, con l\u2019impegno a custodirli e curarli, non chiudendo gli occhi davanti alle vecchie e nuove marginalit\u00e0; verso le\u00a0<em>famiglie<\/em>, per la capacit\u00e0 di tenuta complessiva, messa a dura prova; verso i\u00a0<em>sacerdoti<\/em>, come ringraziamento per il loro essere prossimi al Popolo di Dio; verso i\u00a0<em>catechisti<\/em>, gli\u00a0<em>educatori<\/em>, gli\u00a0<em>operatori pastorali<\/em>, perch\u00e9 sono davvero maestri e testimoni; verso tutte le\u00a0<em>donne<\/em>\u00a0e gli\u00a0<em>uomini<\/em>\u00a0<em>di buona volont\u00e0<\/em>,\u00a0<em>credenti e non credenti<\/em>, perch\u00e9 in questo tempo di difficolt\u00e0 con le loro scelte consapevoli stanno costruendo il Paese del futuro. Non \u00e8 tempo di inutili contrapposizioni, ma di dialogo aperto: in gioco c\u2019\u00e8 il futuro dei nostri ragazzi.<\/p>\n<p>Consci della situazione generale, viviamo dunque la nostra fede come dono gratuito, che si esprime anche nei gesti e nelle celebrazioni, a partire dall\u2019Eucaristia, evento di grazia che va colto nella sua importanza. Nella convocazione e nella partecipazione alla celebrazione si manifesta il nostro essere comunit\u00e0, il nostro essere famiglia. Del resto, \u00e8 l\u2019Eucaristia che fa di noi una comunit\u00e0, una famiglia, perch\u00e9 \u2013 come dice san Paolo \u2013 noi che ci nutriamo di un unico pane siamo chiamati a formare un solo corpo (1Cor 10,17). Cos\u00ec anche gli altri momenti spirituali, come ad esempio, le processioni.<\/p>\n<p>Raccomandiamo, ove ricorrano condizioni di sicurezza, di non far mancare al nostro popolo questi gesti di preghiera, partecipazione e speranza perch\u00e9 la Chiesa sia presente in questo tempo cos\u00ec particolare.<\/p>\n<p>Sin dal giugno 2020, molte Diocesi e Parrocchie italiane hanno organizzato le processioni, adottando sia la modalit\u00e0 \u201ctradizionale\u201d, aperta ai fedeli che possono seguire tutto il percorso, sia una modalit\u00e0 \u201ca stazioni\u201d, in cui solo un piccolo gruppo (composto da sacerdoti, ministri ed eventualmente membri di confraternite) percorre il tragitto, mentre i fedeli partecipano ad alcuni tratti dell\u2019itinerario in chiesa o all\u2019aperto. Per via della variet\u00e0 di tradizioni e di prassi, non \u00e8 possibile fornire indicazioni valide e puntuali per tutte le Chiese locali. Il confronto con le istituzioni (anche in relazione alla sanit\u00e0 locale) e il buon senso, come gi\u00e0 avvenuto nei mesi precedenti in altre occasioni, restano criteri imprescindibili con cui affrontare le varie questioni.<\/p>\n<p><span style=\"color: #008000\">In merito all\u2019ultimo aggiornamento normativo riguardante il \u201cGreen Pass\u201d, introdotto con il Decreto Legge del 23 luglio 2021, condividiamo una scheda informativa al fine di poter informare e orientare la vita delle comunit\u00e0 nei prossimi mesi.<\/span><\/p>\n<p>La ripresa autunnale delle attivit\u00e0 pastorali sar\u00e0 probabilmente ancora condizionata dalla pandemia. Siamo per\u00f2 convinti che il Cammino sinodale, che entrer\u00e0 nel vivo proprio dopo l\u2019estate, costituisca un\u2019occasione propizia di rilancio e di accompagnamento delle comunit\u00e0, oltre che una voce profetica rispetto alle istanze del presente e del futuro.<\/p>\n<p>In attesa d\u2019incontrarci nel Consiglio Permanente e nell\u2019Assemblea, restiamo in comunione di preghiera.<\/p>\n<p>A tutti un fraterno augurio nel Signore.<\/p>\n<p>&nbsp;<\/p>\n<p>Roma, 29 luglio 2021<\/p>\n<p><em>La Presidenza CEI<\/em><\/p>\n<p>&nbsp;<\/p>\n<\/div>\n<div class=\"cci_allegati\">\n<h4><span style=\"color: #008000\">Scheda: <em>Green Pass e celebrazioni liturgiche<\/em><\/span>\u00a0<a class=\"cci_allegati_list_link_class\" href=\"https:\/\/www.chiesacattolica.it\/wp-content\/uploads\/sites\/31\/2021\/07\/30\/Scheda_GreenPasscelebrazioni.pdf\"><span class=\"cci_allegati_list_label_class\">Scarica Allegato<\/span><\/a><\/h4>\n<\/div>\n","protected":false},"excerpt":{"rendered":"<p>Nel sito chiesacattolica.it\u00a0pubblicata la lettera inviata dalla Presidenza CEI ai Vescovi e, attraverso di loro, alle comunit\u00e0 cristiane.\u00a0 &nbsp; Cari Confratelli, in queste settimane le nostre Chiese sono impegnate nella progettazione del prossimo anno pastorale.\u00a0Per questo, sentiamo di rivolgere\u00a0una parola di gratitudine\u00a0a tutti voi e alle vostre comunit\u00e0 che, nonostante le fatiche, riescono a far [&hellip;]<\/p>\n","protected":false},"author":0,"featured_media":910,"comment_status":"closed","ping_status":"closed","sticky":false,"template":"","format":"standard","meta":{"_acf_changed":false,"ip_address":"","user_agent":"","level":"","revision":"","cookie_id":"","page_referer":"","html_form":"","footnotes":""},"categories":[90,87],"tags":[189,209,207,117,106,208,210,188],"class_list":["post-909","post","type-post","status-publish","format-standard","has-post-thumbnail","hentry","category-liturgia","category-notizie","tag-cei","tag-covid","tag-green","tag-lettera","tag-liturgia","tag-pass","tag-pastorale","tag-presidenza"],"acf":[],"_links":{"self":[{"href":"https:\/\/www.patriarcatovenezia.it\/ufficioliturgico\/wp-json\/wp\/v2\/posts\/909"}],"collection":[{"href":"https:\/\/www.patriarcatovenezia.it\/ufficioliturgico\/wp-json\/wp\/v2\/posts"}],"about":[{"href":"https:\/\/www.patriarcatovenezia.it\/ufficioliturgico\/wp-json\/wp\/v2\/types\/post"}],"author":[{"embeddable":true,"href":"https:\/\/www.patriarcatovenezia.it\/ufficioliturgico\/wp-json\/wp\/v2\/users\/10"}],"replies":[{"embeddable":true,"href":"https:\/\/www.patriarcatovenezia.it\/ufficioliturgico\/wp-json\/wp\/v2\/comments?post=909"}],"version-history":[{"count":2,"href":"https:\/\/www.patriarcatovenezia.it\/ufficioliturgico\/wp-json\/wp\/v2\/posts\/909\/revisions"}],"predecessor-version":[{"id":912,"href":"https:\/\/www.patriarcatovenezia.it\/ufficioliturgico\/wp-json\/wp\/v2\/posts\/909\/revisions\/912"}],"wp:featuredmedia":[{"embeddable":true,"href":"https:\/\/www.patriarcatovenezia.it\/ufficioliturgico\/wp-json\/wp\/v2\/media\/910"}],"wp:attachment":[{"href":"https:\/\/www.patriarcatovenezia.it\/ufficioliturgico\/wp-json\/wp\/v2\/media?parent=909"}],"wp:term":[{"taxonomy":"category","embeddable":true,"href":"https:\/\/www.patriarcatovenezia.it\/ufficioliturgico\/wp-json\/wp\/v2\/categories?post=909"},{"taxonomy":"post_tag","embeddable":true,"href":"https:\/\/www.patriarcatovenezia.it\/ufficioliturgico\/wp-json\/wp\/v2\/tags?post=909"}],"curies":[{"name":"wp","href":"https:\/\/api.w.org\/{rel}","templated":true}]}}