{"id":5336,"date":"2026-03-03T09:08:44","date_gmt":"2026-03-03T08:08:44","guid":{"rendered":"https:\/\/www.patriarcatovenezia.it\/ufficioliturgico\/?p=5336"},"modified":"2026-03-03T09:10:22","modified_gmt":"2026-03-03T08:10:22","slug":"sussidi-di-quaresima-e-pasqua-2026","status":"publish","type":"post","link":"https:\/\/www.patriarcatovenezia.it\/ufficioliturgico\/2026\/03\/03\/sussidi-di-quaresima-e-pasqua-2026\/","title":{"rendered":"Sussidi di Quaresima e Pasqua 2026"},"content":{"rendered":"<p><em>La Quaresima \u00e8 un tempo di rinnovamento spirituale nel quale \u2013 attraverso la preghiera assidua, il digiuno autentico e la carit\u00e0 operosa \u2013 volgere lo sguardo a colui che \u00e8 stato trafitto e riconoscerlo nei tanti volti che non hanno n\u00e9 apparenza n\u00e9 bellezza; riscoprire la realt\u00e0 profonda e dinamica del battesimo e rinnovare l\u2019adesione ferma e fiduciosa al Vangelo.<\/em><\/p>\n<p>[Dal sito dell&#8217;<a href=\"https:\/\/liturgico.chiesacattolica.it\/sussidi-di-quaresima-e-pasqua-2026\/\">Ufficio Liturgico Nazionale<\/a>]<\/p>\n<p>L\u2019opera d\u2019arte che accompagna i sussidi per la Quaresima proposti dalla Segreteria Generale della Conferenza Episcopale Italiana si dona a noi come un volto prezioso ma ingabbiato.<\/p>\n<p>Essa sembra narrare il mistero della kenosi di Ges\u00f9 che, assumendo la condizione di servo, si svuota della sua divinit\u00e0 e, nelle fattezze di una carne caduca e fragile, rende visibile il volto del Dio invisibile. Al medesimo tempo quel volto vuole raccontarci il Risorto che possiede un corpo incorruttibile ma segnato dalla passione, glorioso ma palpabile. In questo viso, appena abbozzato e quasi intrappolato, possiamo anche rileggere l\u2019esperienza di ogni uomo e donna: frammentati dal peccato e avvinti da legami di morte ma anche trasfigurati dalla grazia che ricompone la somiglianza divina e che riflette l\u2019immagine del vero Adamo.<\/p>\n<p>Le suggestioni donate da quest\u2019opera ci aiutano a declinare la teologia e la spiritualit\u00e0 dei tempi di Quaresima e di Pasqua. I quaranta giorni del deserto quaresimale e i cinquanta della gioia pasquale si richiamano e si illuminano reciprocamente, conducendo la Chiesa pellegrina nel tempo a vivere il senso profondo dell\u2019incontro con Cristo morto e risorto, che ha attraversato le tenebre della morte ed \u00e8 stato attraversato dalla luce della vita senza fine.<\/p>\n<p>La Quaresima \u00e8 un tempo di rinnovamento spirituale nel quale \u2013 attraverso la preghiera assidua, il digiuno autentico e la carit\u00e0 operosa \u2013 volgere lo sguardo a colui che \u00e8 stato trafitto e riconoscerlo nei tanti volti che non hanno n\u00e9 apparenza n\u00e9 bellezza; riscoprire la realt\u00e0 profonda e dinamica del battesimo e rinnovare l\u2019adesione ferma e fiduciosa al Vangelo.<\/p>\n<p>Come in unico grande giorno di festa, i giorni di Pasqua, invece, sono spazio per fare esperienza della compagnia del Risorto, che supera ogni tempo e ogni spazio umani, e per lasciarci abitare dalla sua grazia, che ci fa vivere da uomini nuovi nel cuore della citt\u00e0 terrena, nell\u2019attesa di vedere il volto di Cristo, irradiazione della gloria del Padre e impronta della sua sostanza (cfr. Eb 1, 3), faccia a faccia (cfr. 1 Cor 13,12).<\/p>\n<p>Carissimi, \u00abprepariamo il nostro bagaglio da viaggio, prendiamo il nostro posto, imbarchiamoci sul battello, non dimentichiamo la fede insieme alla croce, che \u00e8 l\u2019ancora della nostra salvezza. Distendiamo le funi delle diverse virt\u00f9, eleviamo la vela della carit\u00e0, invochiamo il vento favorevole della parola di Dio, ripuliamo il fondo della nave che \u00e8 la coscienza purificata dai peccati per mezzo delle elemosine. Ci accompagni e ci custodisca la grazia di Cristo, cantiamo dolcemente come canzone di viaggio l\u2019Alleluia, per arrivare gioiosi e pieni di fiducia alla nostra patria eterna e benedetta\u00bb (Quodvultudeus, De cantico novo).<\/p>\n<p>+ Giuseppe Baturi<br \/>\n<em>Segretario Generale della CEI<\/em><\/p>\n<hr \/>\n<p><strong>Sussidi per i Tempi di Quaresima e Pasqua 2026<\/strong><\/p>\n<ul>\n<li><a href=\"https:\/\/liturgico.chiesacattolica.it\/wp-content\/uploads\/sites\/8\/2026\/02\/06\/GUIDA-INTRODUZIONE-AL-TEMPO-DI-QUARESIMA-2026.pdf\">Guida Introduzione al Tempo di Quaresima<\/a><\/li>\n<li><a href=\"https:\/\/liturgico.chiesacattolica.it\/wp-content\/uploads\/sites\/8\/2026\/02\/26\/GUIDA-INTRODUZIONE-ALLA-SETTIMANA-SANTA-2026.pdf\" target=\"_blank\" rel=\"noopener\">Guida Introduzione alla Settimana Santa 2026<\/a><\/li>\n<li><a href=\"https:\/\/liturgico.chiesacattolica.it\/wp-content\/uploads\/sites\/8\/2026\/02\/06\/SUSSIDIO-MERCOLEDI-CENERI-2026.pdf\">Sussidio per il Mercoled\u00ec delle Ceneri: 18 febbraio<\/a><\/li>\n<li><a href=\"https:\/\/liturgico.chiesacattolica.it\/wp-content\/uploads\/sites\/8\/2026\/02\/06\/SUSSIDIO-I-DOMENICA-QUARESIMA-2026.pdf\">Sussidio per la Prima Domenica di Quaresima: 22 febbraio<\/a><\/li>\n<li><a href=\"https:\/\/liturgico.chiesacattolica.it\/wp-content\/uploads\/sites\/8\/2026\/02\/06\/SUSSIDIO-II-DOMENICA-QUARESIMA-2026.pdf\">Sussidio per la Seconda Domenica di Quaresima: 1 marzo<\/a><\/li>\n<li><a href=\"https:\/\/liturgico.chiesacattolica.it\/wp-content\/uploads\/sites\/8\/2026\/02\/06\/SUSSIDIO-III-DOMENICA-QUARESIMA-2026.pdf\">Sussidio per la Terza Domenica di Quaresima: 8 marzo<\/a><\/li>\n<li><a href=\"https:\/\/liturgico.chiesacattolica.it\/wp-content\/uploads\/sites\/8\/2026\/02\/06\/SUSSIDIO-IV-DOMENICA-QUARESIMA-2026.pdf\">Sussidio per la Quarta Domenica di Quaresima: 15 marzo<\/a><\/li>\n<li><a href=\"https:\/\/liturgico.chiesacattolica.it\/wp-content\/uploads\/sites\/8\/2026\/02\/06\/SUSSIDIO-V-DOMENICA-QUARESIMA-2026.pdf\">Sussidio per la Quinta Domenica di Quaresima: 22 marzo<\/a><\/li>\n<\/ul>\n<p><strong>Celebrazioni<\/strong><\/p>\n<ul>\n<li><a href=\"https:\/\/liturgico.chiesacattolica.it\/wp-content\/uploads\/sites\/8\/2026\/02\/26\/LITURGIA-PENITENZIALE-QUARESIMA-2026.pdf\" target=\"_blank\" rel=\"noopener\">Liturgia Penitenziale di Quaresima<\/a><\/li>\n<\/ul>\n<p><strong>Salmi responsoriali &#8211; Tempo di Quaresima<\/strong><\/p>\n<p>Musica: Giovanni Geraci<\/p>\n<p>Registrazione audio<br \/>\nCoro: Cappella Musicale della Cattedrale di Macerata<br \/>\nSalmista:\u00a0<em>dom<\/em>\u00a0<em>Antonio di Marco OSB<br \/>\n<\/em>Direttore all&#8217;organo:\u00a0<em>Carlo Panicci\u00e0<br \/>\n<\/em>Editing audio:\u00a0<em>Carlo Panicci\u00e0<\/em><\/p>\n<p><strong><em><a href=\"https:\/\/liturgico.chiesacattolica.it\/wp-content\/uploads\/sites\/8\/2026\/02\/06\/salmi-mp3.zip\">Salmi responsoriali &#8211; Tempo di Quaresima Mp3<\/a><\/em><\/strong><\/p>\n<p><a href=\"https:\/\/liturgico.chiesacattolica.it\/melodie-per-il-canto-della-passione-di-nostro-signore-gesu-cristo-exsultet-e-altri-testi-del-triduo-pasquale\/\"><strong>Melodie per il canto del Passio: Matteo-Marco-Luca-Giovanni<\/strong><\/a><\/p>\n<p><strong><a href=\"https:\/\/liturgico.chiesacattolica.it\/melodie-per-il-triduo-pasquale\/\">Melodie per il Triduo Pasquale<\/a><\/strong><\/p>\n","protected":false},"excerpt":{"rendered":"<p>La Quaresima \u00e8 un tempo di rinnovamento spirituale nel quale \u2013 attraverso la preghiera assidua, il digiuno autentico e la carit\u00e0 operosa \u2013 volgere lo sguardo a colui che \u00e8 stato trafitto e riconoscerlo nei tanti volti che non hanno n\u00e9 apparenza n\u00e9 bellezza; riscoprire la realt\u00e0 profonda e dinamica del battesimo e rinnovare l\u2019adesione [&hellip;]<\/p>\n","protected":false},"author":0,"featured_media":5337,"comment_status":"closed","ping_status":"closed","sticky":false,"template":"","format":"standard","meta":{"_acf_changed":false,"ip_address":"","user_agent":"","level":"","revision":"","cookie_id":"","page_referer":"","html_form":"","footnotes":""},"categories":[90,91,87],"tags":[179,115],"class_list":["post-5336","post","type-post","status-publish","format-standard","has-post-thumbnail","hentry","category-liturgia","category-musica-e-canto","category-notizie","tag-pasqua","tag-quaresima"],"acf":[],"_links":{"self":[{"href":"https:\/\/www.patriarcatovenezia.it\/ufficioliturgico\/wp-json\/wp\/v2\/posts\/5336"}],"collection":[{"href":"https:\/\/www.patriarcatovenezia.it\/ufficioliturgico\/wp-json\/wp\/v2\/posts"}],"about":[{"href":"https:\/\/www.patriarcatovenezia.it\/ufficioliturgico\/wp-json\/wp\/v2\/types\/post"}],"author":[{"embeddable":true,"href":"https:\/\/www.patriarcatovenezia.it\/ufficioliturgico\/wp-json\/wp\/v2\/users\/10"}],"replies":[{"embeddable":true,"href":"https:\/\/www.patriarcatovenezia.it\/ufficioliturgico\/wp-json\/wp\/v2\/comments?post=5336"}],"version-history":[{"count":6,"href":"https:\/\/www.patriarcatovenezia.it\/ufficioliturgico\/wp-json\/wp\/v2\/posts\/5336\/revisions"}],"predecessor-version":[{"id":5343,"href":"https:\/\/www.patriarcatovenezia.it\/ufficioliturgico\/wp-json\/wp\/v2\/posts\/5336\/revisions\/5343"}],"wp:featuredmedia":[{"embeddable":true,"href":"https:\/\/www.patriarcatovenezia.it\/ufficioliturgico\/wp-json\/wp\/v2\/media\/5337"}],"wp:attachment":[{"href":"https:\/\/www.patriarcatovenezia.it\/ufficioliturgico\/wp-json\/wp\/v2\/media?parent=5336"}],"wp:term":[{"taxonomy":"category","embeddable":true,"href":"https:\/\/www.patriarcatovenezia.it\/ufficioliturgico\/wp-json\/wp\/v2\/categories?post=5336"},{"taxonomy":"post_tag","embeddable":true,"href":"https:\/\/www.patriarcatovenezia.it\/ufficioliturgico\/wp-json\/wp\/v2\/tags?post=5336"}],"curies":[{"name":"wp","href":"https:\/\/api.w.org\/{rel}","templated":true}]}}