{"id":387,"date":"2018-03-07T11:05:58","date_gmt":"2018-03-07T10:05:58","guid":{"rendered":"https:\/\/venezia.webdiocesi.it\/ufficioliturgico\/?p=387"},"modified":"2018-03-28T12:33:16","modified_gmt":"2018-03-28T10:33:16","slug":"memoria-della-beata-vergine-maria-madre-della-chiesa","status":"publish","type":"post","link":"https:\/\/www.patriarcatovenezia.it\/ufficioliturgico\/2018\/03\/07\/memoria-della-beata-vergine-maria-madre-della-chiesa\/","title":{"rendered":"Memoria della beata Vergine Maria, Madre della Chiesa"},"content":{"rendered":"<hr \/>\n<p>Per volere di Papa Francesco e con decreto della Congregazione per il culto divino e la disciplina dei sacramenti dello scorso 11 febbraio, \u00e8 stata istituita il l<strong>uned\u00ec dopo Pentecoste<\/strong> la memoria liturgica di <strong>Maria Madre della Chiesa<\/strong>.<\/p>\n<p>La memoria sar\u00e0 inserita in tutti i calendari e libri liturgici per la celebrazione della Messa e della Liturgia delle Ore, per aiutare la Chiesa\u00a0\u00aba ricordare che la vita cristiana, per crescere, deve essere ancorata al mistero della Croce, all&#8217;oblazione di Cristo nel convito eucaristico, alla Vergine offerente,<b>\u00a0Madre del Redentore e dei redenti<\/b>\u00bb<\/p>\n<hr \/>\n<p style=\"text-align: center\"><a href=\"https:\/\/press.vatican.va\/content\/salastampa\/it\/bollettino\/pubblico\/2018\/03\/03\/0168\/00350.html#italD\"><b>DECRETO<br \/>\nsulla celebrazione<br \/>\ndella beata Vergine Maria<br \/>\nMadre della Chiesa<br \/>\nnel Calendario Romano Generale<\/b><\/a><\/p>\n<p>La gioiosa venerazione riservata alla Madre di Dio dalla Chiesa contemporanea, alla luce della riflessione sul mistero di Cristo e sulla sua propria natura, non poteva dimenticare quella figura di Donna (cf. Gal 4, 4), la Vergine Maria, che \u00e8 Madre di Cristo e insieme Madre della Chiesa.<\/p>\n<p>Ci\u00f2 era gi\u00e0 in qualche modo presente nel sentire ecclesiale a partire dalle parole premonitrici di sant\u2019Agostino e di san Leone Magno. Il primo, infatti, dice che Maria \u00e8 madre delle membra di Cristo, perch\u00e9 ha cooperato con la sua carit\u00e0 alla rinascita dei fedeli nella Chiesa; l\u2019altro poi, quando dice che la nascita del Capo \u00e8 anche la nascita del Corpo, indica che Maria \u00e8 al contempo madre di Cristo, Figlio di Dio, e madre delle membra del suo corpo mistico, cio\u00e8 della Chiesa. Queste considerazioni derivano dalla divina maternit\u00e0 di Maria e dalla sua intima unione all\u2019opera del Redentore, culminata nell\u2019ora della croce.<\/p>\n<p>La Madre infatti, che stava presso la croce (cf. Gv 19, 25), accett\u00f2 il testamento di amore del Figlio suo ed accolse tutti gli uomini, impersonati dal discepolo amato, come figli da rigenerare alla vita divina, divenendo amorosa nutrice della Chiesa che Cristo in croce, emettendo lo Spirito, ha generato. A sua volta, nel discepolo amato, Cristo elesse tutti i discepoli come vicari del suo amore verso la Madre, affidandola loro affinch\u00e9 con affetto filiale la accogliessero.<\/p>\n<p>Premurosa guida della Chiesa nascente, Maria inizi\u00f2 pertanto la propria missione materna gi\u00e0 nel cenacolo, pregando con gli Apostoli in attesa della venuta dello Spirito Santo (cf. At 1, 14). In questo sentire, nel corso dei secoli, la piet\u00e0 cristiana ha onorato Maria con i titoli, in qualche modo equivalenti, di Madre dei discepoli, dei fedeli, dei credenti, di tutti coloro che rinascono in Cristo e anche di \u201cMadre della Chiesa\u201d, come appare in testi di autori spirituali e pure del magistero di Benedetto XIV e Leone XIII.<\/p>\n<p>Da ci\u00f2 chiaramente risulta su quale fondamento il beato papa Paolo VI, il 21 novembre 1964, a conclusione della terza Sessione del Concilio Vaticano II, dichiar\u00f2 la beata Vergine Maria \u00abMadre della Chiesa, cio\u00e8 di tutto il popolo cristiano, tanto dei fedeli quanto dei Pastori, che la chiamano Madre amantissima\u00bb, e stabil\u00ec che \u00abl\u2019intero popolo cristiano rendesse sempre pi\u00f9 onore alla Madre di Dio con questo soavissimo nome\u00bb.<\/p>\n<p>La Sede Apostolica pertanto, in occasione dell\u2019Anno Santo della Riconciliazione (1975), propose<b>\u00a0<\/b>una messa votiva in onore della beata Maria Madre della Chiesa, successivamente inserita nel Messale Romano;<b>\u00a0<\/b>diede anche facolt\u00e0 di aggiungere l\u2019invocazione di questo titolo nelle Litanie Lauretane (1980) e pubblic\u00f2 altri formulari nella raccolta di messe della beata Vergine Maria (1986); ad alcune nazioni, diocesi e famiglie religiose che ne facevano richiesta, concesse di aggiungere questa celebrazione nel loro Calendario particolare.<\/p>\n<p>Il Sommo Pontefice Francesco, considerando attentamente quanto la promozione di questa devozione possa favorire la crescita del senso materno della Chiesa nei Pastori, nei religiosi e nei fedeli, come anche della genuina piet\u00e0 mariana, ha stabilito che la memoria della beata Vergine Maria, Madre della Chiesa, sia iscritta nel Calendario Romano nel Luned\u00ec dopo Pentecoste e celebrata ogni anno.<\/p>\n<p>Questa celebrazione ci aiuter\u00e0 a ricordare che la vita cristiana, per crescere, deve essere ancorata al mistero della Croce, all\u2019oblazione di Cristo nel convito eucaristico, alla Vergine offerente, Madre del Redentore e dei redenti.<\/p>\n<p>Tale memoria dovr\u00e0 quindi apparire in tutti i Calendari e Libri liturgici per la celebrazione della Messa e della Liturgia delle Ore; i relativi testi liturgici sono allegati a questo decreto e le loro traduzioni, approvate dalle Conferenze Episcopali, saranno pubblicate dopo la conferma di questo Dicastero.<\/p>\n<p>Dove la celebrazione della beata Vergine Maria, Madre della Chiesa, a norma del diritto particolare approvato, gi\u00e0 si celebra in un giorno diverso con un grado liturgico pi\u00f9 elevato, anche in futuro pu\u00f2 essere celebrata nel medesimo modo.<\/p>\n<p>Nonostante qualsiasi cosa in contrario.<\/p>\n<p>Dalla sede della Congregazione per il Culto Divino e la Disciplina dei Sacramenti, 11 febbraio 2018, memoria della beata Maria Vergine di Lourdes.<\/p>\n<p style=\"text-align: center\">Robert Card. Sarah<br \/>\nPrefetto<\/p>\n<p style=\"text-align: right\">+ Arthur Roche<br \/>\nArcivescovo Segretario<\/p>\n","protected":false},"excerpt":{"rendered":"<p>Per volere di Papa Francesco e con decreto della Congregazione per il culto divino e la disciplina dei sacramenti dello scorso 11 febbraio, \u00e8 stata istituita il luned\u00ec dopo Pentecoste la memoria liturgica di Maria Madre della Chiesa. La memoria sar\u00e0 inserita in tutti i calendari e libri liturgici per la celebrazione della Messa e [&hellip;]<\/p>\n","protected":false},"author":0,"featured_media":388,"comment_status":"closed","ping_status":"closed","sticky":false,"template":"","format":"standard","meta":{"_acf_changed":false,"ip_address":"","user_agent":"","level":"","revision":"","cookie_id":"","page_referer":"","html_form":"","footnotes":""},"categories":[90,87],"tags":[],"class_list":["post-387","post","type-post","status-publish","format-standard","has-post-thumbnail","hentry","category-liturgia","category-notizie"],"acf":[],"_links":{"self":[{"href":"https:\/\/www.patriarcatovenezia.it\/ufficioliturgico\/wp-json\/wp\/v2\/posts\/387"}],"collection":[{"href":"https:\/\/www.patriarcatovenezia.it\/ufficioliturgico\/wp-json\/wp\/v2\/posts"}],"about":[{"href":"https:\/\/www.patriarcatovenezia.it\/ufficioliturgico\/wp-json\/wp\/v2\/types\/post"}],"author":[{"embeddable":true,"href":"https:\/\/www.patriarcatovenezia.it\/ufficioliturgico\/wp-json\/wp\/v2\/users\/10"}],"replies":[{"embeddable":true,"href":"https:\/\/www.patriarcatovenezia.it\/ufficioliturgico\/wp-json\/wp\/v2\/comments?post=387"}],"version-history":[{"count":2,"href":"https:\/\/www.patriarcatovenezia.it\/ufficioliturgico\/wp-json\/wp\/v2\/posts\/387\/revisions"}],"predecessor-version":[{"id":415,"href":"https:\/\/www.patriarcatovenezia.it\/ufficioliturgico\/wp-json\/wp\/v2\/posts\/387\/revisions\/415"}],"wp:featuredmedia":[{"embeddable":true,"href":"https:\/\/www.patriarcatovenezia.it\/ufficioliturgico\/wp-json\/wp\/v2\/media\/388"}],"wp:attachment":[{"href":"https:\/\/www.patriarcatovenezia.it\/ufficioliturgico\/wp-json\/wp\/v2\/media?parent=387"}],"wp:term":[{"taxonomy":"category","embeddable":true,"href":"https:\/\/www.patriarcatovenezia.it\/ufficioliturgico\/wp-json\/wp\/v2\/categories?post=387"},{"taxonomy":"post_tag","embeddable":true,"href":"https:\/\/www.patriarcatovenezia.it\/ufficioliturgico\/wp-json\/wp\/v2\/tags?post=387"}],"curies":[{"name":"wp","href":"https:\/\/api.w.org\/{rel}","templated":true}]}}