{"id":376,"date":"2018-02-06T14:20:40","date_gmt":"2018-02-06T13:20:40","guid":{"rendered":"https:\/\/venezia.webdiocesi.it\/ufficioliturgico\/?p=376"},"modified":"2018-02-06T14:20:40","modified_gmt":"2018-02-06T13:20:40","slug":"sussidio-per-il-tempo-di-quaresima-e-pasqua","status":"publish","type":"post","link":"https:\/\/www.patriarcatovenezia.it\/ufficioliturgico\/2018\/02\/06\/sussidio-per-il-tempo-di-quaresima-e-pasqua\/","title":{"rendered":"Sussidio per il tempo di Quaresima e Pasqua"},"content":{"rendered":"<div class=\"cci_entry_content\">\n<p>\u00c8 online il\u00a0<a href=\"http:\/\/quaresima2018.chiesacattolica.it\/\" target=\"_blank\" rel=\"noopener\">sussidio<\/a>\u00a0per il tempo di Quaresima e Pasqua. Curato dall\u2019Ufficio Liturgico Nazionale, il testo \u00e8 disponibile sul sito dedicato ed \u00e8 liberamente consultabile e scaricabile.<\/p>\n<p><strong>La presentazione del Segretario Generale<\/strong><\/p>\n<p><em>La colonna di fuoco \u00e8 la splendida immagine biblica che il canto dell\u2019Exultet riprende dalla grandiosa narrazione di Esodo 14, lettura fondamentale della Veglia pasquale. Essa condensa il ricordo della fuoriuscita dall\u2019Egitto: un popolo reso schiavo, senza dignit\u00e0, scopre la possibilit\u00e0 di un nuovo cammino. Anche nel deserto la luce del fuoco divino accompagna i figli di Israele nel faticoso percorso verso la Terra promessa.<\/em><\/p>\n<p><em>Nell\u2019anno del Sinodo dei giovani, che manifesta una particolare attenzione per la ricerca della propria vocazione, il recupero di questa potente immagine della grande liturgia battesimale risulta di grande suggestione. Anche oggi i giovani in Italia si presentano con alcune caratteristiche del popolo che grida a Dio, e riceve in dono la chiamata all\u2019Esodo: molti senza lavoro, molti senza prospettive, molti di essi sfruttati, molti altri ancora parcheggiati indefinitamente; alcuni addirittura perduti nelle paludi insidiose della subcultura del divertimento senza futuro.<\/em><\/p>\n<p><em>Ma non \u00e8 solo ai giovani che la parola divina viene rivolta: Dio, che aveva chiamato Abramo e Mos\u00e8 in et\u00e0 ormai avanzata, invita tutta la Chiesa a ritrovare la giovinezza dello Spirito. Per tutti i credenti adulti delusi, disillusi, anch\u2019essi impaludati in una vita che di cristiano ha solo qualche vago ricordo, la parola divina \u00e8 un fuoco che tende a riaccendere l\u2019ardore e sospinge a non lasciarsi raffreddare dalla visione dei molti segnali di iniquit\u00e0 e peccato presenti nel mondo.<\/em><\/p>\n<p><em>I molti messaggi negativi non possono soffocare la presenza buona di Dio nella storia e la forza del suo Spirito che continua, anche nascostamente, a suscitare carit\u00e0, coraggio, testimonianza. Giovani, adulti, comunit\u00e0 intere sono chiamate da Dio a riscoprire la bellezza della loro vocazione cristiana.<\/em><\/p>\n<p><em>Il tempo della Quaresima \u00e8 il tempo favorevole, che il sussidio intende aiutare a riscoprire, in tutta la sua pregnanza ed essenzialit\u00e0. Senza prospettare gesti appariscenti, tali da soddisfare il gusto dell\u2019esteriorit\u00e0 propagandistica, viene proposta la densit\u00e0 quotidiana di un percorso di conversione, fondato sull\u2019ascolto della Parola di Dio, sulla ripresa di una liturgia autentica \u201cseria, semplice e bella\u201d, sulla capacit\u00e0 di tutto il popolo di Dio di unire le voci per cantare le lodi di Dio, non per esibirsi su un palcoscenico mediatico, ma perch\u00e9 vive della presenza del Signore.<\/em><\/p>\n<p><em>Il fuoco dello Spirito che oggi ci guida non \u00e8 un fuoco distruttore: \u00e8 una luce gentile, che splende nella notte, e che offre a tutti percorsi nuovi. Impariamo a seguirla!<\/em><\/p>\n<p><em>Con l\u2019auspicio che questo umile strumento possa contribuire a rendere le nostre celebrazioni luogo in cui si possa sperimentare la bellezza e la tenerezza di Dio, Padre misericordioso, lo affido ai presbiteri, ai diaconi e agli operatori pastorali, perch\u00e9 possano trovarvi idee e suggerimenti per un cammino fecondo e fedele alla sequela di Cristo Crocifisso-Risorto, sorgente della vita e della gioia.<\/em><\/p>\n<p>&nbsp;<\/p>\n<p><em><strong>Nunzio Galantino<\/strong><\/em><\/p>\n<p><em><strong>Segretario Generale della CEI\u00a0<\/strong><\/em><\/p>\n<\/div>\n<div class=\"cci_allegati\"><\/div>\n<div class=\"cci_single_date\">05 febbraio 2018<\/div>\n","protected":false},"excerpt":{"rendered":"<p>\u00c8 online il\u00a0sussidio\u00a0per il tempo di Quaresima e Pasqua. Curato dall\u2019Ufficio Liturgico Nazionale, il testo \u00e8 disponibile sul sito dedicato ed \u00e8 liberamente consultabile e scaricabile. La presentazione del Segretario Generale La colonna di fuoco \u00e8 la splendida immagine biblica che il canto dell\u2019Exultet riprende dalla grandiosa narrazione di Esodo 14, lettura fondamentale della Veglia [&hellip;]<\/p>\n","protected":false},"author":0,"featured_media":377,"comment_status":"closed","ping_status":"closed","sticky":false,"template":"","format":"standard","meta":{"_acf_changed":false,"ip_address":"","user_agent":"","level":"","revision":"","cookie_id":"","page_referer":"","html_form":"","footnotes":""},"categories":[90,87],"tags":[],"class_list":["post-376","post","type-post","status-publish","format-standard","has-post-thumbnail","hentry","category-liturgia","category-notizie"],"acf":[],"_links":{"self":[{"href":"https:\/\/www.patriarcatovenezia.it\/ufficioliturgico\/wp-json\/wp\/v2\/posts\/376"}],"collection":[{"href":"https:\/\/www.patriarcatovenezia.it\/ufficioliturgico\/wp-json\/wp\/v2\/posts"}],"about":[{"href":"https:\/\/www.patriarcatovenezia.it\/ufficioliturgico\/wp-json\/wp\/v2\/types\/post"}],"author":[{"embeddable":true,"href":"https:\/\/www.patriarcatovenezia.it\/ufficioliturgico\/wp-json\/wp\/v2\/users\/10"}],"replies":[{"embeddable":true,"href":"https:\/\/www.patriarcatovenezia.it\/ufficioliturgico\/wp-json\/wp\/v2\/comments?post=376"}],"version-history":[{"count":1,"href":"https:\/\/www.patriarcatovenezia.it\/ufficioliturgico\/wp-json\/wp\/v2\/posts\/376\/revisions"}],"predecessor-version":[{"id":378,"href":"https:\/\/www.patriarcatovenezia.it\/ufficioliturgico\/wp-json\/wp\/v2\/posts\/376\/revisions\/378"}],"wp:featuredmedia":[{"embeddable":true,"href":"https:\/\/www.patriarcatovenezia.it\/ufficioliturgico\/wp-json\/wp\/v2\/media\/377"}],"wp:attachment":[{"href":"https:\/\/www.patriarcatovenezia.it\/ufficioliturgico\/wp-json\/wp\/v2\/media?parent=376"}],"wp:term":[{"taxonomy":"category","embeddable":true,"href":"https:\/\/www.patriarcatovenezia.it\/ufficioliturgico\/wp-json\/wp\/v2\/categories?post=376"},{"taxonomy":"post_tag","embeddable":true,"href":"https:\/\/www.patriarcatovenezia.it\/ufficioliturgico\/wp-json\/wp\/v2\/tags?post=376"}],"curies":[{"name":"wp","href":"https:\/\/api.w.org\/{rel}","templated":true}]}}