{"id":265,"date":"2017-03-30T11:57:26","date_gmt":"2017-03-30T09:57:26","guid":{"rendered":"https:\/\/venezia.webdiocesi.it\/ufficioliturgico\/?p=265"},"modified":"2017-03-30T12:04:57","modified_gmt":"2017-03-30T10:04:57","slug":"corso-di-perfezionamento-liturgico-musicale-co-per-li-m","status":"publish","type":"post","link":"https:\/\/www.patriarcatovenezia.it\/ufficioliturgico\/2017\/03\/30\/corso-di-perfezionamento-liturgico-musicale-co-per-li-m\/","title":{"rendered":"Corso di Perfezionamento Liturgico Musicale (Co.Per.Li.M.)"},"content":{"rendered":"<div class=\"contenuto\">\n<h4 class=\"titoloint\" style=\"text-align: center\"><span style=\"color: #333399\">Corso di Perfezionamento Liturgico Musicale (Co.Per.Li.M.)<\/span><\/h4>\n<h4 class=\"sottotitoloint\" style=\"text-align: center\"><span style=\"color: #333399\">Al via le iscrizioni alla I sessione<\/span><\/h4>\n<hr \/>\n<p class=\"foto1\"><a id=\"thumb1\" class=\"highslide\" href=\"http:\/\/banchedati.chiesacattolica.it\/cci_new_v3\/allegati\/88224\/OrganoGaud%C3%AC.jpg\" data-rel=\"lightbox-image-0\" data-rl_title=\"\" data-rl_caption=\"\" title=\"\"><\/a>Ripartir\u00e0 a luglio prossimo il Corso di Perfezionamento Liturgico-Musicale, <em>Co.Per.Li.M<\/em>. , patrocinato dal Pontificio Istituto di Musica Sacra (Roma), un&#8217;opportunit\u00e0 formativa potenziata e preziosa.<br \/>\nL&#8217;iniziativa &#8211; avviata\u00a0 nel 1994 dall&#8217;Ufficio Liturgico Nazionale (ULN) della Conferenza Episcopale Italiana &#8211; ha sempre avuto come finalit\u00e0 l&#8217;approfondimento teorico-pratico della musica e del canto nella celebrazione liturgica.<br \/>\nIn ventitr\u00e8 anni di attivit\u00e0 il corso \u00e8 stato frequentato da circa\u00a0400 coristi e musicisti, provenienti da tutte le regioni d&#8217;Italia; i diplomati, ad oggi, sono circa un centinaio, di 60 Diocesi.<br \/>\nPu\u00f2 essere ammesso al corso chi \u00e8 in possesso di\u00a0titolo musicale rilasciato da un Conservatorio di Musica o da un Istituto diocesano di Musica sacra. Chi non avesse tali requisiti, potr\u00e0\u00a0accedere al Corso tramite un colloquio preliminare (per info <a href=\"http:\/\/banchedati.chiesacattolica.it\/pls\/cci_new_v3\/v3_s2ew_consultazione.mostra_pagina?id_pagina=54342\">vedi qui<\/a>)\u00a0teso a verificare una\u00a0preparazione musicale di base sulla lettura cantata della musica, sui fondamenti dell&#8217;armonia tonale, sulla storia della musica occidentale e sulla pratica di uno strumento polifonico (strumento a tastiera, chitarra, cetra, ecc.).<br \/>\nIl piano di studi\u00a0\u00e8 strutturato in quattro grandi aree: liturgia, musicologia liturgica, teoria, prassi e metodologia della vocalit\u00e0 e del canto corale, teoria, prassi e metodologia degli interventi strumentali nella liturgia. L&#8217;offerta formativa prevede\u00a0sia\u00a0corsi frontali che attivit\u00e0 didattiche\u00a0in modalit\u00e0 <em>e-learning<\/em> (<em>online<\/em>).<br \/>\nLe tre sessioni residenziali\u00a0avranno luogo: la prima (7 giorni) nel mese di luglio a Loreto (AN), la seconda dal 2 al 5 gennaio a Roma, la terza nel mese di luglio dell&#8217;anno successivo (7 giorni) a Loreto (AN).<br \/>\nLa prima sessione\u00a0di studio\u00a0si svolger\u00e0 a Loreto dal 10 al 16 luglio 2017 (<a href=\"http:\/\/banchedati.chiesacattolica.it\/pls\/cci_new_v3\/v3_s2ew_consultazione.redir_allegati_doc?p_id_pagina=54342&amp;p_id_allegato=104641\">scheda di iscrizione<\/a>).<\/p>\n<p>Per ulteriori informazioni <a href=\"http:\/\/banchedati.chiesacattolica.it\/pls\/cci_new_v3\/v3_s2ew_consultazione.mostra_pagina?id_pagina=54317\">guarda qui<\/a> oppure scrivi a <a href=\"mailto:uln@chiesacattolica.it\">uln@chiesacattolica.it<\/a>.<\/p>\n<div class=\"autore\"><\/div>\n<div class=\"allegati\">\n<div class=\"testatina_allegati\"><\/div>\n<p><a href=\"http:\/\/banchedati.chiesacattolica.it\/pls\/cci_new_v3\/v3_s2ew_consultazione.redir_allegati_doc?p_id_pagina=88224&amp;p_id_allegato=104520&amp;rifi=guest&amp;rifp=guest&amp;p_url_rimando=%2Fcci_new_v3%2Fallegati%2F88224%2FbrochureCoperlim%202017.pdf\" target=\"_blank\"><img loading=\"lazy\" decoding=\"async\" src=\"http:\/\/banchedati.chiesacattolica.it\/cci_new_v3\/images\/attach.gif\" alt=\"file attached\" width=\"13\" height=\"11\" border=\"0\" \/><span class=\"allegati\">\u00a0\u00a0\u00a0Brochure<\/span><\/a><\/p>\n<\/div>\n<\/div>\n","protected":false},"excerpt":{"rendered":"<p>Corso di Perfezionamento Liturgico Musicale (Co.Per.Li.M.) Al via le iscrizioni alla I sessione Ripartir\u00e0 a luglio prossimo il Corso di Perfezionamento Liturgico-Musicale, Co.Per.Li.M. , patrocinato dal Pontificio Istituto di Musica Sacra (Roma), un&#8217;opportunit\u00e0 formativa potenziata e preziosa. L&#8217;iniziativa &#8211; avviata\u00a0 nel 1994 dall&#8217;Ufficio Liturgico Nazionale (ULN) della Conferenza Episcopale Italiana &#8211; ha sempre avuto come [&hellip;]<\/p>\n","protected":false},"author":0,"featured_media":267,"comment_status":"closed","ping_status":"closed","sticky":false,"template":"","format":"standard","meta":{"_acf_changed":false,"ip_address":"","user_agent":"","level":"","revision":"","cookie_id":"","page_referer":"","html_form":"","footnotes":""},"categories":[90,91,87],"tags":[],"class_list":["post-265","post","type-post","status-publish","format-standard","has-post-thumbnail","hentry","category-liturgia","category-musica-e-canto","category-notizie"],"acf":[],"_links":{"self":[{"href":"https:\/\/www.patriarcatovenezia.it\/ufficioliturgico\/wp-json\/wp\/v2\/posts\/265"}],"collection":[{"href":"https:\/\/www.patriarcatovenezia.it\/ufficioliturgico\/wp-json\/wp\/v2\/posts"}],"about":[{"href":"https:\/\/www.patriarcatovenezia.it\/ufficioliturgico\/wp-json\/wp\/v2\/types\/post"}],"author":[{"embeddable":true,"href":"https:\/\/www.patriarcatovenezia.it\/ufficioliturgico\/wp-json\/wp\/v2\/users\/10"}],"replies":[{"embeddable":true,"href":"https:\/\/www.patriarcatovenezia.it\/ufficioliturgico\/wp-json\/wp\/v2\/comments?post=265"}],"version-history":[{"count":2,"href":"https:\/\/www.patriarcatovenezia.it\/ufficioliturgico\/wp-json\/wp\/v2\/posts\/265\/revisions"}],"predecessor-version":[{"id":268,"href":"https:\/\/www.patriarcatovenezia.it\/ufficioliturgico\/wp-json\/wp\/v2\/posts\/265\/revisions\/268"}],"wp:featuredmedia":[{"embeddable":true,"href":"https:\/\/www.patriarcatovenezia.it\/ufficioliturgico\/wp-json\/wp\/v2\/media\/267"}],"wp:attachment":[{"href":"https:\/\/www.patriarcatovenezia.it\/ufficioliturgico\/wp-json\/wp\/v2\/media?parent=265"}],"wp:term":[{"taxonomy":"category","embeddable":true,"href":"https:\/\/www.patriarcatovenezia.it\/ufficioliturgico\/wp-json\/wp\/v2\/categories?post=265"},{"taxonomy":"post_tag","embeddable":true,"href":"https:\/\/www.patriarcatovenezia.it\/ufficioliturgico\/wp-json\/wp\/v2\/tags?post=265"}],"curies":[{"name":"wp","href":"https:\/\/api.w.org\/{rel}","templated":true}]}}