{"id":261,"date":"2017-03-30T11:54:28","date_gmt":"2017-03-30T09:54:28","guid":{"rendered":"https:\/\/venezia.webdiocesi.it\/ufficioliturgico\/?p=261"},"modified":"2017-03-30T11:54:28","modified_gmt":"2017-03-30T09:54:28","slug":"convegno-direttori-e-collaboratori-degli-uffici-catechistici-e-liturgici-diocesani","status":"publish","type":"post","link":"https:\/\/www.patriarcatovenezia.it\/ufficioliturgico\/2017\/03\/30\/convegno-direttori-e-collaboratori-degli-uffici-catechistici-e-liturgici-diocesani\/","title":{"rendered":"Convegno Direttori e Collaboratori degli Uffici Catechistici e Liturgici diocesani"},"content":{"rendered":"<h4 class=\"titoloint\" style=\"text-align: center\"><span style=\"color: #003300\">Convegno Direttori e Collaboratori degli Uffici Catechistici e Liturgici diocesani<\/span><\/h4>\n<h4 class=\"sottotitoloint\" style=\"text-align: center\"><span style=\"color: #003300\">Bambini e ragazzi nell&#8217;azione simbolico-rituale della Chiesa: liturgia e catechesi<\/span><\/h4>\n<p class=\"foto1\" style=\"text-align: center\"><a id=\"thumb1\" class=\"highslide \" href=\"http:\/\/banchedati.chiesacattolica.it\/cci_new_v3\/allegati\/89451\/Convegno-unitario-UCN-ULN---Salerno-2017.jpg\" data-rel=\"lightbox-image-0\" data-rl_title=\"\" data-rl_caption=\"\" title=\"\"><span class=\"fotoalta1\">Convegno unitario UCN ULN &#8211; Salerno 2017<\/span><\/a><\/p>\n<div style=\"text-align: center\"><strong>Grand Hotel Salerno, 22 &#8211; 22 giugno 2017<\/strong><\/div>\n<div style=\"text-align: left\">\n<hr \/>\n<p>Un \u00abfondamentale ambito della catechesi \u00e8 la formazione di una corretta sensibilit\u00e0 liturgica, nel senso della conoscenza della liturgia e delle sue esigenze\u00a0\u2013\u00a0il senso del rito, l&#8217;anno liturgico, la forma rituale dei sacramenti e i testi eucologici\u00a0\u2013\u00a0e, ancor pi\u00f9, nel senso di apertura al Mistero di Dio e di incontro con il Cristo che in essa, per opera dello Spirito attraverso la Chiesa, accade. Una visione della liturgia solo in prospettiva concettuale e didattica va contro la sua natura di\u00a0<em>forma che d\u00e0 forma<\/em>, secondo la quale il credente, pervenuto alla fede, si lascia plasmare ed educare dall&#8217;azione liturgica, quale espressione del culto della Chiesa nella sua fontalit\u00e0 sacramentale, sorgente della vita cristiana. La celebrazione, inoltre, con i suoi plurimi linguaggi che interpellano il cuore, la mente, i sensi corporei e psichici e con le sue esigenze comunitarie ha un grandissimo potenziale educativo\u00bb (CEI,\u00a0<em>Incontriamo Ges\u00f9,\u00a0<\/em>n. 17).<\/div>\n<div>Questi elementi offerti dagli orientamenti nazionali per l&#8217;annuncio e la catechesi del 2014 vanno verificati nel momento in cui la Chiesa introduce alla fede bambini e ragazzi. Le &#8220;buone pratiche&#8221; catechistiche e celebrative con cui abbiamo cura dei pi\u00f9 piccoli sono un banco di prova e, insieme, un&#8217;occasione di approfondimento del modo in cui la comunit\u00e0 ecclesiale pu\u00f2 assolvere al suo compito di introdurre alla vita cristiana.\n<\/div>\n<h3><strong>Programma<\/strong><\/h3>\n<p class=\"testoint\"><strong>Marted\u00ec 20 giugno 2017\u00a0\u00a0\u00a0\u00a0\u00a0\u00a0\u00a0\u00a0\u00a0\u00a0\u00a0\u00a0\u00a0\u00a0\u00a0\u00a0\u00a0\u00a0\u00a0\u00a0\u00a0\u00a0\u00a0\u00a0\u00a0\u00a0\u00a0\u00a0\u00a0\u00a0\u00a0\u00a0\u00a0\u00a0\u00a0\u00a0\u00a0\u00a0\u00a0\u00a0\u00a0\u00a0\u00a0\u00a0\u00a0\u00a0\u00a0\u00a0\u00a0\u00a0\u00a0\u00a0\u00a0\u00a0<\/strong><\/p>\n<div><strong>15,30<\/strong>\u00a0\u00a0 \u00a0 Celebrazione dell&#8217;Ora Media<\/div>\n<div>\u00a0 \u00a0 \u00a0 \u00a0 \u00a0 \u00a0 \u00a0 \u00a0Saluto \u00a0S. E. mons. Luciano Monari\u00a0\u2013\u00a0S. E. mons. Claudio Maniago<br \/>\nIntroduzione \u00a0Franco Magnani\u00a0\u2013\u00a0Paolo Sartor<br \/>\n<strong>16,15<\/strong>\u00a0\u00a0 \u00a0\u00a0<em>\u00abPlasmati ed educati dall&#8217;azione liturgica\u00bb (cfr\u00a0<\/em>IG<em>\u00a017). L&#8217;orizzonte simbolico rituale della \u00a0 \u00a0 \u00a0 \u00a0 \u00a0 \u00a0 \u00a0 \u00a0 \u00a0 \u00a0 \u00a0 \u00a0 \u00a0 rivelazione-fede<\/em>\u00a0\u00a0Pierangelo Sequeri<br \/>\n<em>\u00a0 \u00a0 \u00a0 \u00a0 \u00a0 \u00a0 \u00a0 \u00a0Criteri per l&#8217;azione liturgica<\/em>\u00a0\u00a0Luigi Girardi<br \/>\n<em>\u00a0 \u00a0 \u00a0 \u00a0 \u00a0 \u00a0 \u00a0 \u00a0Criteri per l&#8217;azione catechistica \u00a0<\/em>Carmelo Torcivia<br \/>\n<strong>17,45<\/strong>\u00a0\u00a0 \u00a0 Pausa<br \/>\n<strong>18,15<\/strong>\u00a0\u00a0 \u00a0\u00a0<em>Gesti, feste, riti nella vicenda di una famiglia italiana<\/em>\u00a0\u00a0Catena Fiorello<br \/>\n<strong>19,00<\/strong>\u00a0\u00a0 \u00a0 In ascolto delle pratiche<\/div>\n<ul>\n<li><strong>A <\/strong>The Little Angels.\u00a0<em>Alla Messa con i fanciulli \u00a0<\/em>(Diocesi di Concordia\u00a0<em>&#8211;\u00a0<\/em>Pordenone)<\/li>\n<li><strong>B<\/strong><em>\u00a0 Iniziazione alla fede dei bambini 3-7 anni e dei loro genitori: un progetto catechistico e liturgico \u00a0<\/em>(Diocesi di Quimper\u00a0<em>&#8211;\u00a0<\/em>L\u00e9on, Francia)<\/li>\n<li><strong>C<\/strong><em>\u00a0 L&#8217;iniziazione simbolico-rituale di bambini e ragazzi con bisogni educativi speciali \u00a0<\/em>(Arcidiocesi di Washington, USA)<\/li>\n<\/ul>\n<div><strong>20,30<\/strong>\u00a0\u00a0 \u00a0 Cena<\/div>\n<p class=\"testoint\">\n<strong>Mercoled\u00ec 21 giugno 2017<\/strong><\/p>\n<div><strong>\u200b8,00<\/strong>\u00a0\u00a0 \u00a0 \u00a0 Celebrazione dell&#8217;Eucaristia presieduta da S. E. mons. Nunzio Galantino<br \/>\n<strong>9,30\u00a0<\/strong>\u00a0 \u00a0 \u00a0\u00a0<em>L&#8217;azione simbolico-rituale inizia alla vita della\u00a0<\/em><em>Chiesa<\/em>\u00a0\u00a0Loris Della Pietra<br \/>\n<em>La famiglia introduce i bambini alla simbolica della vita liturgica<\/em>\u00a0\u00a0Valeria Trapani<br \/>\nDibattito<br \/>\n<strong>11,15<\/strong>\u00a0\u00a0 \u00a0 Pausa<br \/>\n<strong>11,45<\/strong>\u00a0\u00a0 \u00a0\u00a0<em>Liturgia e catechesi: un dialogo in divenire<\/em>\u00a0\u00a0Luca Palazzi<br \/>\n<em>\u00a0 \u00a0 \u00a0 \u00a0 \u00a0 \u00a0 \u00a0 \u00a0Catechesi, liturgia e famiglia nella &#8220;prima arcata&#8221; dell&#8217;iniziazione<\/em>\u00a0\u00a0Morena Baldacci<br \/>\nDibattito<br \/>\n<strong>13,30<\/strong>\u00a0\u00a0 \u00a0 Pranzo<br \/>\n<strong>15,30<\/strong>\u00a0\u00a0 \u00a0 Laboratori:<\/div>\n<ol>\n<li><em>Liturgie ecumeniche della Parola, con bambini, in Svizzera\u00a0<\/em>(Anna Maria Fricker\u2013Canteri e Katharina Wagner)<\/li>\n<li><em>Dalle tenebre alla luce. La veglia pasquale con persone non vedenti\u00a0<\/em>(Movimento Apostolico Ciechi, Salerno\u00a0\u2013\u00a0Diocesi Amalfi &#8211; Cava\u00a0\u2013\u00a0Fiorenza Pestelli)<\/li>\n<li><em>Bambini alla Messa: un&#8217;esperienza parrocchiale\u00a0<\/em>(Sinuhe Marotta\u00a0\u2013\u00a0Francesca Crea Lanza)<\/li>\n<li><em>Liturgia con ragazzi e itinerari associativi\u00a0<\/em>(Fabio Trudu\u00a0\u2013\u00a0Teresa Borrelli\u00a0\u2013\u00a0Andrea della Bianca)<\/li>\n<li><em>Educare alla penitenza bambini con disturbi del neurosviluppo\u00a0<\/em>(Arcidiocesi di Washington\u00a0\u2013\u00a0Veronica Donatello)<\/li>\n<li><em>Ars celebrandi: codici comunicativi &#8220;vecchi&#8221; e &#8220;nuovi&#8221;\u00a0<\/em>(Giuseppe Busani\u00a0\u2013\u00a0Giancarla Barbon)<\/li>\n<li><em>Didattica del simbolo: come rapportare esperienza umana e proposta cristiana\u00a0<\/em>(Franca Feliziani Kannheiser\u00a0\u2013\u00a0Michela Soligo)<\/li>\n<li><em>Parola di Dio, lectio divina, preghiera, celebrazione\u00a0<\/em>(Fulvio Bertellini\u00a0\u2013\u00a0Salvatore Soreca)<\/li>\n<li><em>Le celebrazioni negli itinerari di catechesi: passaggi e consegne\u00a0<\/em>(Pietro Angelo Muroni\u00a0\u2013\u00a0Cettina Cacciato Insilla)<\/li>\n<li><em>Il rito e il ritmo nella liturgia con persone pluridisabili<\/em>\u00a0(Istituto Seraphicum, Assisi\u00a0\u2013\u00a0Antonella Meneghetti)<\/li>\n<li><em>Preparare e celebrare le liturgie con i ragazzi: le diverse ministerialit\u00e0\u00a0<\/em>(Angelo Lameri\u00a0\u2013\u00a0Enzo Fiore)<\/li>\n<li><em>Proposte di formazione liturgica per i catechisti\u00a0<\/em>(Michele Roselli\u00a0\u2013\u00a0Valeria Trapani)<\/li>\n<li><em>Celebrare cantando con i bambini e i ragazzi\u00a0<\/em>(Domenico Donatelli\u00a0\u2013\u00a0Elena Massimi)<\/li>\n<li><em>Iniziazione simbolico-rituale dei fanciulli e piet\u00e0 popolare\u00a0<\/em>(Francesco Zaccaria\u00a0\u2013\u00a0Giovanni Di Napoli)<\/li>\n<li><em>L&#8217;omelia nella Messa con i fanciulli\u00a0<\/em>(Paolo Tomatis\u00a0\u2013\u00a0Gianni Gualtieri)<\/li>\n<li><em>Lo spazio celebrativo e le sue trasformazioni per i bambini\u00a0<\/em>(Andrea Longhi\u00a0\u2013\u00a0Morena Baldacci)<\/li>\n<\/ol>\n<div><strong>20,30<\/strong>\u00a0\u00a0 \u00a0 Aperitivo con prodotti tipici e cena<\/div>\n<p class=\"testoint\">\n<strong>Gioved\u00ec 22 giugno 2017\u00a0\u00a0\u00a0\u00a0\u00a0\u00a0\u00a0\u00a0\u00a0\u00a0\u00a0\u00a0\u00a0\u00a0\u00a0\u00a0\u00a0\u00a0\u00a0\u00a0\u00a0\u00a0\u00a0\u00a0\u00a0\u00a0\u00a0\u00a0\u00a0\u00a0\u00a0\u00a0\u00a0\u00a0\u00a0\u00a0\u00a0\u00a0\u00a0\u00a0\u00a0\u00a0\u00a0\u00a0<\/strong><\/p>\n<div><strong>9,30<\/strong>\u00a0\u00a0 \u00a0 \u00a0\u00a0<em>Abitare la vita &#8211; vivere la fede: tempi, spazi, affetti e linguaggi nelle diverse fasi della \u00a0 \u00a0 \u00a0 \u00a0 \u00a0 \u00a0 \u00a0 \u00a0 \u00a0 \u00a0 \u00a0 \u00a0 \u00a0 \u00a0 \u00a0 \u00a0 crescita<\/em>\u00a0\u00a0Franca Feliziani Kannheiser<br \/>\nDibattito<br \/>\n<strong>11,00<\/strong>\u00a0\u00a0 \u00a0 Pausa<br \/>\n<strong>11,30<\/strong>\u00a0\u00a0 \u00a0 Sintesi dei laboratori \u00a0Marco Gallo<br \/>\nConclusioni \u00a0Paolo Sartor\u00a0\u2013\u00a0Franco Magnani<br \/>\nCelebrazione dell&#8217;Ora Media<br \/>\n<strong>13,00<\/strong>\u00a0\u00a0 \u00a0 Pranzo &#8211; Partenze<br \/>\n_____________________________________________<\/div>\n<div>\n<strong>Note logistiche<\/strong><\/div>\n<div>\n<strong>SEDE<\/strong><br \/>\nGrand Hotel Salerno, Lungomare Clemente Tafuri, 1\u00a0\u2013\u00a0Salerno<br \/>\nTel 089 70.41.111\u00a0\u2013\u00a0<u><strong><a href=\"http:\/\/www.grandhotelsalerno.it\/\">www.grandhotelsalerno.it<\/a><\/strong><\/u><\/p>\n<p><strong>ISCRIZIONI<\/strong><br \/>\nOgni Diocesi pu\u00f2 iscrivere fino a 4 persone. Esigenze ulteriori saranno accolte in base ai posti disponibili.<\/div>\n<div>\u00c8 possibile iscriversi on line dal link\u00a0<u><strong><a href=\"http:\/\/www.iniziative.chiesacattolica.it\/convegnocatechisticoliturgico\">http:\/\/www.iniziative.chiesacattolica.it\/convegnocatechisticoliturgico<\/a><\/strong><\/u>\u00a0fino al 4 maggio 2017.<\/div>\n<div>Chi riscontrasse difficolt\u00e0 nella procedura \u00e8 pregato di contattare la segreteria ai numeri 06 66398234 &#8211;\u00a006 66398275.<br \/>\nQualora terminassero le camere presso il Grand Hotel Salerno, l&#8217;organizzazione si impegna a reperirne altre presso strutture vicine.\u00a0Sar\u00e0 importante contattare la segreteria organizzativa (tel. 06 66398234 &#8211; 06 66398275) per gli accordi del caso.<\/p>\n<p>Per la richiesta di diverse esigenze logistiche si prega di contattare la segreteria organizzativa (tel. 06 66398234 &#8211; 06 66398275) o inviare una email all&#8217;indirizzo uln@chiesacattolica.it.<\/p>\n<p><strong>QUOTE<\/strong><br \/>\n<em>Con alloggio<\/em>\u00a0dalla cena del 20\/6 al pranzo del 22\/6 (non frazionabile)<br \/>\nin camera singola incluso il contributo liberale \u00a0 \u00a0 \u00a0Euro 210,00<br \/>\nin camera doppia incluso il contributo liberale \u00a0 \u00a0 \u00a0 Euro 160,00<\/p>\n<p><em>Senza alloggio<\/em><br \/>\nContributo liberale \u00a0 \u00a0 Euro 40,00<br \/>\nSingolo pasto \u00a0 \u00a0 \u00a0 \u00a0 \u00a0 \u00a0 \u00a0Euro 23,00<\/p>\n<p><strong>MODALIT\u00c0 DI VERSAMENTO<\/strong><br \/>\n<em>Conto corrente postale<\/em>: CCP n. 45508009 intestato a Conferenza Episcopale Italiana; causale 16835 Convegno UCN-ULN 2017 + cognome partecipante\/i.<br \/>\n<em>Bonifico bancario<\/em>: Banco Popolare, IBAN IT17U 05034 1175 0000000165900; causale 16835 Convegno UCN-ULN 2017 + cognome partecipante\/i.<br \/>\nLa conferma del pagamento va comunicata entro il 30 aprile inserendo il PDF o il numero di CRO nell&#8217;inscrizione on line oppure inviandone copia al fax 06 66398204 o via mail a <a href=\"mailto:uln@chiesacattolica.it\">uln@chiesacattolica.it<\/a>.<\/p>\n<p><strong>CELEBRAZIONI LITURGICHE\u00a0<\/strong><br \/>\nSacerdoti e diaconi sono invitati a portare con s\u00e9 camice e stola di colore bianco.<\/p>\n<p><em>\u00c8 prevista la pubblicazione integrale degli atti del Convegno.<\/em><\/p>\n<p><u><strong>SEGRETERIA ORGANIZZATIVA<\/strong><\/u><br \/>\nUfficio liturgico nazionale\u00a0\u2013\u00a0Ufficio catechistico nazionale<br \/>\nTel. 06 66398234\u00a0\u2013\u00a006 66398275<br \/>\n<a href=\"mailto:uln@chiesacattolica.it\">uln@chiesacattolica.it<\/a><\/div>\n<div class=\"testatina_allegati\"><\/div>\n<p class=\"allegati\"><a href=\"http:\/\/banchedati.chiesacattolica.it\/pls\/cci_new_v3\/v3_s2ew_consultazione.redir_allegati_doc?p_id_pagina=89451&amp;p_id_allegato=105072&amp;rifi=guest&amp;rifp=guest&amp;p_url_rimando=%2Fcci_new_v3%2Fallegati%2F89451%2FNote%20logistiche%20e%20Istruzioni%20per%20l%27iscrizione.pdf\" target=\"_blank\"><img loading=\"lazy\" decoding=\"async\" src=\"http:\/\/banchedati.chiesacattolica.it\/cci_new_v3\/images\/attach.gif\" alt=\"file attached\" width=\"13\" height=\"11\" border=\"0\" \/><span class=\"allegati\">\u00a0\u00a0\u00a0PDF con Note logistiche<\/span><\/a><br \/>\n<a href=\"http:\/\/banchedati.chiesacattolica.it\/pls\/cci_new_v3\/v3_s2ew_consultazione.redir_allegati_doc?p_id_pagina=89451&amp;p_id_allegato=105073&amp;rifi=guest&amp;rifp=guest&amp;p_url_rimando=%2Fcci_new_v3%2Fallegati%2F89451%2FProgramma%20-%20convegno%20UCN%20ULN%20-%20Salerno%202017.pdf\" target=\"_blank\"><img loading=\"lazy\" decoding=\"async\" src=\"http:\/\/banchedati.chiesacattolica.it\/cci_new_v3\/images\/attach.gif\" alt=\"file attached\" width=\"13\" height=\"11\" border=\"0\" \/><span class=\"allegati\">\u00a0\u00a0\u00a0PDF con Programma<\/span><\/a><\/p>\n","protected":false},"excerpt":{"rendered":"<p>Convegno Direttori e Collaboratori degli Uffici Catechistici e Liturgici diocesani Bambini e ragazzi nell&#8217;azione simbolico-rituale della Chiesa: liturgia e catechesi Convegno unitario UCN ULN &#8211; Salerno 2017 Grand Hotel Salerno, 22 &#8211; 22 giugno 2017 Un \u00abfondamentale ambito della catechesi \u00e8 la formazione di una corretta sensibilit\u00e0 liturgica, nel senso della conoscenza della liturgia e [&hellip;]<\/p>\n","protected":false},"author":0,"featured_media":262,"comment_status":"closed","ping_status":"closed","sticky":false,"template":"","format":"standard","meta":{"_acf_changed":false,"ip_address":"","user_agent":"","level":"","revision":"","cookie_id":"","page_referer":"","html_form":"","footnotes":""},"categories":[90,87],"tags":[],"class_list":["post-261","post","type-post","status-publish","format-standard","has-post-thumbnail","hentry","category-liturgia","category-notizie"],"acf":[],"_links":{"self":[{"href":"https:\/\/www.patriarcatovenezia.it\/ufficioliturgico\/wp-json\/wp\/v2\/posts\/261"}],"collection":[{"href":"https:\/\/www.patriarcatovenezia.it\/ufficioliturgico\/wp-json\/wp\/v2\/posts"}],"about":[{"href":"https:\/\/www.patriarcatovenezia.it\/ufficioliturgico\/wp-json\/wp\/v2\/types\/post"}],"author":[{"embeddable":true,"href":"https:\/\/www.patriarcatovenezia.it\/ufficioliturgico\/wp-json\/wp\/v2\/users\/10"}],"replies":[{"embeddable":true,"href":"https:\/\/www.patriarcatovenezia.it\/ufficioliturgico\/wp-json\/wp\/v2\/comments?post=261"}],"version-history":[{"count":2,"href":"https:\/\/www.patriarcatovenezia.it\/ufficioliturgico\/wp-json\/wp\/v2\/posts\/261\/revisions"}],"predecessor-version":[{"id":264,"href":"https:\/\/www.patriarcatovenezia.it\/ufficioliturgico\/wp-json\/wp\/v2\/posts\/261\/revisions\/264"}],"wp:featuredmedia":[{"embeddable":true,"href":"https:\/\/www.patriarcatovenezia.it\/ufficioliturgico\/wp-json\/wp\/v2\/media\/262"}],"wp:attachment":[{"href":"https:\/\/www.patriarcatovenezia.it\/ufficioliturgico\/wp-json\/wp\/v2\/media?parent=261"}],"wp:term":[{"taxonomy":"category","embeddable":true,"href":"https:\/\/www.patriarcatovenezia.it\/ufficioliturgico\/wp-json\/wp\/v2\/categories?post=261"},{"taxonomy":"post_tag","embeddable":true,"href":"https:\/\/www.patriarcatovenezia.it\/ufficioliturgico\/wp-json\/wp\/v2\/tags?post=261"}],"curies":[{"name":"wp","href":"https:\/\/api.w.org\/{rel}","templated":true}]}}