{"id":257,"date":"2017-02-23T15:28:23","date_gmt":"2017-02-23T14:28:23","guid":{"rendered":"https:\/\/venezia.webdiocesi.it\/ufficioliturgico\/?p=257"},"modified":"2017-02-23T15:33:52","modified_gmt":"2017-02-23T14:33:52","slug":"sussidio-quaresima-e-pasqua-2017","status":"publish","type":"post","link":"https:\/\/www.patriarcatovenezia.it\/ufficioliturgico\/2017\/02\/23\/sussidio-quaresima-e-pasqua-2017\/","title":{"rendered":"Sussidio Quaresima e Pasqua 2017"},"content":{"rendered":"<div class=\"titoloint\">\n<hr \/>\n<\/div>\n<table style=\"height: 194px\" width=\"740\" cellspacing=\"0\" cellpadding=\"0\" align=\"\" bgcolor=\"\">\n<tbody>\n<tr>\n<td>\n<div class=\"foto\"><a id=\"thumb1\" class=\"highslide\" href=\"http:\/\/www.chiesacattolica.it\/cci_new_v3\/allegati\/88097\/ceneri.jpg\" data-rel=\"lightbox-image-0\" data-rl_title=\"\" data-rl_caption=\"\" title=\"\"><span class=\"fotoalta1\"><img loading=\"lazy\" decoding=\"async\" class=\"imgfotoalta1 alignleft\" src=\"http:\/\/www.chiesacattolica.it\/cci_new_v3\/allegati\/88097\/ceneri.jpg\" alt=\"Mercoled\u00ec 1\u00b0 marzo comincia la Quaresima. La domenica di Pasqua quest'anno sar\u00e0 il 16 aprile\" width=\"229\" height=\"169\" \/><br \/>\n<\/span><\/a><\/div>\n<div class=\"foto\"><\/div>\n<div class=\"foto\"><\/div>\n<div class=\"foto\"><strong><span class=\"fotoalta1\">Mercoled\u00ec 1\u00b0 marzo comincia la Quaresima.<\/span><\/strong><\/div>\n<div class=\"foto\"><strong><span class=\"fotoalta1\">La domenica di Pasqua quest&#8217;anno sar\u00e0 il 16 aprile<\/span><\/strong><\/div>\n<\/td>\n<\/tr>\n<\/tbody>\n<\/table>\n<div class=\"sottotitoloint\"><\/div>\n<div class=\"testoint\">\u00c8 online <a href=\"http:\/\/www.chiesacattolica.it\/quaresima2017\/siti_di_uffici_e_servizi\/ufficio_liturgico_nazionale\/00087754_Introduzione.html\">\u201cQuesti \u00e8 il Figlio mio, l\u2019amato: ascoltatelo\u201d, il sussidio per la Quaresima e il tempo di Pasqua<\/a>. Curato dall\u2019Ufficio Liturgico Nazionale, il testo \u00e8 disponibile sul sito dedicato ed \u00e8 liberamente consultabile e scaricabile. Nella <a href=\"http:\/\/www.chiesacattolica.it\/quaresima2017\/siti_di_uffici_e_servizi\/ufficio_liturgico_nazionale\/00087734_Questi_e_il_Figlio_mio__l_amato__ascoltatelo.html#main\" target=\"_blank\">presentazione<\/a>, Mons. Nunzio Galantino sottolinea come, nel clima comunicativo attuale che \u201cprevede un incessante tentativo di prendere la parola\u201d, non sia facile \u201cporgere orecchio, rendersi disponibili, attenti, recettivi\u201d. Per questo \u201cil comando che risuona sul monte \u00e8 molto attuale, anche se controcorrente\u201d.<br \/>\nOgni sezione del Sussidio \u00e8 consultabile singolarmente. La lettura \u00e8 scandita dalle riflessioni e dalla liturgia indicate per il Mercoled\u00ec delle Ceneri, le 5 domeniche di Quaresima, la Domenica delle Palme e il Triduo Pasquale. <a href=\"http:\/\/www.chiesacattolica.it\/quaresima2017\/siti_di_uffici_e_servizi\/ufficio_liturgico_nazionale\/00087754_Introduzione.html\" target=\"_blank\">L\u2019introduzione<\/a> all\u2019opera \u00e8 a cura di don Franco Magnani, direttore dell\u2019Ufficio Liturgico Nazionale.<\/div>\n","protected":false},"excerpt":{"rendered":"<p>Mercoled\u00ec 1\u00b0 marzo comincia la Quaresima. La domenica di Pasqua quest&#8217;anno sar\u00e0 il 16 aprile \u00c8 online \u201cQuesti \u00e8 il Figlio mio, l\u2019amato: ascoltatelo\u201d, il sussidio per la Quaresima e il tempo di Pasqua. Curato dall\u2019Ufficio Liturgico Nazionale, il testo \u00e8 disponibile sul sito dedicato ed \u00e8 liberamente consultabile e scaricabile. Nella presentazione, Mons. Nunzio [&hellip;]<\/p>\n","protected":false},"author":0,"featured_media":260,"comment_status":"closed","ping_status":"closed","sticky":false,"template":"","format":"standard","meta":{"_acf_changed":false,"ip_address":"","user_agent":"","level":"","revision":"","cookie_id":"","page_referer":"","html_form":"","footnotes":""},"categories":[90,87],"tags":[],"class_list":["post-257","post","type-post","status-publish","format-standard","has-post-thumbnail","hentry","category-liturgia","category-notizie"],"acf":[],"_links":{"self":[{"href":"https:\/\/www.patriarcatovenezia.it\/ufficioliturgico\/wp-json\/wp\/v2\/posts\/257"}],"collection":[{"href":"https:\/\/www.patriarcatovenezia.it\/ufficioliturgico\/wp-json\/wp\/v2\/posts"}],"about":[{"href":"https:\/\/www.patriarcatovenezia.it\/ufficioliturgico\/wp-json\/wp\/v2\/types\/post"}],"author":[{"embeddable":true,"href":"https:\/\/www.patriarcatovenezia.it\/ufficioliturgico\/wp-json\/wp\/v2\/users\/10"}],"replies":[{"embeddable":true,"href":"https:\/\/www.patriarcatovenezia.it\/ufficioliturgico\/wp-json\/wp\/v2\/comments?post=257"}],"version-history":[{"count":2,"href":"https:\/\/www.patriarcatovenezia.it\/ufficioliturgico\/wp-json\/wp\/v2\/posts\/257\/revisions"}],"predecessor-version":[{"id":259,"href":"https:\/\/www.patriarcatovenezia.it\/ufficioliturgico\/wp-json\/wp\/v2\/posts\/257\/revisions\/259"}],"wp:featuredmedia":[{"embeddable":true,"href":"https:\/\/www.patriarcatovenezia.it\/ufficioliturgico\/wp-json\/wp\/v2\/media\/260"}],"wp:attachment":[{"href":"https:\/\/www.patriarcatovenezia.it\/ufficioliturgico\/wp-json\/wp\/v2\/media?parent=257"}],"wp:term":[{"taxonomy":"category","embeddable":true,"href":"https:\/\/www.patriarcatovenezia.it\/ufficioliturgico\/wp-json\/wp\/v2\/categories?post=257"},{"taxonomy":"post_tag","embeddable":true,"href":"https:\/\/www.patriarcatovenezia.it\/ufficioliturgico\/wp-json\/wp\/v2\/tags?post=257"}],"curies":[{"name":"wp","href":"https:\/\/api.w.org\/{rel}","templated":true}]}}