{"id":2177,"date":"2025-01-16T13:28:40","date_gmt":"2025-01-16T12:28:40","guid":{"rendered":"https:\/\/www.patriarcatovenezia.it\/ufficioliturgico\/?p=2177"},"modified":"2025-01-16T13:28:40","modified_gmt":"2025-01-16T12:28:40","slug":"domenica-della-parola-di-dio-26-gennaio","status":"publish","type":"post","link":"https:\/\/www.patriarcatovenezia.it\/ufficioliturgico\/2025\/01\/16\/domenica-della-parola-di-dio-26-gennaio\/","title":{"rendered":"Domenica della Parola di Dio (26 gennaio)"},"content":{"rendered":"<hr \/>\n<p><b>VI Domenica della Parola di Dio<\/b><\/p>\n<p style=\"padding-left: 40px;\"><em>La Domenica della Parola di Dio \u00e8 una iniziativa profondamente pastorale con cui papa Francesco vuole far comprendere quanto sia importante nella vita quotidiana della Chiesa e delle nostre comunit\u00e0 il riferimento alla Parola di Dio, una Parola non confinata in un libro, ma che resta sempre viva e si fa segno concreto e tangibile.<\/em><\/p>\n<p style=\"padding-left: 40px;\"><em>Il motto scelto dal Santo Padre per l&#8217;edizione del 2025, all&#8217;interno dell&#8217;Anno giubilare, \u00e8 un versetto del Salmo 119, \u00abSpero nella tua Parola\u00bb. Si tratta di un grido di speranza: l\u2019uomo, nel momento dell\u2019angoscia, della tribolazione, del non-senso, grida a Dio e mette tutta la sua speranza in lui.<\/em><\/p>\n<p style=\"padding-left: 40px;\"><em>Questo Sussidio pastorale si propone come un aiuto che si vuole offrire alle comunit\u00e0 parrocchiali e a quanti si raccolgono per la celebrazione della santa Eucarestia domenicale, perch\u00e9 questa Domenica sia vissuta intensamente.<\/em><\/p>\n<p style=\"padding-left: 40px;\">S.E.R. Mons. Rino Fisichella<\/p>\n<p><a href=\"http:\/\/www.evangelizatio.va\/content\/pcpne\/it\/attivita\/parola\/2025\/sussidio.html\">Sussidio liturgico-pastorale<\/a> a cura del Dicastero per l&#8217;Evangelizzazione<\/p>\n<hr \/>\n<p>Per la Domenica della Parola di Dio, che si celebra il 26 gennaio 2025, l\u2019Ufficio Catechistico (con il suo Settore dell\u2019Apostolato Biblico), l\u2019Ufficio Liturgico Nazionale, l\u2019Ufficio Nazionale per i Problemi sociali e il Lavoro e l\u2019Ufficio Nazionale per i Beni Culturali Ecclesiastici e l\u2019Edilizia di Culto hanno preparato un <a href=\"https:\/\/catechistico.chiesacattolica.it\/sussidio-per-la-celebrazionedella-domenica-della-parola-2\/\">Sussidio sul tema del giubileo<\/a><\/p>\n<div id=\"pgc-w5775387f2b5ac-1-1\" class=\"panel-grid-cell\">\n<div class=\"col-lg-12 cci-content-tbt-page-wrapper-content panel-cell-style panel-cell-style-for-w5775387f2b5ac-1-1\">\n<div id=\"panel-w5775387f2b5ac-1-1-0\" class=\"so-panel widget widget_text panel-first-child panel-last-child\" data-index=\"4\">\n<div class=\"textwidget\">\n<p style=\"padding-left: 40px;\"><em>In sintonia con l\u2019indizione del 2025 quale anno giubilare da parte di Papa Francesco, il Sussidio per la celebrazione della\u00a0Domenica della Parola di Dio\u00a0di quest\u2019anno contiene spunti per la preghiera, la meditazione e la riflessione sul tema del\u00a0giubileo.<\/em><\/p>\n<p style=\"padding-left: 40px;\"><em>\u00abL\u2019idea originaria e la celebrazione odierna del \u201cgiubileo\u201d \u2013 spiega S.Ec. Mons. Giuseppe Baturi nella Introduzione \u2013 trovano il loro fondamento nella Sacra Scrittura\u00bb.<\/em><br \/>\n<em>Dai testi dell\u2019Antico Testamento, come il libro del Levitico, sino alla predicazione di Ges\u00f9, il tema del giubileo attraversa la Scrittura quale sinonimo di libert\u00e0. In quest\u2019ottica \u2013 continua Mons. Baturi \u2013 \u00abl\u2019 \u201canno di grazia del Signore\u201d (cfr. Lc 4,19; Is 61,2) \u00e8 un tempo speciale, in cui porre gesti concreti di speranza per un futuro nuovo, rispettoso della dignit\u00e0 di tutte le creature di Dio, affrancato dalla schiavit\u00f9 delle cose materiali e aperto al trascendente\u00bb.<\/em><\/p>\n<p style=\"padding-left: 40px;\"><em>I testi, le musiche, i commenti e le immagini a cura dell\u2019Ufficio Catechistico (con il suo Settore dell\u2019Apostolato Biblico), dell\u2019Ufficio Liturgico Nazionale, dell\u2019Ufficio Nazionale per i Problemi sociali e il Lavoro e dell\u2019Ufficio Nazionale per i Beni Culturali Ecclesiastici e l\u2019Edilizia di Culto intendono aiutare le comunit\u00e0 diocesane e parrocchiali ad approfondire un tema ancora molto attuale e presente nella vita personale e comunitaria dei credenti.<\/em><\/p>\n<\/div>\n<\/div>\n<\/div>\n<\/div>\n<div id=\"pgc-w5775387f2b5ac-1-2\" class=\"panel-grid-cell\">\n<div class=\"col-lg-12 seed_content_tbt_single_attachments panel-cell-style panel-cell-style-for-w5775387f2b5ac-1-2\">\n<div id=\"panel-w5775387f2b5ac-1-2-0\" class=\"so-panel widget widget_text panel-first-child panel-last-child\" data-index=\"5\">\n<div class=\"textwidget\">\n<p class=\"wpba_attachment_list_title\">ALLEGATI:<\/p>\n<div id=\"wpba_attachment_list\" class=\"wpba wpba-wrap\">\n<ul class=\"seed_content_tbt_single_attachments_list\">\n<li id=\"wpba_attachment_list_10414\" class=\"wpba-list-item\"><a class=\"wpba-link pull-left\" title=\"Sussidio_2025_pagina_singola\" href=\"https:\/\/catechistico.chiesacattolica.it\/wp-content\/uploads\/sites\/11\/2025\/02\/14\/DomenicaParola-2025-singola.pdf\" target=\"_blank\" rel=\"noopener\">Sussidio_2025_pagina_singola<\/a><\/li>\n<li class=\"wpba-list-item\"><a class=\"wpba-link pull-left\" title=\"Sussidio_2025_pagina_doppia\" href=\"https:\/\/catechistico.chiesacattolica.it\/wp-content\/uploads\/sites\/11\/2025\/02\/14\/DomenicaParola-2025-doppia.pdf\" target=\"_blank\" rel=\"noopener\">Sussidio_2025_pagina_doppia<\/a><\/li>\n<li class=\"wpba-list-item\"><a class=\"wpba-link pull-left\" title=\"salmo 18-le tue parole signore sono spirito e vita (versione mp3)\" href=\"https:\/\/catechistico.chiesacattolica.it\/wp-content\/uploads\/sites\/11\/2025\/01\/14\/salmo-18-le-tue-parole-signore-sono-spirito-e-vita.mp3\" target=\"_blank\" rel=\"noopener\">salmo 18-le tue parole signore sono spirito e vita (versione mp3)<\/a><\/li>\n<li class=\"wpba-list-item\"><a class=\"wpba-link pull-left\" title=\"salmo 18-le tue parole signore sono spirito e vita (versione wav)\" href=\"https:\/\/catechistico.chiesacattolica.it\/wp-content\/uploads\/sites\/11\/2025\/01\/14\/salmo-18-le-tue-parole-signore-sono-spirito-e-vita.wav\" target=\"_blank\" rel=\"noopener\">salmo 18-le tue parole signore sono spirito e vita (versione wav)<\/a><\/li>\n<\/ul>\n<\/div>\n<\/div>\n<\/div>\n<\/div>\n<\/div>\n","protected":false},"excerpt":{"rendered":"<p>VI Domenica della Parola di Dio La Domenica della Parola di Dio \u00e8 una iniziativa profondamente pastorale con cui papa Francesco vuole far comprendere quanto sia importante nella vita quotidiana della Chiesa e delle nostre comunit\u00e0 il riferimento alla Parola di Dio, una Parola non confinata in un libro, ma che resta sempre viva e [&hellip;]<\/p>\n","protected":false},"author":0,"featured_media":2178,"comment_status":"closed","ping_status":"closed","sticky":false,"template":"","format":"standard","meta":{"_acf_changed":false,"ip_address":"","user_agent":"","level":"","revision":"","cookie_id":"","page_referer":"","html_form":"","footnotes":""},"categories":[90,87],"tags":[103,104],"class_list":["post-2177","post","type-post","status-publish","format-standard","has-post-thumbnail","hentry","category-liturgia","category-notizie","tag-domenica","tag-parola"],"acf":[],"_links":{"self":[{"href":"https:\/\/www.patriarcatovenezia.it\/ufficioliturgico\/wp-json\/wp\/v2\/posts\/2177"}],"collection":[{"href":"https:\/\/www.patriarcatovenezia.it\/ufficioliturgico\/wp-json\/wp\/v2\/posts"}],"about":[{"href":"https:\/\/www.patriarcatovenezia.it\/ufficioliturgico\/wp-json\/wp\/v2\/types\/post"}],"author":[{"embeddable":true,"href":"https:\/\/www.patriarcatovenezia.it\/ufficioliturgico\/wp-json\/wp\/v2\/users\/10"}],"replies":[{"embeddable":true,"href":"https:\/\/www.patriarcatovenezia.it\/ufficioliturgico\/wp-json\/wp\/v2\/comments?post=2177"}],"version-history":[{"count":2,"href":"https:\/\/www.patriarcatovenezia.it\/ufficioliturgico\/wp-json\/wp\/v2\/posts\/2177\/revisions"}],"predecessor-version":[{"id":2180,"href":"https:\/\/www.patriarcatovenezia.it\/ufficioliturgico\/wp-json\/wp\/v2\/posts\/2177\/revisions\/2180"}],"wp:featuredmedia":[{"embeddable":true,"href":"https:\/\/www.patriarcatovenezia.it\/ufficioliturgico\/wp-json\/wp\/v2\/media\/2178"}],"wp:attachment":[{"href":"https:\/\/www.patriarcatovenezia.it\/ufficioliturgico\/wp-json\/wp\/v2\/media?parent=2177"}],"wp:term":[{"taxonomy":"category","embeddable":true,"href":"https:\/\/www.patriarcatovenezia.it\/ufficioliturgico\/wp-json\/wp\/v2\/categories?post=2177"},{"taxonomy":"post_tag","embeddable":true,"href":"https:\/\/www.patriarcatovenezia.it\/ufficioliturgico\/wp-json\/wp\/v2\/tags?post=2177"}],"curies":[{"name":"wp","href":"https:\/\/api.w.org\/{rel}","templated":true}]}}