{"id":1071,"date":"2023-05-10T09:06:42","date_gmt":"2023-05-10T07:06:42","guid":{"rendered":"https:\/\/venezia.webdiocesi.it\/ufficioliturgico\/?p=1071"},"modified":"2023-05-10T09:11:05","modified_gmt":"2023-05-10T07:11:05","slug":"ritrovare-forza-dalleucaristia-convegno-ecclesiale-triveneto-sulla-liturgia","status":"publish","type":"post","link":"https:\/\/www.patriarcatovenezia.it\/ufficioliturgico\/2023\/05\/10\/ritrovare-forza-dalleucaristia-convegno-ecclesiale-triveneto-sulla-liturgia\/","title":{"rendered":"&#8220;Ritrovare forza dall&#8217;Eucaristia&#8221; &#8211; Convegno ecclesiale Triveneto sulla Liturgia"},"content":{"rendered":"<p>Il Convegno liturgico delle Chiese locali del Triveneto &#8220;RITROVARE FORZA DALL&#8217;EUCARISTIA&#8221; vedr\u00e0 realizzare la sua prima tappa nella fase diocesana a Zelarino il prossimo <strong>20 maggio<\/strong>, nella prospettiva, poi, della convocazione di tutta la Regione ecclesiastica a Verona il <strong>30 settembre<\/strong>.<br \/>\nTale Convegno segner\u00e0 una tappa fondamentale nel cammino sinodale delle nostre Chiese locali, perch\u00e9 ci potr\u00e0 aiutare a comprendere sempre meglio come la Liturgia, in particolare l\u2019Eucaristia, possa dare davvero significato e forza alla vita e alla testimonianza delle comunit\u00e0 ecclesiali e dei singoli cristiani.<\/p>\n<p>Tutte le diocesi sono state invitate a comporre una <em>delegazione<\/em> che possa partecipare a entrambi i momenti, ma la prima fase diocesana pu\u00f2 essere anche il luogo dove accogliere altre figure interessate all&#8217;argomento, proprio perch\u00e9 non si \u00e8 pensato di limitare questa riflessione solo a chi fa servizio in questo ambito pastorale, ma di invitare tutte le componenti della comunit\u00e0 cristiana.<br \/>\nL&#8217;Eucaristia \u00e8 di tutti, il banchetto attorno al quale Dio raduna e dona forza al suo popolo, la sorgente della comunione e della missione.<br \/>\nPer poter partecipare scrivere a <strong>ufficioliturgico@patriarcatovenezia.it<\/strong><\/p>\n<p>&nbsp;<\/p>\n<blockquote><p>&gt;&gt; Scarica la<strong> <a href=\"https:\/\/venezia.webdiocesi.it\/ufficioliturgico\/wp-content\/uploads\/sites\/3\/2023\/05\/Convegno-Liturgia.pdf\">locandina<\/a><\/strong><\/p><\/blockquote>\n<p><iframe loading=\"lazy\" title=\"Convegno ecclesiale sulla liturgia delle Chiese del Triveneto (sabato 20 maggio e 30 settembre)\" width=\"500\" height=\"281\" src=\"https:\/\/www.youtube.com\/embed\/oKIMfROc_do?feature=oembed\" frameborder=\"0\" allow=\"accelerometer; autoplay; clipboard-write; encrypted-media; gyroscope; picture-in-picture; web-share\" referrerpolicy=\"strict-origin-when-cross-origin\" allowfullscreen><\/iframe><\/p>\n","protected":false},"excerpt":{"rendered":"<p>Il Convegno liturgico delle Chiese locali del Triveneto &#8220;RITROVARE FORZA DALL&#8217;EUCARISTIA&#8221; vedr\u00e0 realizzare la sua prima tappa nella fase diocesana a Zelarino il prossimo 20 maggio, nella prospettiva, poi, della convocazione di tutta la Regione ecclesiastica a Verona il 30 settembre. Tale Convegno segner\u00e0 una tappa fondamentale nel cammino sinodale delle nostre Chiese locali, perch\u00e9 [&hellip;]<\/p>\n","protected":false},"author":0,"featured_media":1072,"comment_status":"closed","ping_status":"closed","sticky":false,"template":"","format":"standard","meta":{"_acf_changed":false,"ip_address":"","user_agent":"","level":"","revision":"","cookie_id":"","page_referer":"","html_form":"","footnotes":""},"categories":[90,87],"tags":[],"class_list":["post-1071","post","type-post","status-publish","format-standard","has-post-thumbnail","hentry","category-liturgia","category-notizie"],"acf":[],"_links":{"self":[{"href":"https:\/\/www.patriarcatovenezia.it\/ufficioliturgico\/wp-json\/wp\/v2\/posts\/1071"}],"collection":[{"href":"https:\/\/www.patriarcatovenezia.it\/ufficioliturgico\/wp-json\/wp\/v2\/posts"}],"about":[{"href":"https:\/\/www.patriarcatovenezia.it\/ufficioliturgico\/wp-json\/wp\/v2\/types\/post"}],"author":[{"embeddable":true,"href":"https:\/\/www.patriarcatovenezia.it\/ufficioliturgico\/wp-json\/wp\/v2\/users\/9"}],"replies":[{"embeddable":true,"href":"https:\/\/www.patriarcatovenezia.it\/ufficioliturgico\/wp-json\/wp\/v2\/comments?post=1071"}],"version-history":[{"count":4,"href":"https:\/\/www.patriarcatovenezia.it\/ufficioliturgico\/wp-json\/wp\/v2\/posts\/1071\/revisions"}],"predecessor-version":[{"id":1079,"href":"https:\/\/www.patriarcatovenezia.it\/ufficioliturgico\/wp-json\/wp\/v2\/posts\/1071\/revisions\/1079"}],"wp:featuredmedia":[{"embeddable":true,"href":"https:\/\/www.patriarcatovenezia.it\/ufficioliturgico\/wp-json\/wp\/v2\/media\/1072"}],"wp:attachment":[{"href":"https:\/\/www.patriarcatovenezia.it\/ufficioliturgico\/wp-json\/wp\/v2\/media?parent=1071"}],"wp:term":[{"taxonomy":"category","embeddable":true,"href":"https:\/\/www.patriarcatovenezia.it\/ufficioliturgico\/wp-json\/wp\/v2\/categories?post=1071"},{"taxonomy":"post_tag","embeddable":true,"href":"https:\/\/www.patriarcatovenezia.it\/ufficioliturgico\/wp-json\/wp\/v2\/tags?post=1071"}],"curies":[{"name":"wp","href":"https:\/\/api.w.org\/{rel}","templated":true}]}}