{"id":622,"date":"2025-09-01T13:02:29","date_gmt":"2025-09-01T11:02:29","guid":{"rendered":"https:\/\/www.patriarcatovenezia.it\/ufficio-missionario\/?p=622"},"modified":"2025-09-08T13:06:27","modified_gmt":"2025-09-08T11:06:27","slug":"in-missione-per-il-vangelo-insieme","status":"publish","type":"post","link":"https:\/\/www.patriarcatovenezia.it\/ufficio-missionario\/2025\/09\/01\/in-missione-per-il-vangelo-insieme\/","title":{"rendered":"In missione per il Vangelo, insieme"},"content":{"rendered":"<p>Con l&#8217;incontro del 15 settembre ore 18:30 al centro Cardinal Urbani inizia il cammino di un gruppo che vuole riunire tutte le persone desiderose di vivere un&#8217;esperienza di incontro e di annuncio del Vangelo a tutti i popoli della terra.<\/p>\n<p>\u00c8 questo infatti l&#8217;orizzonte a cui ogni cristiano \u00e8 chiamato a vivere la propria dimensione della fede. Lo faremo con incontri, attivit\u00e0 e progetti, che ci daranno la possibilit\u00e0 di prepararci per viaggi &#8220;fino agli estremi confini della terra&#8221;. (At 1, 8)<\/p>\n<p>Chi vorr\u00e0 fare esperienze di viaggi in terra di missione con la diocesi di Venezia, entrer\u00e0 a far parte di questo gruppo, che dar\u00e0 la preparazione necessaria a vivere in pienezza questo tipo di esperienze.<\/p>\n<p>Analogamente, chi ha gi\u00e0 fatto questo tipo di esperienze e desidera continuare a vivere lo spirito missionario, trover\u00e0 la sua naturale collocazione in questa compagnia.<\/p>\n<p>Vi attendiamo con gioia.<\/p>\n<p>&nbsp;<\/p>\n<p>Fabio Rossi, <em>direttore<\/em><\/p>\n","protected":false},"excerpt":{"rendered":"<p>Con l&#8217;incontro del 15 settembre ore 18:30 al centro Cardinal Urbani inizia il cammino di un gruppo che vuole riunire tutte le persone desiderose di vivere un&#8217;esperienza di incontro e di annuncio del Vangelo a tutti i popoli della terra. \u00c8 questo infatti l&#8217;orizzonte a cui ogni cristiano \u00e8 chiamato a vivere la propria dimensione [&hellip;]<\/p>\n","protected":false},"author":0,"featured_media":623,"comment_status":"closed","ping_status":"closed","sticky":false,"template":"","format":"standard","meta":{"_acf_changed":false,"ip_address":"","user_agent":"","level":"","revision":"","cookie_id":"","page_referer":"","html_form":"","footnotes":""},"categories":[7,1],"tags":[14,45,36],"class_list":["post-622","post","type-post","status-publish","format-standard","has-post-thumbnail","hentry","category-appuntamenti-iniziative","category-cmd","tag-formazione","tag-gruppo","tag-missione"],"acf":[],"_links":{"self":[{"href":"https:\/\/www.patriarcatovenezia.it\/ufficio-missionario\/wp-json\/wp\/v2\/posts\/622"}],"collection":[{"href":"https:\/\/www.patriarcatovenezia.it\/ufficio-missionario\/wp-json\/wp\/v2\/posts"}],"about":[{"href":"https:\/\/www.patriarcatovenezia.it\/ufficio-missionario\/wp-json\/wp\/v2\/types\/post"}],"author":[{"embeddable":true,"href":"https:\/\/www.patriarcatovenezia.it\/ufficio-missionario\/wp-json\/wp\/v2\/users\/10"}],"replies":[{"embeddable":true,"href":"https:\/\/www.patriarcatovenezia.it\/ufficio-missionario\/wp-json\/wp\/v2\/comments?post=622"}],"version-history":[{"count":3,"href":"https:\/\/www.patriarcatovenezia.it\/ufficio-missionario\/wp-json\/wp\/v2\/posts\/622\/revisions"}],"predecessor-version":[{"id":626,"href":"https:\/\/www.patriarcatovenezia.it\/ufficio-missionario\/wp-json\/wp\/v2\/posts\/622\/revisions\/626"}],"wp:featuredmedia":[{"embeddable":true,"href":"https:\/\/www.patriarcatovenezia.it\/ufficio-missionario\/wp-json\/wp\/v2\/media\/623"}],"wp:attachment":[{"href":"https:\/\/www.patriarcatovenezia.it\/ufficio-missionario\/wp-json\/wp\/v2\/media?parent=622"}],"wp:term":[{"taxonomy":"category","embeddable":true,"href":"https:\/\/www.patriarcatovenezia.it\/ufficio-missionario\/wp-json\/wp\/v2\/categories?post=622"},{"taxonomy":"post_tag","embeddable":true,"href":"https:\/\/www.patriarcatovenezia.it\/ufficio-missionario\/wp-json\/wp\/v2\/tags?post=622"}],"curies":[{"name":"wp","href":"https:\/\/api.w.org\/{rel}","templated":true}]}}