{"id":350,"date":"2023-06-12T10:25:47","date_gmt":"2023-06-12T08:25:47","guid":{"rendered":"https:\/\/venezia.webdiocesi.it\/ufficio-missionario\/?p=350"},"modified":"2023-06-12T10:25:47","modified_gmt":"2023-06-12T08:25:47","slug":"assemblea-missionaria-triveneto-28-10","status":"publish","type":"post","link":"https:\/\/www.patriarcatovenezia.it\/ufficio-missionario\/2023\/06\/12\/assemblea-missionaria-triveneto-28-10\/","title":{"rendered":"Assemblea missionaria Triveneto 28\/10"},"content":{"rendered":"<hr \/>\n<p><em><strong>\u201cQuale missione e animazione siamo chiamati a vivere insieme oggi?\u201d<\/strong><\/em> sar\u00e0 il tema dell\u2019Assemblea missionaria delle Diocesi del Triveneto in programma a Pordenone <strong>sabato 28 ottobre<\/strong> dalle ore 9.30 alle 16.30 presso il Seminario diocesano di Concordia-Pordenone.<\/p>\n<p>L&#8217;Assemblea \u00e8 in continuit\u00e0 tematica e di metodo con quella del 2019, che aveva come obiettivo generale di allora era \u201cavviare un processo d\u2019interscambio e\u00a0confronto attivo tra le 15 diocesi del Triveneto sull\u2019urgente conversione pastorale e individuare sinodalmente tracce per nuove prassi pastorali missionarie\u201d. A\u00a0partire da questo riferimento ancora attuale,\u00a0il desiderio \u00e8 di recuperare quel processo attivato attraverso laboratori per macro-aree che ha\u00a0fatto vivere in maniera positiva ed efficace l\u2019esperienza di lavoro d\u2019insieme tra Centri Missionari\u00a0Diocesani rafforzando la progettualit\u00e0 interdiocesana.<\/p>\n<p>\u00c8 previsto un percorso pre-assembleare di tipo\u00a0sinodale e corresponsabile da svolgere sui territori diocesani, che faccia emergere un linguaggio\u00a0condiviso dandoci l\u2019occasione di passare dall\u2019\u201cautoreferenzialit\u00e0 al noi ecclesiale\u201d.<\/p>\n<p>Scrive Papa Francesco:<\/p>\n<blockquote><p>\u201cCi\u00f2 che intendo offrire va nella linea di un discernimento evangelico. \u00c8 lo\u00a0sguardo del discepolo missionario che \u00absi nutre della luce e della forza dello Spirito Santo\u00bb. [\u2026] Sulla\u00a0realt\u00e0 contemporanea esorto tutte le comunit\u00e0 ad avere una \u00absempre vigile capacit\u00e0 di studiare i segni\u00a0dei tempi\u00bb.\u201d (EG 50-51).<\/p><\/blockquote>\n<p>Questo stile di discernimento e condivisione di esperienze e di proposte concrete, vuole diventare opportunit\u00e0 per rinvigorire la vocazione missionaria di ciascun battezzato, perch\u00e9 si senta\u00a0un soggetto attivo dell\u2019evangelizzazione dentro una comunit\u00e0 ministeriale e offrire nuovo slancio\u00a0all\u2019animazione missionaria e alla sua ricaduta nella pastorale.<\/p>\n<p>\u201cL\u2019annuncio si concentra sull\u2019essenziale, su ci\u00f2 che \u00e8 pi\u00f9 bello, pi\u00f9 grande, pi\u00f9 attraente e allo stesso\u00a0tempo pi\u00f9 necessario\u201d (EG 35). L\u2019assemblea punta quindi ad essere una tappa importante di rilancio, di orizzonte nuovo, di obiettivi comuni e un contributo concreto da offrire alle nostre Chiese\u00a0del Triveneto sui temi esposti sopra.<\/p>\n<p><em>Gli obiettivi dell&#8217;Assemblea 2023:<\/em><\/p>\n<ul>\n<li>Riconoscere un linguaggio comune su ci\u00f2 che intendiamo per missione e stile di evangelizzazione alla luce anche dei documenti Evangelii Gaudium, Fratelli Tutti, Laudato S\u00ec e Querida<br \/>\nAmazonia.<\/li>\n<li>Scegliere una linea comune rispetto a forme, criteri, stile di animazione missionaria da proporre in maniera dinamica e creativa alle diocesi.<\/li>\n<li>Definire l\u2019identit\u00e0, specificit\u00e0 e il contributo dei CMD rispetto ai due nuclei tematici missione\u00a0e animazione.<\/li>\n<li>Individuare proposte per promuovere una conversione in chiave missionaria di tutta la pastorale e possibili scelte concrete che realizzino la Chiesa in uscita nel nostro contesto e nel<br \/>\nmondo.<\/li>\n<\/ul>\n<p><strong><a href=\"https:\/\/venezia.webdiocesi.it\/ufficio-missionario\/wp-content\/uploads\/sites\/15\/2023\/06\/Tracce-di-lavoro_assemblea-triveneto-2023.pdf\">Tracce-di-lavoro_assemblea-triveneto-2023<\/a><\/strong><\/p>\n<hr \/>\n<p>&nbsp;<\/p>\n","protected":false},"excerpt":{"rendered":"<p>\u201cQuale missione e animazione siamo chiamati a vivere insieme oggi?\u201d sar\u00e0 il tema dell\u2019Assemblea missionaria delle Diocesi del Triveneto in programma a Pordenone sabato 28 ottobre dalle ore 9.30 alle 16.30 presso il Seminario diocesano di Concordia-Pordenone. L&#8217;Assemblea \u00e8 in continuit\u00e0 tematica e di metodo con quella del 2019, che aveva come obiettivo generale di [&hellip;]<\/p>\n","protected":false},"author":0,"featured_media":352,"comment_status":"closed","ping_status":"closed","sticky":false,"template":"","format":"standard","meta":{"_acf_changed":false,"ip_address":"","user_agent":"","level":"","revision":"","cookie_id":"","page_referer":"","html_form":"","footnotes":""},"categories":[7,1],"tags":[23,21,22],"class_list":["post-350","post","type-post","status-publish","format-standard","has-post-thumbnail","hentry","category-appuntamenti-iniziative","category-cmd","tag-23","tag-assemblea","tag-triveneto"],"acf":[],"_links":{"self":[{"href":"https:\/\/www.patriarcatovenezia.it\/ufficio-missionario\/wp-json\/wp\/v2\/posts\/350"}],"collection":[{"href":"https:\/\/www.patriarcatovenezia.it\/ufficio-missionario\/wp-json\/wp\/v2\/posts"}],"about":[{"href":"https:\/\/www.patriarcatovenezia.it\/ufficio-missionario\/wp-json\/wp\/v2\/types\/post"}],"author":[{"embeddable":true,"href":"https:\/\/www.patriarcatovenezia.it\/ufficio-missionario\/wp-json\/wp\/v2\/users\/10"}],"replies":[{"embeddable":true,"href":"https:\/\/www.patriarcatovenezia.it\/ufficio-missionario\/wp-json\/wp\/v2\/comments?post=350"}],"version-history":[{"count":3,"href":"https:\/\/www.patriarcatovenezia.it\/ufficio-missionario\/wp-json\/wp\/v2\/posts\/350\/revisions"}],"predecessor-version":[{"id":355,"href":"https:\/\/www.patriarcatovenezia.it\/ufficio-missionario\/wp-json\/wp\/v2\/posts\/350\/revisions\/355"}],"wp:featuredmedia":[{"embeddable":true,"href":"https:\/\/www.patriarcatovenezia.it\/ufficio-missionario\/wp-json\/wp\/v2\/media\/352"}],"wp:attachment":[{"href":"https:\/\/www.patriarcatovenezia.it\/ufficio-missionario\/wp-json\/wp\/v2\/media?parent=350"}],"wp:term":[{"taxonomy":"category","embeddable":true,"href":"https:\/\/www.patriarcatovenezia.it\/ufficio-missionario\/wp-json\/wp\/v2\/categories?post=350"},{"taxonomy":"post_tag","embeddable":true,"href":"https:\/\/www.patriarcatovenezia.it\/ufficio-missionario\/wp-json\/wp\/v2\/tags?post=350"}],"curies":[{"name":"wp","href":"https:\/\/api.w.org\/{rel}","templated":true}]}}