{"id":61,"date":"2019-08-09T18:52:49","date_gmt":"2019-08-09T16:52:49","guid":{"rendered":"https:\/\/venezia.webdiocesi.it\/pastorale-universitaria\/?p=61"},"modified":"2022-02-09T15:35:54","modified_gmt":"2022-02-09T14:35:54","slug":"non-di-solo-pane","status":"publish","type":"post","link":"https:\/\/www.patriarcatovenezia.it\/pastorale-universitaria\/2019\/08\/09\/non-di-solo-pane\/","title":{"rendered":"Non di solo pane"},"content":{"rendered":"<div style=\"text-align: justify\">\n<p>La domenica sera, alle 19.00, presso la chiesa di San Giacomo dall\u2019Orio, la celebrazione eucaristica \u00e8 animata principalmente dagli studenti universitari: \u00e8 l\u2019occasione in cui la comunit\u00e0 che noi siamo trova il suo principale nutrimento. Come sta scritto nel Vangelo secondo Marco (e anche in quello secondo Luca e nel Deuteronomio), lo spirito richiede il suo proprio cibo: l\u2019eucaristia.<\/p>\n<p>Certamente la celebrazione eucaristica non \u00e8 il solo momento in cui si possa nutrire e fortificare lo spirito: la preghiera \u2013 che ci unisce al Padre \u2013 non ha nella chiesa il suo luogo esclusivo.<\/p>\n<p>Tuttavia, \u00e8 nella celebrazione del sacrificio di Cristo che si attinge alla forza della comunione, alla forza che istituisce e custodisce la comunit\u00e0. Affinch\u00e9 un gruppo, anche il pi\u00f9 numeroso, possa costituirsi come una comunit\u00e0, c\u2019\u00e8 infatti bisogno di un legame destinale: cio\u00e8 di un legame che ci aiuti a mettere a fuoco ci\u00f2 a cui siamo destinati. L\u2019eucaristia rinnova la comunit\u00e0 corroborandone il legame, d\u00e0 a tutti e ciascuno la forza di camminare sotto il segno della Grazia.<\/p>\n<p>Senza quest\u2019energia, il legame fisiologicamente si esaurisce e la comunit\u00e0 finisce per non essere all\u2019altezza del desiderio delle persone che ad essa si affidano. A ben vedere, come ogni forma di ordine, la comunit\u00e0 ha bisogno della cura e dell\u2019investimento di coloro i quali danno ad essa vita e corpo e voce.<\/p>\n<p>L\u2019invito \u00e8 dunque rivolto a tutti gli studenti e le studentesse che abbiano desiderio di camminare insieme, nel percorso di ricerca di cui ciascuno di noi \u00e8 chiamato a fare esperienza.<\/p>\n<p>P.S. Nessun prerequisito: non occorre essere santi, n\u00e9 intonati (ah si, c\u2019\u00e8 pure il coro). Occorre solo non chiudersi.<\/p>\n<p>&nbsp;<\/p>\n<\/div>\n","protected":false},"excerpt":{"rendered":"<p>La domenica sera, alle 19.00, presso la chiesa di San Giacomo dall\u2019Orio, la celebrazione eucaristica \u00e8 animata principalmente dagli studenti universitari: \u00e8 l\u2019occasione in cui la comunit\u00e0 che noi siamo trova il suo principale nutrimento. Come sta scritto nel Vangelo secondo Marco (e anche in quello secondo Luca e nel Deuteronomio), lo spirito richiede il suo proprio cibo: l\u2019eucaristia.<\/p>\n","protected":false},"author":0,"featured_media":65,"comment_status":"closed","ping_status":"closed","sticky":false,"template":"","format":"standard","meta":{"_acf_changed":false,"ip_address":"","user_agent":"","level":"","revision":"","cookie_id":"","page_referer":"","html_form":"","footnotes":""},"categories":[138,1,140],"tags":[144,142,143],"class_list":["post-61","post","type-post","status-publish","format-standard","has-post-thumbnail","hentry","category-in-evidenza","category-news","category-spiritualita","tag-eucaristia","tag-in-evidenza","tag-spiritualita"],"acf":[],"_links":{"self":[{"href":"https:\/\/www.patriarcatovenezia.it\/pastorale-universitaria\/wp-json\/wp\/v2\/posts\/61"}],"collection":[{"href":"https:\/\/www.patriarcatovenezia.it\/pastorale-universitaria\/wp-json\/wp\/v2\/posts"}],"about":[{"href":"https:\/\/www.patriarcatovenezia.it\/pastorale-universitaria\/wp-json\/wp\/v2\/types\/post"}],"author":[{"embeddable":true,"href":"https:\/\/www.patriarcatovenezia.it\/pastorale-universitaria\/wp-json\/wp\/v2\/users\/22"}],"replies":[{"embeddable":true,"href":"https:\/\/www.patriarcatovenezia.it\/pastorale-universitaria\/wp-json\/wp\/v2\/comments?post=61"}],"version-history":[{"count":5,"href":"https:\/\/www.patriarcatovenezia.it\/pastorale-universitaria\/wp-json\/wp\/v2\/posts\/61\/revisions"}],"predecessor-version":[{"id":85,"href":"https:\/\/www.patriarcatovenezia.it\/pastorale-universitaria\/wp-json\/wp\/v2\/posts\/61\/revisions\/85"}],"wp:featuredmedia":[{"embeddable":true,"href":"https:\/\/www.patriarcatovenezia.it\/pastorale-universitaria\/wp-json\/wp\/v2\/media\/65"}],"wp:attachment":[{"href":"https:\/\/www.patriarcatovenezia.it\/pastorale-universitaria\/wp-json\/wp\/v2\/media?parent=61"}],"wp:term":[{"taxonomy":"category","embeddable":true,"href":"https:\/\/www.patriarcatovenezia.it\/pastorale-universitaria\/wp-json\/wp\/v2\/categories?post=61"},{"taxonomy":"post_tag","embeddable":true,"href":"https:\/\/www.patriarcatovenezia.it\/pastorale-universitaria\/wp-json\/wp\/v2\/tags?post=61"}],"curies":[{"name":"wp","href":"https:\/\/api.w.org\/{rel}","templated":true}]}}