{"id":575,"date":"2023-06-01T17:22:50","date_gmt":"2023-06-01T15:22:50","guid":{"rendered":"https:\/\/venezia.webdiocesi.it\/pastorale-universitaria\/?p=575"},"modified":"2023-06-02T12:43:45","modified_gmt":"2023-06-02T10:43:45","slug":"i-nostri-prossimi-incontri","status":"publish","type":"post","link":"https:\/\/www.patriarcatovenezia.it\/pastorale-universitaria\/2023\/06\/01\/i-nostri-prossimi-incontri\/","title":{"rendered":"CONTINUIAMO INSIEME IL NOSTRO PERCORSO"},"content":{"rendered":"<p>All&#8217;inizio di ogni nuovo anno pu\u00f2 esserci il desiderio di realt\u00e0 nuove, inedite, di novit\u00e0. Quest&#8217;anno, per quanto riguarda la Pastorale Universitaria, francamente desidererei il contrario o, meglio, spero che quanto il Signore ci ha dato nel nostro servizio dei primi mesi dell&#8217;anno accademico continui a benedirci. E la benedizione pi\u00f9 grande ha la voce e il volto di quanti si appassionano nell&#8217;offrire speranza e vita buona, quella che Dio condivide con noi. La nostra newsletter racconta anche questo.<\/p>\n<p style=\"text-align: right\">(don Gilberto Sabbadin)<\/p>\n<hr \/>\n<p><strong><span style=\"color: #3366ff\">DAI NOSTRI LUNEDI&#8217; INSIEME<\/span>\u00a0<\/strong><\/p>\n<p>Resta un punto fermo di ritrovo l\u2019incontro del luned\u00ec sera al Centro Scalzi: partendo dalla preghiera dei Vespri delle 19:15, per poi passare alla cena in condivisione e agli incontri che, di volta in volta, vedono la trattazione di tematiche diverse, a partire dagli spunti e gli interessi di chi a questi incontri partecipa. Si tratta di un gruppo vario, che tra le presenze fisse conta don Gilberto Sabbadin, i padri carmelitani del convento degli Scalzi, una suora e due frati domenicani e un gruppo di giovani, molti dei quali universitari, che hanno trovato in questo incontro un\u2019occasione per rinnovare, di settimana in settimana, la propria volont\u00e0 di partecipare in maniera attiva e consapevole ad un\u2019iniziativa che si pone, tra i vari obiettivi, anche quello di far conoscere e vivere la citt\u00e0. Offrire momenti di accompagnamento nel cammino di fede e di approfondimento culturale, artistico e religioso significa infatti fornire al pubblico chiavi di lettura sempre nuove, con cui guardare alla realt\u00e0 vissuta con pi\u00f9 spunti, facendosi pi\u00f9 domande e cercando pi\u00f9 risposte.<\/p>\n<p class=\"last-child\"><strong>(luned\u00ec 30 gennaio)\u00a0<\/strong>nella sede del Centro Scalzi, la Pastorale Universitaria ha incontrato le varie realt\u00e0 del territorio che si occupano di servizi di carit\u00e0. La serata, proposta in collaborazione con Caritas Veneziana, che ha presentato i suoi numerosi ambiti di servizio con la presenza di Martina e Giuliana, ha dato spazio a numerose associazioni attive sul territorio veneziano: AfrikaS\u00ec, la Cooperativa AquaAltra, la societ\u00e0 di San Vincenzo De Paoli e la comunit\u00e0 di Sant\u2019Egidio.<br \/>\nUna serata di incontro e racconto, per scoprire in quali ambiti un giovane a Venezia possa offrire il suo tempo e la sua presenza per il bene degli altri.<img loading=\"lazy\" decoding=\"async\" class=\"wp-image-580 alignleft\" src=\"https:\/\/venezia.webdiocesi.it\/pastorale-universitaria\/wp-content\/uploads\/sites\/12\/2023\/06\/eefe4d93-feef-c79f-af47-918536c1d01b.jpg\" alt=\"\" width=\"231\" height=\"187\" srcset=\"https:\/\/www.patriarcatovenezia.it\/pastorale-universitaria\/wp-content\/uploads\/sites\/12\/2023\/06\/eefe4d93-feef-c79f-af47-918536c1d01b.jpg 960w, https:\/\/www.patriarcatovenezia.it\/pastorale-universitaria\/wp-content\/uploads\/sites\/12\/2023\/06\/eefe4d93-feef-c79f-af47-918536c1d01b-300x244.jpg 300w, https:\/\/www.patriarcatovenezia.it\/pastorale-universitaria\/wp-content\/uploads\/sites\/12\/2023\/06\/eefe4d93-feef-c79f-af47-918536c1d01b-768x624.jpg 768w\" sizes=\"(max-width: 231px) 100vw, 231px\" \/><\/p>\n<p class=\"last-child\"><strong>(Luned\u00ec 6 febbraio)\u00a0<\/strong>Tre incontri\u00a0che ci condurranno alla scoperta del pensiero di Papa Benedetto XVI, rileggendolo in funzione dell\u2019universit\u00e0 come struttura formativa e luogo di crescita della persona, andando oltre i luoghi comuni. Nella sala del Centro Scalzi si \u00e8 riempita di persone venute ad ascoltare il dott. Giorgio Lapadula nel suo intervento\u00a0<em>Papa Ratzinger: un cristianesimo conservatore? Riflessioni critiche oltre i luoghi comuni<\/em>.<\/p>\n<hr \/>\n<p class=\"last-child\" style=\"text-align: center\">&#8220;Vi ricordiamo gli\u00a0appuntamenti fissi\u00a0che permettono a chiunque desideri di costruire, settimana dopo settimana, un rapporto sempre pi\u00f9 sincero e profondo con la realt\u00e0 che come Pastorale Universitaria vogliamo offrire: un luogo di serenit\u00e0 in cui ogni giovane e\/o studente \u00e8 invitato ad esprimere se stesso liberamente, con l\u2019obiettivo di crescere insieme nella conoscenza e nella spiritualit\u00e0.&#8221;<\/p>\n<p><img loading=\"lazy\" decoding=\"async\" class=\"alignnone size-full wp-image-581\" src=\"https:\/\/venezia.webdiocesi.it\/pastorale-universitaria\/wp-content\/uploads\/sites\/12\/2023\/06\/da7668e3-d65a-108b-d7bb-7e1fbe502e99.jpg\" alt=\"\" width=\"1156\" height=\"673\" srcset=\"https:\/\/www.patriarcatovenezia.it\/pastorale-universitaria\/wp-content\/uploads\/sites\/12\/2023\/06\/da7668e3-d65a-108b-d7bb-7e1fbe502e99.jpg 1156w, https:\/\/www.patriarcatovenezia.it\/pastorale-universitaria\/wp-content\/uploads\/sites\/12\/2023\/06\/da7668e3-d65a-108b-d7bb-7e1fbe502e99-300x175.jpg 300w, https:\/\/www.patriarcatovenezia.it\/pastorale-universitaria\/wp-content\/uploads\/sites\/12\/2023\/06\/da7668e3-d65a-108b-d7bb-7e1fbe502e99-768x447.jpg 768w, https:\/\/www.patriarcatovenezia.it\/pastorale-universitaria\/wp-content\/uploads\/sites\/12\/2023\/06\/da7668e3-d65a-108b-d7bb-7e1fbe502e99-1024x596.jpg 1024w\" sizes=\"(max-width: 1156px) 100vw, 1156px\" \/><\/p>\n","protected":false},"excerpt":{"rendered":"<p>All&#8217;inizio di ogni nuovo anno pu\u00f2 esserci il desiderio di realt\u00e0 nuove, inedite, di novit\u00e0. Quest&#8217;anno, per quanto riguarda la Pastorale Universitaria, francamente desidererei il contrario o, meglio, spero che quanto il Signore ci ha dato nel nostro servizio dei primi mesi dell&#8217;anno accademico continui a benedirci. E la benedizione pi\u00f9 grande ha la voce [&hellip;]<\/p>\n","protected":false},"author":0,"featured_media":579,"comment_status":"closed","ping_status":"closed","sticky":false,"template":"","format":"standard","meta":{"_acf_changed":false,"ip_address":"","user_agent":"","level":"","revision":"","cookie_id":"","page_referer":"","html_form":"","footnotes":""},"categories":[1],"tags":[],"class_list":["post-575","post","type-post","status-publish","format-standard","has-post-thumbnail","hentry","category-news"],"acf":[],"_links":{"self":[{"href":"https:\/\/www.patriarcatovenezia.it\/pastorale-universitaria\/wp-json\/wp\/v2\/posts\/575"}],"collection":[{"href":"https:\/\/www.patriarcatovenezia.it\/pastorale-universitaria\/wp-json\/wp\/v2\/posts"}],"about":[{"href":"https:\/\/www.patriarcatovenezia.it\/pastorale-universitaria\/wp-json\/wp\/v2\/types\/post"}],"author":[{"embeddable":true,"href":"https:\/\/www.patriarcatovenezia.it\/pastorale-universitaria\/wp-json\/wp\/v2\/users\/22"}],"replies":[{"embeddable":true,"href":"https:\/\/www.patriarcatovenezia.it\/pastorale-universitaria\/wp-json\/wp\/v2\/comments?post=575"}],"version-history":[{"count":4,"href":"https:\/\/www.patriarcatovenezia.it\/pastorale-universitaria\/wp-json\/wp\/v2\/posts\/575\/revisions"}],"predecessor-version":[{"id":583,"href":"https:\/\/www.patriarcatovenezia.it\/pastorale-universitaria\/wp-json\/wp\/v2\/posts\/575\/revisions\/583"}],"wp:featuredmedia":[{"embeddable":true,"href":"https:\/\/www.patriarcatovenezia.it\/pastorale-universitaria\/wp-json\/wp\/v2\/media\/579"}],"wp:attachment":[{"href":"https:\/\/www.patriarcatovenezia.it\/pastorale-universitaria\/wp-json\/wp\/v2\/media?parent=575"}],"wp:term":[{"taxonomy":"category","embeddable":true,"href":"https:\/\/www.patriarcatovenezia.it\/pastorale-universitaria\/wp-json\/wp\/v2\/categories?post=575"},{"taxonomy":"post_tag","embeddable":true,"href":"https:\/\/www.patriarcatovenezia.it\/pastorale-universitaria\/wp-json\/wp\/v2\/tags?post=575"}],"curies":[{"name":"wp","href":"https:\/\/api.w.org\/{rel}","templated":true}]}}