{"id":565,"date":"2022-12-20T16:39:53","date_gmt":"2022-12-20T15:39:53","guid":{"rendered":"https:\/\/venezia.webdiocesi.it\/pastorale-universitaria\/?p=565"},"modified":"2023-07-31T10:03:32","modified_gmt":"2023-07-31T08:03:32","slug":"buon-natale","status":"publish","type":"post","link":"https:\/\/www.patriarcatovenezia.it\/pastorale-universitaria\/2022\/12\/20\/buon-natale\/","title":{"rendered":"BUON NATALE CON LA PASTORALE"},"content":{"rendered":"<p>Il Signore Ges\u00f9, con il suo Natale, \u00e8 la migliore risposta a quell\u2019indifferenza che, a volte, affatica la vita di tante persone: non \u00e8 affatto indifferente a noi, tutt\u2019altro! Auguriamo, a nome di tutta la Pastorale Universitaria, un buon Natale e buone feste, all\u2019insegna di quella cura che Dio ha per noi e ringraziamo quanti collaborano per rendere il nostro servizio un contributo a quell\u2019amorevole dedizione che con il Natale ha avuto inizio.<\/p>\n<p style=\"text-align: right\">(don Gilberto Sabbadin)<\/p>\n<hr \/>\n<p class=\"last-child\"><span style=\"color: #3366ff\"><strong>SERVIZIO CIVILE CON LA PASTORALE UNIVERSITARIA<\/strong><\/span><\/p>\n<p>\u00c8 uscito il bando del servizio civile per l\u2019anno 2023-2024. Diventare volontario di servizio civile aggiunge alla volont\u00e0 di dare qualcosa di s\u00e9 agli altri la possibilit\u00e0 di acquisire conoscenze e competenze pratiche. Pi\u00f9 in generale, rappresenta un\u2019occasione di crescita personale e di formazione, spendibile anche in ambito lavorativo.<br \/>\nCome Pastorale Universitaria, rientriamo tra i progetti in cui \u00e8 possibile svolgere in Servizio Civile Universale.<\/p>\n<hr \/>\n<p><span style=\"color: #3366ff\"><strong>ADORAZIONE EUCARISTICA E PENITENZIALE D&#8217;AVVENTO\u00a0<\/strong><\/span><\/p>\n<p>Nel silenzio, cos\u00ec \u00e8 iniziata la serata di preghiera in preparazione al Natale della Pastorale Universitaria, sabato sera 17 dicembre, in chiesa agli Scalzi. S\u00ec, perch\u00e9 il Signore Ges\u00f9 ha iniziato la sua storia terrena con il silenzio di un bambino incapace di parlare. Ma \u00e8 la sua stessa presenza a essere Parola, Parola d\u2019amore, foriera di parole di misericordia, di vita, di eternit\u00e0. <img loading=\"lazy\" decoding=\"async\" class=\"wp-image-569 alignright\" src=\"https:\/\/venezia.webdiocesi.it\/pastorale-universitaria\/wp-content\/uploads\/sites\/12\/2023\/06\/c6ea8b6b-7b4a-0abc-2949-36e7f8788b8d.jpg\" alt=\"\" width=\"221\" height=\"354\" srcset=\"https:\/\/www.patriarcatovenezia.it\/pastorale-universitaria\/wp-content\/uploads\/sites\/12\/2023\/06\/c6ea8b6b-7b4a-0abc-2949-36e7f8788b8d.jpg 784w, https:\/\/www.patriarcatovenezia.it\/pastorale-universitaria\/wp-content\/uploads\/sites\/12\/2023\/06\/c6ea8b6b-7b4a-0abc-2949-36e7f8788b8d-187x300.jpg 187w, https:\/\/www.patriarcatovenezia.it\/pastorale-universitaria\/wp-content\/uploads\/sites\/12\/2023\/06\/c6ea8b6b-7b4a-0abc-2949-36e7f8788b8d-768x1233.jpg 768w, https:\/\/www.patriarcatovenezia.it\/pastorale-universitaria\/wp-content\/uploads\/sites\/12\/2023\/06\/c6ea8b6b-7b4a-0abc-2949-36e7f8788b8d-638x1024.jpg 638w\" sizes=\"(max-width: 221px) 100vw, 221px\" \/>E proprio per essere rigenerati da questo incontro abbiamo iniziato con l\u2019adorazione silenziosa del Santissimo Sacramento. Solo da quel silenzio, che si \u00e8 fatto ascolto, le nostre parole hanno preso poi forma, tradotte in preghiera, lode, supplica. Il silenzio \u00e8 stato pi\u00f9 autentico ascoltando il Vangelo del giorno, quello di san Matteo, che propone la lunga genealogia di Ges\u00f9 Cristo figlio di Davide, figlio di Abramo. Il breve commento di don Alberto Ravagnani, ospite gi\u00e0 dal pomeriggio della casa studentesca \u201csanta Fosca\u201d assieme ad alcuni ragazzi del \u201csuo\u201d oratorio per testimoniare come la fraternit\u00e0 sia via di salvezza, ha aiutato a riconoscere che solo Ges\u00f9 Cristo mette ordine a una trama fitta, a volte disordinata, di incontri, relazioni, situazioni che, altrimenti, rischiano di essere disperse o sprecate. Solo l\u2019incontro con Ges\u00f9 orienta un flusso che potrebbe apparire ambiguo, permettendo di interpretare, alla luce della grazia di Dio, fatti che rischiano di rimanere rinchiusi nella loro problematicit\u00e0 e, forse, assurdit\u00e0. \u00c8 quel discernimento che solo il Signore ci pu\u00f2 donare, per poter camminare orientati nelle strade del Regno di Dio. Ecco, quindi, la possibilit\u00e0 di accostarsi al sacramento della Riconciliazione, per fare verit\u00e0 nella propria vita alla luce dell\u2019amore misericordioso di Dio, che ci permette di riconoscere il nostro peccato, prendendone le distanze.\u00a0<img loading=\"lazy\" decoding=\"async\" class=\" wp-image-568 alignleft\" src=\"https:\/\/venezia.webdiocesi.it\/pastorale-universitaria\/wp-content\/uploads\/sites\/12\/2023\/06\/213dae47-64a5-b784-14ca-5c403c3561b9.jpg\" alt=\"\" width=\"205\" height=\"273\" srcset=\"https:\/\/www.patriarcatovenezia.it\/pastorale-universitaria\/wp-content\/uploads\/sites\/12\/2023\/06\/213dae47-64a5-b784-14ca-5c403c3561b9.jpg 556w, https:\/\/www.patriarcatovenezia.it\/pastorale-universitaria\/wp-content\/uploads\/sites\/12\/2023\/06\/213dae47-64a5-b784-14ca-5c403c3561b9-225x300.jpg 225w\" sizes=\"(max-width: 205px) 100vw, 205px\" \/>Prima del momento di preghiera agli scalzi, ci siamo trovati in Cappella dei Lucchesi, presso la casa studentesca Santa Fosca. Con una catechesi incentrata sulla fraternit\u00e0 e il valore dell\u2019essere fratelli e sorelle gli uni per gli altri, don Alberto Ravagnani ha fornito numerosi spunti di riflessione ai giovani venuti ad ascoltarlo.\u00a0A rendere ancora pi\u00f9 speciale l\u2019incontro \u00e8 stata la partecipazione di alcuni giovani di Busto Arsizio che fanno parte di \u201cFraternit\u00e0\u201d, un gruppo che diventa sempre pi\u00f9 grande e diffuso in tutta Italia, formato da ragazzi che hanno deciso di unirsi -appunto- in fraternit\u00e0 e camminare insieme verso la santit\u00e0. Hanno regalato ai presenti una preziosa testimonianza di vita e di fede, riuscendo con parole semplici e immediate a rendere pi\u00f9 chiaro il messaggio e il valore della Fraternit\u00e0.<\/p>\n<hr \/>\n<p><span style=\"color: #3366ff\"><strong>IL NOSTRO ULTIMO LUNEDI&#8217; INSIEME PRIMA DELLE FESTIVITA&#8217;\u00a0 <\/strong><\/span><\/p>\n<p><strong>(Luned\u00ec 19 dicembre)\u00a0<\/strong>Dopo la recitazione dei Vespri, ci siamo trovati per una cena in condivisione. Anche questo ultimo\u00a0luned\u00ec\u00a0dell\u2019anno passato insieme ci ha visti uniti nella convivialit\u00e0, tra cibo squisito e chiacchiere.<br \/>\nA fine cena, uno scambio di riflessione su quello che, per ciascuno di noi, \u00e8 stata la prima parte dell\u2019anno di Pastorale Universitaria: una realt\u00e0 che accoglie, che unisce, che guida in un cammino condiviso.<br \/>\nCi siamo salutati cantando in coro\u00a0<em>Astro del ciel<\/em>, con l\u2019accompagnamento musicale della tastiera suonata da uno dei ragazzi.<\/p>\n","protected":false},"excerpt":{"rendered":"<p>Il Signore Ges\u00f9, con il suo Natale, \u00e8 la migliore risposta a quell\u2019indifferenza che, a volte, affatica la vita di tante persone: non \u00e8 affatto indifferente a noi, tutt\u2019altro! Auguriamo, a nome di tutta la Pastorale Universitaria, un buon Natale e buone feste, all\u2019insegna di quella cura che Dio ha per noi e ringraziamo quanti [&hellip;]<\/p>\n","protected":false},"author":0,"featured_media":572,"comment_status":"closed","ping_status":"closed","sticky":false,"template":"","format":"standard","meta":{"_acf_changed":false,"ip_address":"","user_agent":"","level":"","revision":"","cookie_id":"","page_referer":"","html_form":"","footnotes":""},"categories":[1],"tags":[],"class_list":["post-565","post","type-post","status-publish","format-standard","has-post-thumbnail","hentry","category-news"],"acf":[],"_links":{"self":[{"href":"https:\/\/www.patriarcatovenezia.it\/pastorale-universitaria\/wp-json\/wp\/v2\/posts\/565"}],"collection":[{"href":"https:\/\/www.patriarcatovenezia.it\/pastorale-universitaria\/wp-json\/wp\/v2\/posts"}],"about":[{"href":"https:\/\/www.patriarcatovenezia.it\/pastorale-universitaria\/wp-json\/wp\/v2\/types\/post"}],"author":[{"embeddable":true,"href":"https:\/\/www.patriarcatovenezia.it\/pastorale-universitaria\/wp-json\/wp\/v2\/users\/22"}],"replies":[{"embeddable":true,"href":"https:\/\/www.patriarcatovenezia.it\/pastorale-universitaria\/wp-json\/wp\/v2\/comments?post=565"}],"version-history":[{"count":8,"href":"https:\/\/www.patriarcatovenezia.it\/pastorale-universitaria\/wp-json\/wp\/v2\/posts\/565\/revisions"}],"predecessor-version":[{"id":584,"href":"https:\/\/www.patriarcatovenezia.it\/pastorale-universitaria\/wp-json\/wp\/v2\/posts\/565\/revisions\/584"}],"wp:featuredmedia":[{"embeddable":true,"href":"https:\/\/www.patriarcatovenezia.it\/pastorale-universitaria\/wp-json\/wp\/v2\/media\/572"}],"wp:attachment":[{"href":"https:\/\/www.patriarcatovenezia.it\/pastorale-universitaria\/wp-json\/wp\/v2\/media?parent=565"}],"wp:term":[{"taxonomy":"category","embeddable":true,"href":"https:\/\/www.patriarcatovenezia.it\/pastorale-universitaria\/wp-json\/wp\/v2\/categories?post=565"},{"taxonomy":"post_tag","embeddable":true,"href":"https:\/\/www.patriarcatovenezia.it\/pastorale-universitaria\/wp-json\/wp\/v2\/tags?post=565"}],"curies":[{"name":"wp","href":"https:\/\/api.w.org\/{rel}","templated":true}]}}