{"id":389,"date":"2022-06-07T16:10:40","date_gmt":"2022-06-07T14:10:40","guid":{"rendered":"https:\/\/venezia.webdiocesi.it\/pastorale-universitaria\/?p=389"},"modified":"2022-06-07T16:11:11","modified_gmt":"2022-06-07T14:11:11","slug":"che-maggio-con-la-pastorale","status":"publish","type":"post","link":"https:\/\/www.patriarcatovenezia.it\/pastorale-universitaria\/2022\/06\/07\/che-maggio-con-la-pastorale\/","title":{"rendered":"Che maggio con la pastorale!"},"content":{"rendered":"<hr \/>\n<p><img loading=\"lazy\" decoding=\"async\" class=\"wp-image-391 alignleft\" src=\"https:\/\/venezia.webdiocesi.it\/pastorale-universitaria\/wp-content\/uploads\/sites\/12\/2022\/06\/727b0fa8-2f8f-4884-9ee2-6c12335c3df4-300x225.jpg\" alt=\"\" width=\"140\" height=\"105\" srcset=\"https:\/\/www.patriarcatovenezia.it\/pastorale-universitaria\/wp-content\/uploads\/sites\/12\/2022\/06\/727b0fa8-2f8f-4884-9ee2-6c12335c3df4-300x225.jpg 300w, https:\/\/www.patriarcatovenezia.it\/pastorale-universitaria\/wp-content\/uploads\/sites\/12\/2022\/06\/727b0fa8-2f8f-4884-9ee2-6c12335c3df4.jpg 488w\" sizes=\"(max-width: 140px) 100vw, 140px\" \/><\/p>\n<p><img loading=\"lazy\" decoding=\"async\" class=\"wp-image-393 alignleft\" src=\"https:\/\/venezia.webdiocesi.it\/pastorale-universitaria\/wp-content\/uploads\/sites\/12\/2022\/06\/75e0d1e1-8b2d-6fe1-00af-5757c5dd5046-224x300.jpg\" alt=\"\" width=\"109\" height=\"146\" srcset=\"https:\/\/www.patriarcatovenezia.it\/pastorale-universitaria\/wp-content\/uploads\/sites\/12\/2022\/06\/75e0d1e1-8b2d-6fe1-00af-5757c5dd5046-224x300.jpg 224w, https:\/\/www.patriarcatovenezia.it\/pastorale-universitaria\/wp-content\/uploads\/sites\/12\/2022\/06\/75e0d1e1-8b2d-6fe1-00af-5757c5dd5046.jpg 412w\" sizes=\"(max-width: 109px) 100vw, 109px\" \/><\/p>\n<p><img loading=\"lazy\" decoding=\"async\" class=\"wp-image-394 alignleft\" src=\"https:\/\/venezia.webdiocesi.it\/pastorale-universitaria\/wp-content\/uploads\/sites\/12\/2022\/06\/58e66920-7e55-1e58-4bd0-268e3f39cb95-300x180.jpg\" alt=\"\" width=\"168\" height=\"101\" srcset=\"https:\/\/www.patriarcatovenezia.it\/pastorale-universitaria\/wp-content\/uploads\/sites\/12\/2022\/06\/58e66920-7e55-1e58-4bd0-268e3f39cb95-300x180.jpg 300w, https:\/\/www.patriarcatovenezia.it\/pastorale-universitaria\/wp-content\/uploads\/sites\/12\/2022\/06\/58e66920-7e55-1e58-4bd0-268e3f39cb95.jpg 550w\" sizes=\"(max-width: 168px) 100vw, 168px\" \/><img loading=\"lazy\" decoding=\"async\" class=\"wp-image-395 alignleft\" src=\"https:\/\/venezia.webdiocesi.it\/pastorale-universitaria\/wp-content\/uploads\/sites\/12\/2022\/06\/022ba32c-5242-4ee1-5e5c-749dba8f8e81-208x300.jpg\" alt=\"\" width=\"102\" height=\"147\" srcset=\"https:\/\/www.patriarcatovenezia.it\/pastorale-universitaria\/wp-content\/uploads\/sites\/12\/2022\/06\/022ba32c-5242-4ee1-5e5c-749dba8f8e81-208x300.jpg 208w, https:\/\/www.patriarcatovenezia.it\/pastorale-universitaria\/wp-content\/uploads\/sites\/12\/2022\/06\/022ba32c-5242-4ee1-5e5c-749dba8f8e81.jpg 275w\" sizes=\"(max-width: 102px) 100vw, 102px\" \/><\/p>\n<p>Non la letteratura pi\u00f9 famosa, n\u00e8 quella solitamente conosciuta come &#8220;cristiana&#8221;: Sigrid Undset, Paul Verlaine, Joseph Roth, forse pi\u00f9 noto, e Antonia Pozzi.<\/p>\n<p>&nbsp;<\/p>\n<p>Nel ciclo di incontri culturali della Pastorale,\u00a0<strong>luned\u00ec 2 maggio<\/strong>\u00a0\u00e8 stato il turno della letteratura:\u00a0<strong>la misericordia nella letteratura<\/strong>.<\/p>\n<p>Padre Piero Rizza ha letto e commentato pezzi del romanzo della Undset, &#8220;Kristin, figlia di Lavrans&#8221;, alcune poesie di Verlaine e della Pozzi, e infine stralci da &#8220;Il santo bevitore&#8221; di Roth. Una grande occasione per scoprire nuovi libri e autori, che hanno segnato la storia della letteratura e della poesia parlando di misericordia, magari senza aver ancora acquisito la dovuta celebrit\u00e0, o senza essere stati scoperti nella loro ricchezza.<\/p>\n<p><img loading=\"lazy\" decoding=\"async\" class=\"aligncenter wp-image-392 size-large\" src=\"https:\/\/venezia.webdiocesi.it\/pastorale-universitaria\/wp-content\/uploads\/sites\/12\/2022\/06\/183d4fc7-f1a1-d62b-a563-58069f5fa77f-1024x768.jpg\" alt=\"\" width=\"1024\" height=\"768\" srcset=\"https:\/\/www.patriarcatovenezia.it\/pastorale-universitaria\/wp-content\/uploads\/sites\/12\/2022\/06\/183d4fc7-f1a1-d62b-a563-58069f5fa77f-1024x768.jpg 1024w, https:\/\/www.patriarcatovenezia.it\/pastorale-universitaria\/wp-content\/uploads\/sites\/12\/2022\/06\/183d4fc7-f1a1-d62b-a563-58069f5fa77f-300x225.jpg 300w, https:\/\/www.patriarcatovenezia.it\/pastorale-universitaria\/wp-content\/uploads\/sites\/12\/2022\/06\/183d4fc7-f1a1-d62b-a563-58069f5fa77f-768x576.jpg 768w, https:\/\/www.patriarcatovenezia.it\/pastorale-universitaria\/wp-content\/uploads\/sites\/12\/2022\/06\/183d4fc7-f1a1-d62b-a563-58069f5fa77f.jpg 1160w\" sizes=\"(max-width: 1024px) 100vw, 1024px\" \/><\/p>\n<hr \/>\n<p><strong>Luned\u00ec 9 maggio<\/strong>, invece, abbiamo parlato di\u00a0<strong>ecumenismo\u00a0<\/strong>con don Francesco, incaricato per l\u2019ecumenismo e il dialogo interreligioso della diocesi di Venezia.<\/p>\n<p>La domanda da cui abbiamo cominciato, occhi fissi su ci\u00f2 che sta avvenendo in Russia e in Ucraina, era:\u00a0<em>qual \u00e8 o pu\u00f2 essere il ruolo della Chiesa in questa situazione di guerra?<\/em><\/p>\n<p><img loading=\"lazy\" decoding=\"async\" class=\"alignleft wp-image-399\" src=\"https:\/\/venezia.webdiocesi.it\/pastorale-universitaria\/wp-content\/uploads\/sites\/12\/2022\/06\/51690cbf-25b9-e735-c21a-516af5417f95.jpg\" alt=\"\" width=\"700\" height=\"525\" srcset=\"https:\/\/www.patriarcatovenezia.it\/pastorale-universitaria\/wp-content\/uploads\/sites\/12\/2022\/06\/51690cbf-25b9-e735-c21a-516af5417f95.jpg 1160w, https:\/\/www.patriarcatovenezia.it\/pastorale-universitaria\/wp-content\/uploads\/sites\/12\/2022\/06\/51690cbf-25b9-e735-c21a-516af5417f95-300x225.jpg 300w, https:\/\/www.patriarcatovenezia.it\/pastorale-universitaria\/wp-content\/uploads\/sites\/12\/2022\/06\/51690cbf-25b9-e735-c21a-516af5417f95-768x576.jpg 768w, https:\/\/www.patriarcatovenezia.it\/pastorale-universitaria\/wp-content\/uploads\/sites\/12\/2022\/06\/51690cbf-25b9-e735-c21a-516af5417f95-1024x768.jpg 1024w\" sizes=\"(max-width: 700px) 100vw, 700px\" \/>Partendo dagli ultimi avvenimenti, don Francesco ha subito premesso che,\u00a0per giudicare i fatti e in generale per affrontare tale situazione si deve anzitutto &#8220;entrare in un clima di preghiera, condivisione e dolore.\u00a0Quel dolore che caratterizzava il pianto di Ges\u00f9 su Gerusalemme. Perch\u00e9 non si pu\u00f2 ridurre ad un discorso di geopolitica, nemmeno &#8220;ecclesiastica&#8221;.<\/p>\n<p>Dopo un excursus storico della Chiesa ortodossa, per aiutarci a comprendere la complicatissima situazione ecclesiale di quei paesi, ecco che la domanda successiva diventava: come stare di fronte alle fratture di una Chiesa sempre pi\u00f9 divisa, dove quella moscovita, cui la maggioranza dei cristiani ortodossi ucraini ragionevolmente avevano sempre guardato, non agisce attualmente in modo condivisibile?<\/p>\n<p>L&#8217;unit\u00e0\u00a0&#8211; ha risposto don Francesco &#8211;\u00a0si fonda sull&#8217;oggettivit\u00e0 di Cristo, non \u00e8 un che di soggettivo o di dipendente dalle circostanze. Il cristiano deve giudicare ci\u00f2 che \u00e8 bene e ci\u00f2 che \u00e8 male, anche quanto alla Chiesa stessa: cos\u00ec \u00e8 stato fatto nei confronti della Chiesa moscovita. Allo stesso tempo, per\u00f2,\u00a0urge giudicare rimanendo attaccati, in forza di quella oggettiva Unit\u00e0 fondata nel Signore, il Quale mai smetter\u00e0 di amare e reggere la propria Chiesa, fino all&#8217;ultimo giorno: questa \u00e8 l\u2019unica unica garanzia dell&#8217;Unit\u00e0 e della salvezza.<\/p>\n<p>In una simile situazione, dunque,\u00a0la risposta alla guerra \u00e8 in primis l\u2019unit\u00e0 della Chiesa, che mai pu\u00f2 essere ridotta ad una questione politica o nazionale, al sentimento o all\u2019opinione.\u00a0Abbiamo quindi pregato per poter riconoscere quella che \u00e8 la vera essenza della Sposa di Cristo, e per poter favorire tale unit\u00e0 anche noi, qui ed ora.<\/p>\n<hr \/>\n<p><img loading=\"lazy\" decoding=\"async\" class=\"aligncenter wp-image-400 size-large\" src=\"https:\/\/venezia.webdiocesi.it\/pastorale-universitaria\/wp-content\/uploads\/sites\/12\/2022\/06\/e1dc71eb-8f49-a1cc-1429-726ae8ad7e3c-1024x441.jpg\" alt=\"\" width=\"1024\" height=\"441\" srcset=\"https:\/\/www.patriarcatovenezia.it\/pastorale-universitaria\/wp-content\/uploads\/sites\/12\/2022\/06\/e1dc71eb-8f49-a1cc-1429-726ae8ad7e3c-1024x441.jpg 1024w, https:\/\/www.patriarcatovenezia.it\/pastorale-universitaria\/wp-content\/uploads\/sites\/12\/2022\/06\/e1dc71eb-8f49-a1cc-1429-726ae8ad7e3c-300x129.jpg 300w, https:\/\/www.patriarcatovenezia.it\/pastorale-universitaria\/wp-content\/uploads\/sites\/12\/2022\/06\/e1dc71eb-8f49-a1cc-1429-726ae8ad7e3c-768x331.jpg 768w, https:\/\/www.patriarcatovenezia.it\/pastorale-universitaria\/wp-content\/uploads\/sites\/12\/2022\/06\/e1dc71eb-8f49-a1cc-1429-726ae8ad7e3c.jpg 1160w\" sizes=\"(max-width: 1024px) 100vw, 1024px\" \/><\/p>\n<p><strong>Marted\u00ec 17 maggio<\/strong>\u00a0&#8211; molto in anticipo rispetto all\u2019effettiva fine dell\u2019anno accademico, ma proprio per permettere ai pi\u00f9 di essere presenti &#8211; \u00e8 stata presieduta da don Gilberto Sabbadin la <strong>Messa conclusiva<\/strong>.<\/p>\n<p>Un\u2019occasione per ringraziare di tutto quanto ricevuto, dei rapporti nati, della bellezza vissuta che non vogliamo finisca mai.<\/p>\n<p>Don Gilberto, commentando il Vangelo, ha parlato della\u00a0vera\u00a0pace: \u00e8 solo Ges\u00f9 a rendere possibile un simile invito: \u201cnon sia turbato il vostro cuore e non abbia timore\u201d. Forse in questi mesi di cammino e di vera compagnia ce ne siamo resi conto.<\/p>\n<p>E\u2019 proprio la vera compagnia in Ges\u00f9 presente &#8211; ha detto ancora don Gilberto riprendendo la Prima Lettura &#8211; ad aver contribuito al fatto che San Paolo,<\/p>\n<p>dopo essere stato lapidato e creduto morto, con i discepoli al suo fianco si potesse rialzare. Come se fosse stata anche la loro presenza a dargli la forza.<\/p>\n<p>A fine Messa, tutti nel giardino degli Scalzi per un aperitivo assieme.<\/p>\n<p>E infine, un brindisi in rima per ringraziare don Gilberto, i Padri carmelitani, Padre Clemente, e tutti quelli che ci hanno accompagnato quest\u2019anno.<\/p>\n<p><img loading=\"lazy\" decoding=\"async\" class=\"aligncenter wp-image-401 size-large\" src=\"https:\/\/venezia.webdiocesi.it\/pastorale-universitaria\/wp-content\/uploads\/sites\/12\/2022\/06\/8809bbb2-4b9b-619d-91fa-8cbbfe0a902a-1024x462.jpg\" alt=\"\" width=\"1024\" height=\"462\" srcset=\"https:\/\/www.patriarcatovenezia.it\/pastorale-universitaria\/wp-content\/uploads\/sites\/12\/2022\/06\/8809bbb2-4b9b-619d-91fa-8cbbfe0a902a-1024x462.jpg 1024w, https:\/\/www.patriarcatovenezia.it\/pastorale-universitaria\/wp-content\/uploads\/sites\/12\/2022\/06\/8809bbb2-4b9b-619d-91fa-8cbbfe0a902a-300x135.jpg 300w, https:\/\/www.patriarcatovenezia.it\/pastorale-universitaria\/wp-content\/uploads\/sites\/12\/2022\/06\/8809bbb2-4b9b-619d-91fa-8cbbfe0a902a-768x346.jpg 768w, https:\/\/www.patriarcatovenezia.it\/pastorale-universitaria\/wp-content\/uploads\/sites\/12\/2022\/06\/8809bbb2-4b9b-619d-91fa-8cbbfe0a902a.jpg 1160w\" sizes=\"(max-width: 1024px) 100vw, 1024px\" \/><\/p>\n<p>&nbsp;<\/p>\n<hr \/>\n<p><strong><img loading=\"lazy\" decoding=\"async\" class=\"size-medium wp-image-403 alignright\" src=\"https:\/\/venezia.webdiocesi.it\/pastorale-universitaria\/wp-content\/uploads\/sites\/12\/2022\/06\/61479f7a-3ca6-d798-16d2-82fc8c096986-135x300.jpg\" alt=\"\" width=\"135\" height=\"300\" srcset=\"https:\/\/www.patriarcatovenezia.it\/pastorale-universitaria\/wp-content\/uploads\/sites\/12\/2022\/06\/61479f7a-3ca6-d798-16d2-82fc8c096986-135x300.jpg 135w, https:\/\/www.patriarcatovenezia.it\/pastorale-universitaria\/wp-content\/uploads\/sites\/12\/2022\/06\/61479f7a-3ca6-d798-16d2-82fc8c096986-461x1024.jpg 461w, https:\/\/www.patriarcatovenezia.it\/pastorale-universitaria\/wp-content\/uploads\/sites\/12\/2022\/06\/61479f7a-3ca6-d798-16d2-82fc8c096986.jpg 556w\" sizes=\"(max-width: 135px) 100vw, 135px\" \/> <\/strong><strong><img loading=\"lazy\" decoding=\"async\" class=\"size-medium wp-image-404 alignleft\" src=\"https:\/\/venezia.webdiocesi.it\/pastorale-universitaria\/wp-content\/uploads\/sites\/12\/2022\/06\/0b3bd4d3-c4cb-dd3a-7eec-6164d32ce5d4-122x300.jpg\" alt=\"\" width=\"122\" height=\"300\" srcset=\"https:\/\/www.patriarcatovenezia.it\/pastorale-universitaria\/wp-content\/uploads\/sites\/12\/2022\/06\/0b3bd4d3-c4cb-dd3a-7eec-6164d32ce5d4-122x300.jpg 122w, https:\/\/www.patriarcatovenezia.it\/pastorale-universitaria\/wp-content\/uploads\/sites\/12\/2022\/06\/0b3bd4d3-c4cb-dd3a-7eec-6164d32ce5d4.jpg 352w\" sizes=\"(max-width: 122px) 100vw, 122px\" \/><\/strong><strong>Gioved\u00ec 19 maggio<\/strong>, abbiamo organizzato uno degli ultimi appuntamenti culturali verso la fine dell&#8217;anno accademico: una <strong>catechesi<\/strong> non convenzionale, ma \u201cin vivo\u201d a partire dal patrimonio per eccellenza di Venezia, i <strong>Mosaici<\/strong> <strong>della Basilica di San Marco<\/strong>.<\/p>\n<p>Con l\u2019aiuto di don Federico Bertolotto e della storica dell\u2019arte Ester Brunet, abbiamo vissuto un momento spirituale e artistico insieme, concentrandoci su tre momenti centrali per la vita di fede cristiana: la crocifissione, l\u2019anastasis e l\u2019ascensione.<\/p>\n<p>Dopo la lettura del brano corrispondente, la professoressa Brunet ci ha guidati con lo sguardo alla scoperta della Sacra Scrittura raccontata dai maestri mosaicisti bizantini.<\/p>\n<p>\u00c8 stato impressionante vedere i tantissimi partecipanti, quasi un centinaio di persone, tendere i visi all\u2019ins\u00f9\u00a0per lasciarsi invadere dallo splendore dei mosaici e cercare di scovare tutti i dettagli iconografici che Ester spiegava.<\/p>\n<p>Un dettaglio fra tutti, il pi\u00f9 eloquente a nostro avviso, \u00e8 stato quello nell\u2019arco dove \u00e8 rappresentata l\u2019An\u00e0stasis. Il Cristo, sceso agli inferi per liberarli, afferra Adamo per il polso per portarlo con s\u00e9 verso la vita eterna. Non lo invita o aiuta ad uscire, lo trascina proprio fuori: la stretta vigorosa, ci faceva notare Ester, rappresenta il fatto che Ges\u00f9 viene a prenderci carnalmente per tirarci fuori dal peccato, ci soccorre in ogni situazione: \u00e8 stata proprio questa l\u2019esperienza di Chiesa che abbiamo fatto quest\u2019anno, una salvezza continua, concreta e sovrabbondante.<\/p>\n<p>Non possiamo dunque non raccontarla al mondo, attraverso queste splendide occasioni di fruizione artistica legata alla Fede!<\/p>\n<p><strong><img loading=\"lazy\" decoding=\"async\" class=\"aligncenter wp-image-402 size-large\" src=\"https:\/\/venezia.webdiocesi.it\/pastorale-universitaria\/wp-content\/uploads\/sites\/12\/2022\/06\/f744b0c4-7c71-0fdd-e440-b78aaf1ba0c3-1024x462.jpg\" alt=\"\" width=\"1024\" height=\"462\" srcset=\"https:\/\/www.patriarcatovenezia.it\/pastorale-universitaria\/wp-content\/uploads\/sites\/12\/2022\/06\/f744b0c4-7c71-0fdd-e440-b78aaf1ba0c3-1024x462.jpg 1024w, https:\/\/www.patriarcatovenezia.it\/pastorale-universitaria\/wp-content\/uploads\/sites\/12\/2022\/06\/f744b0c4-7c71-0fdd-e440-b78aaf1ba0c3-300x135.jpg 300w, https:\/\/www.patriarcatovenezia.it\/pastorale-universitaria\/wp-content\/uploads\/sites\/12\/2022\/06\/f744b0c4-7c71-0fdd-e440-b78aaf1ba0c3-768x346.jpg 768w, https:\/\/www.patriarcatovenezia.it\/pastorale-universitaria\/wp-content\/uploads\/sites\/12\/2022\/06\/f744b0c4-7c71-0fdd-e440-b78aaf1ba0c3.jpg 1160w\" sizes=\"(max-width: 1024px) 100vw, 1024px\" \/><\/strong><\/p>\n<p><b>\u00a0<\/b><\/p>\n<hr \/>\n<p><strong><img loading=\"lazy\" decoding=\"async\" class=\"size-medium wp-image-406 alignleft\" src=\"https:\/\/venezia.webdiocesi.it\/pastorale-universitaria\/wp-content\/uploads\/sites\/12\/2022\/06\/2552c60d-842b-ada2-15f3-68e4760fe753-197x300.jpg\" alt=\"\" width=\"197\" height=\"300\" srcset=\"https:\/\/www.patriarcatovenezia.it\/pastorale-universitaria\/wp-content\/uploads\/sites\/12\/2022\/06\/2552c60d-842b-ada2-15f3-68e4760fe753-197x300.jpg 197w, https:\/\/www.patriarcatovenezia.it\/pastorale-universitaria\/wp-content\/uploads\/sites\/12\/2022\/06\/2552c60d-842b-ada2-15f3-68e4760fe753.jpg 496w\" sizes=\"(max-width: 197px) 100vw, 197px\" \/>Luned\u00ec 23 maggio<\/strong>,\u00a0Centro Scalzi &#8211;\u00a0 <strong>La storia di Padre Clemente<\/strong><\/p>\n<p>\u201cSono nato nel novembre del 78 a Timor Est, in una grotta, durante la guerra di invasione da parte dell&#8217;Indonesia.\u00a0Mi hanno chiamato Clemente, perch\u00e9 durante la guerra i miei genitori recitavano tantissimi rosari, e &#8220;clemente&#8221; era uno degli attributi della Madonna nel Salve Regina. Quando finalmente i miei mi hanno potuto battezzare, tre anni dopo, non si ricordavano pi\u00f9 la mia data di nascita. Allora il catechista che lavorava nella parrocchia dei Salesiani ha scelto il 24 maggio, la festa di Maria Ausiliatrice.&#8221;<br \/>\nCos\u00ec si apre il racconto di padre Clemente Moreira, originario appunto di Timor Est, che da meno di un anno \u00e8 stato trasferito nella comunit\u00e0 dei Canossiani a Venezia presso la Parrocchia di San Giobbe, e che da quasi altrettanto tempo \u00e8 presente nella Pastorale Universitaria.<br \/>\nIn vista dell&#8217;imminente ripartenza per l&#8217;Asia, padre Clemente ha accettato di raccontare la propria storia in una serata al Centro Scalzi.<\/p>\n<p>Le violenze e gli orrori della guerra in quello che \u00e8 uno dei paesi &#8220;pi\u00f9 giovani del mondo&#8221; (l&#8217;indipendenza di Timor Est \u00e8 stata conquistata solo nel 1999) , ad un primo sguardo sembrano non aver quasi lasciato traccia sul volto gioioso di padre Clemente. Nessuno dei ragazzi della Pastorale Universitaria se lo sarebbe anzi aspettato, che dietro quella allegra serenit\u00e0 si nascondesse una tale storia.<\/p>\n<p>&#8220;Questa, in realt\u00e0, \u00e8 la prima volta che racconto del mio passato ad un gruppo. Le ferite ci sono&#8221;\u00a0&#8211; risponde padre Clemente alle domande dei ragazzi &#8211; &#8220;Sotto la precaria e caotica situazione della colonizzazione del Portogallo i miei genitori avevano perso due figli, e poi la guerra per ottenere l&#8217;indipendenza dall&#8217;Indonesia ne ha portato via un altro.\u00a0Gli orrori che abbiamo sperimentato sono indicibili.<br \/>\nUn ricordo che \u00e8 in me indelebilmente impresso, \u00e8 quello del mio padre spirituale che, un giorno, di fronte alla terribile situazione della guerra, seduto davanti a me dietro ad una scrivania ad un certo punto ha preso il crocifisso e me lo ha messo davanti, dicendomi:\u00a0questa &#8211; la croce &#8211; \u00e8 l&#8217;unica risposta a tutto.\u00a0Ges\u00f9 crocefisso \u00e8 il centro della spiritualit\u00e0 dei Canossiani.\u00a0L\u2019amore di Ges\u00f9 crocefisso abbraccia gli oppressi e anche gli oppressori.<\/p>\n<p><strong><img loading=\"lazy\" decoding=\"async\" class=\"size-medium wp-image-408 alignleft\" src=\"https:\/\/venezia.webdiocesi.it\/pastorale-universitaria\/wp-content\/uploads\/sites\/12\/2022\/06\/07a345b3-3375-4b57-8c57-819c266e0e82-169x300.jpg\" alt=\"\" width=\"169\" height=\"300\" srcset=\"https:\/\/www.patriarcatovenezia.it\/pastorale-universitaria\/wp-content\/uploads\/sites\/12\/2022\/06\/07a345b3-3375-4b57-8c57-819c266e0e82-169x300.jpg 169w, https:\/\/www.patriarcatovenezia.it\/pastorale-universitaria\/wp-content\/uploads\/sites\/12\/2022\/06\/07a345b3-3375-4b57-8c57-819c266e0e82.jpg 540w\" sizes=\"(max-width: 169px) 100vw, 169px\" \/><\/strong><\/p>\n<p>Bisogna poi notare che Cristo Risorto le ferite ce le ha ancora. Ed \u00e8 toccando quelle &#8211; anche le mie stesse &#8211; che posso poi toccare ed abbracciare quelle degli altri. Quando \u00e8 scoppiata la guerra in Ucraina per esempio facevo fatica a dormire, da quanto sentivo vicina la situazione. Poi ho incontrato quattro ucraini rifugiati: l\u00ec la mia ferita mi ha aiutato a vedere, capire e abbracciare quelle loro.&#8221;<\/p>\n<p>Padre Clemente ha seguito la Pastorale Universitaria praticamente fin dal principio, senza perdersi nemmeno un appuntamento. \u00c8 partito tutto da un incontro &#8220;evidentemente provvidenziale&#8221;, come l&#8217;ha definito don Gilberto Sabbadin, che per primo lo ha conosciuto &#8220;per caso&#8221; nel Seminario, proponendogli di partecipare agli incontri della Pastorale Universitaria. Di certo l&#8217;altra cosa che ha contribuito all&#8217;immediata risposta positiva e all&#8217;entusiasmo di padre Clemente, \u00e8 stata la passione per l&#8217;incontro con i giovani, altro punto fondamentale e costante della sua missione:<\/p>\n<p>&#8220;Dei Canossiani in particolare mi colpiva il loro stare coi giovani. \u00c8 una cosa che ho sempre sentito molto mia. Potrei dire infatti di essere stato consacrato religioso per dare la vita per i giovani. Ho fatto il formatore dei seminaristi per undici anni dal 2008, poi sono stato presidente di una fondazione che aiutava i giovani per la loro formazione scolastica e di un\u2019altra fondazione per la missione dei Canossiani. In quel periodo riuscivo ad andare spesso a trovare gli studenti, visto che ero l&#8217;assistente spirituale di quattro universit\u00e0.<\/p>\n<p>Mi piace stare con gli universitari.\u00a0Io penso che la vostra presenza &#8211; dice rivolto ai ragazzi della Pastorale Universitaria &#8211; la vostra voce e la vostra opinione contino moltissimo nella Chiesa. Credo che voi siate non solo il suo futuro, come spesso si dice, ma anche il suo presente.\u00a0Le cose che condividete qui, nella Pastorale Universitaria, mi fanno sempre riflettere, le vostre domande mi aiutano a vivere pi\u00f9 autenticamente la mia vocazione:\u00a0\u00e8 un luogo che davvero cercavo, un &#8220;locus theologicus&#8221; di condivisione della Fede che ritengo davvero fondamentale anche per voi, nel contesto attuale dove \u00e8 diffusa una grandissima indifferenza.\u00a0Quindi quando alcuni parrocchiani mi dicono &#8220;non ci sono pi\u00f9 i giovani in Chiesa&#8221; o &#8220;non sono pi\u00f9 i giovani di una volta&#8221;, io rispondo sempre loro che non \u00e8 vero che non ci siete, e aggiungo: per fortuna che hanno il loro modo di vivere la Fede, che pu\u00f2 risvegliare e far bene anche al nostro!&#8221;<\/p>\n<p>Padre Clemente sar\u00e0 qui ancora per poco: \u00e8 stato richiamato a Timor Est per formare i seminaristi. Don Gilberto, i padri Carmelitani ed i ragazzi della Pastorale Universitaria l&#8217;hanno ringraziato di cuore per la sua testimonianza e per la sua gioiosa presenza, augurandogli di continuare la sua preziosa missione con il fuoco vivo che ha lasciato qui a Venezia.<\/p>\n<p><strong><img loading=\"lazy\" decoding=\"async\" class=\"aligncenter wp-image-407 size-large\" src=\"https:\/\/venezia.webdiocesi.it\/pastorale-universitaria\/wp-content\/uploads\/sites\/12\/2022\/06\/79e9691f-c182-6660-2eeb-b1152d941f88-1024x768.jpg\" alt=\"\" width=\"1024\" height=\"768\" srcset=\"https:\/\/www.patriarcatovenezia.it\/pastorale-universitaria\/wp-content\/uploads\/sites\/12\/2022\/06\/79e9691f-c182-6660-2eeb-b1152d941f88-1024x768.jpg 1024w, https:\/\/www.patriarcatovenezia.it\/pastorale-universitaria\/wp-content\/uploads\/sites\/12\/2022\/06\/79e9691f-c182-6660-2eeb-b1152d941f88-300x225.jpg 300w, https:\/\/www.patriarcatovenezia.it\/pastorale-universitaria\/wp-content\/uploads\/sites\/12\/2022\/06\/79e9691f-c182-6660-2eeb-b1152d941f88-768x576.jpg 768w, https:\/\/www.patriarcatovenezia.it\/pastorale-universitaria\/wp-content\/uploads\/sites\/12\/2022\/06\/79e9691f-c182-6660-2eeb-b1152d941f88.jpg 1160w\" sizes=\"(max-width: 1024px) 100vw, 1024px\" \/><\/strong><\/p>\n","protected":false},"excerpt":{"rendered":"<p>Non la letteratura pi\u00f9 famosa, n\u00e8 quella solitamente conosciuta come &#8220;cristiana&#8221;: Sigrid Undset, Paul Verlaine, Joseph Roth, forse pi\u00f9 noto, e Antonia Pozzi. &nbsp; Nel ciclo di incontri culturali della Pastorale,\u00a0luned\u00ec 2 maggio\u00a0\u00e8 stato il turno della letteratura:\u00a0la misericordia nella letteratura. Padre Piero Rizza ha letto e commentato pezzi del romanzo della Undset, &#8220;Kristin, figlia [&hellip;]<\/p>\n","protected":false},"author":0,"featured_media":401,"comment_status":"closed","ping_status":"closed","sticky":false,"template":"","format":"standard","meta":{"_acf_changed":false,"ip_address":"","user_agent":"","level":"","revision":"","cookie_id":"","page_referer":"","html_form":"","footnotes":""},"categories":[207,139,1,140],"tags":[213,237,239,241,238,236,240,192,211],"class_list":["post-389","post","type-post","status-publish","format-standard","has-post-thumbnail","hentry","category-catechesi","category-cultura","category-news","category-spiritualita","tag-catechesi","tag-ecumenismo","tag-incontri","tag-letteratura","tag-maggio","tag-messa","tag-misericordia","tag-mosaici","tag-testimonianza"],"acf":[],"_links":{"self":[{"href":"https:\/\/www.patriarcatovenezia.it\/pastorale-universitaria\/wp-json\/wp\/v2\/posts\/389"}],"collection":[{"href":"https:\/\/www.patriarcatovenezia.it\/pastorale-universitaria\/wp-json\/wp\/v2\/posts"}],"about":[{"href":"https:\/\/www.patriarcatovenezia.it\/pastorale-universitaria\/wp-json\/wp\/v2\/types\/post"}],"author":[{"embeddable":true,"href":"https:\/\/www.patriarcatovenezia.it\/pastorale-universitaria\/wp-json\/wp\/v2\/users\/10"}],"replies":[{"embeddable":true,"href":"https:\/\/www.patriarcatovenezia.it\/pastorale-universitaria\/wp-json\/wp\/v2\/comments?post=389"}],"version-history":[{"count":12,"href":"https:\/\/www.patriarcatovenezia.it\/pastorale-universitaria\/wp-json\/wp\/v2\/posts\/389\/revisions"}],"predecessor-version":[{"id":415,"href":"https:\/\/www.patriarcatovenezia.it\/pastorale-universitaria\/wp-json\/wp\/v2\/posts\/389\/revisions\/415"}],"wp:featuredmedia":[{"embeddable":true,"href":"https:\/\/www.patriarcatovenezia.it\/pastorale-universitaria\/wp-json\/wp\/v2\/media\/401"}],"wp:attachment":[{"href":"https:\/\/www.patriarcatovenezia.it\/pastorale-universitaria\/wp-json\/wp\/v2\/media?parent=389"}],"wp:term":[{"taxonomy":"category","embeddable":true,"href":"https:\/\/www.patriarcatovenezia.it\/pastorale-universitaria\/wp-json\/wp\/v2\/categories?post=389"},{"taxonomy":"post_tag","embeddable":true,"href":"https:\/\/www.patriarcatovenezia.it\/pastorale-universitaria\/wp-json\/wp\/v2\/tags?post=389"}],"curies":[{"name":"wp","href":"https:\/\/api.w.org\/{rel}","templated":true}]}}