{"id":347,"date":"2022-03-20T17:51:58","date_gmt":"2022-03-20T16:51:58","guid":{"rendered":"https:\/\/venezia.webdiocesi.it\/pastorale-universitaria\/?p=347"},"modified":"2022-03-31T17:56:59","modified_gmt":"2022-03-31T15:56:59","slug":"venezia-e-i-foresti-le-foto","status":"publish","type":"post","link":"https:\/\/www.patriarcatovenezia.it\/pastorale-universitaria\/2022\/03\/20\/venezia-e-i-foresti-le-foto\/","title":{"rendered":"Venezia e i Foresti &#8211; le foto"},"content":{"rendered":"<div dir=\"auto\">Un assaggio da &#8220;Venezia e Foresti&#8221;! Giornata bellissima e tantissime persone in tutti i nostri siti!<\/div>\n<div dir=\"auto\"><\/div>\n<div dir=\"auto\">Dalla basilica dei Frari, al ghetto ebraico, alla cappella dei lucchesi fino alla scuola dalmata!<\/div>\n<div dir=\"auto\"><\/div>\n<div dir=\"auto\">Tutto \u00e8 pi\u00f9 bello e grande, anche ci\u00f2 che studiamo, se condiviso.<\/div>\n<div dir=\"auto\"><\/div>\n<div dir=\"auto\">Grazie a tutti, alla prossima! <span class=\"pq6dq46d tbxw36s4 knj5qynh kvgmc6g5 ditlmg2l oygrvhab nvdbi5me sf5mxxl7 gl3lb2sf hhz5lgdu\"><img loading=\"lazy\" decoding=\"async\" src=\"https:\/\/static.xx.fbcdn.net\/images\/emoji.php\/v9\/t6f\/1\/16\/1f337.png\" alt=\"\ud83c\udf37\" width=\"16\" height=\"16\" \/><\/span><\/div>\n<div dir=\"auto\"><\/div>\n<div dir=\"auto\"><a href=\"https:\/\/venezia.webdiocesi.it\/pastorale-universitaria\/wp-content\/uploads\/sites\/12\/2022\/03\/276126158_2737131183261746_7662036901717906192_n.jpg\" data-rel=\"lightbox-image-0\" data-rl_title=\"\" data-rl_caption=\"\" title=\"\"><img loading=\"lazy\" decoding=\"async\" class=\"wp-image-353 size-medium aligncenter\" src=\"https:\/\/venezia.webdiocesi.it\/pastorale-universitaria\/wp-content\/uploads\/sites\/12\/2022\/03\/276126158_2737131183261746_7662036901717906192_n-300x135.jpg\" alt=\"\" width=\"300\" height=\"135\" srcset=\"https:\/\/www.patriarcatovenezia.it\/pastorale-universitaria\/wp-content\/uploads\/sites\/12\/2022\/03\/276126158_2737131183261746_7662036901717906192_n-300x135.jpg 300w, https:\/\/www.patriarcatovenezia.it\/pastorale-universitaria\/wp-content\/uploads\/sites\/12\/2022\/03\/276126158_2737131183261746_7662036901717906192_n-768x346.jpg 768w, https:\/\/www.patriarcatovenezia.it\/pastorale-universitaria\/wp-content\/uploads\/sites\/12\/2022\/03\/276126158_2737131183261746_7662036901717906192_n-1024x461.jpg 1024w, https:\/\/www.patriarcatovenezia.it\/pastorale-universitaria\/wp-content\/uploads\/sites\/12\/2022\/03\/276126158_2737131183261746_7662036901717906192_n-1320x594.jpg 1320w, https:\/\/www.patriarcatovenezia.it\/pastorale-universitaria\/wp-content\/uploads\/sites\/12\/2022\/03\/276126158_2737131183261746_7662036901717906192_n.jpg 2048w\" sizes=\"(max-width: 300px) 100vw, 300px\" \/><\/a><\/div>\n<div dir=\"auto\"><a href=\"https:\/\/venezia.webdiocesi.it\/pastorale-universitaria\/wp-content\/uploads\/sites\/12\/2022\/03\/276122407_2737131099928421_2036954808692338491_n.jpg\" data-rel=\"lightbox-image-1\" data-rl_title=\"\" data-rl_caption=\"\" title=\"\"><img loading=\"lazy\" decoding=\"async\" class=\"wp-image-352 size-medium aligncenter\" src=\"https:\/\/venezia.webdiocesi.it\/pastorale-universitaria\/wp-content\/uploads\/sites\/12\/2022\/03\/276122407_2737131099928421_2036954808692338491_n-300x169.jpg\" alt=\"\" width=\"300\" height=\"169\" srcset=\"https:\/\/www.patriarcatovenezia.it\/pastorale-universitaria\/wp-content\/uploads\/sites\/12\/2022\/03\/276122407_2737131099928421_2036954808692338491_n-300x169.jpg 300w, https:\/\/www.patriarcatovenezia.it\/pastorale-universitaria\/wp-content\/uploads\/sites\/12\/2022\/03\/276122407_2737131099928421_2036954808692338491_n-768x432.jpg 768w, https:\/\/www.patriarcatovenezia.it\/pastorale-universitaria\/wp-content\/uploads\/sites\/12\/2022\/03\/276122407_2737131099928421_2036954808692338491_n-1024x576.jpg 1024w, https:\/\/www.patriarcatovenezia.it\/pastorale-universitaria\/wp-content\/uploads\/sites\/12\/2022\/03\/276122407_2737131099928421_2036954808692338491_n-1320x743.jpg 1320w, https:\/\/www.patriarcatovenezia.it\/pastorale-universitaria\/wp-content\/uploads\/sites\/12\/2022\/03\/276122407_2737131099928421_2036954808692338491_n.jpg 2048w\" sizes=\"(max-width: 300px) 100vw, 300px\" \/><\/a><\/div>\n<div dir=\"auto\"><a href=\"https:\/\/venezia.webdiocesi.it\/pastorale-universitaria\/wp-content\/uploads\/sites\/12\/2022\/03\/276121847_2737131019928429_1771072483946450412_n.jpg\" data-rel=\"lightbox-image-2\" data-rl_title=\"\" data-rl_caption=\"\" title=\"\"><img loading=\"lazy\" decoding=\"async\" class=\"wp-image-351 size-medium aligncenter\" src=\"https:\/\/venezia.webdiocesi.it\/pastorale-universitaria\/wp-content\/uploads\/sites\/12\/2022\/03\/276121847_2737131019928429_1771072483946450412_n-300x225.jpg\" alt=\"\" width=\"300\" height=\"225\" srcset=\"https:\/\/www.patriarcatovenezia.it\/pastorale-universitaria\/wp-content\/uploads\/sites\/12\/2022\/03\/276121847_2737131019928429_1771072483946450412_n-300x225.jpg 300w, https:\/\/www.patriarcatovenezia.it\/pastorale-universitaria\/wp-content\/uploads\/sites\/12\/2022\/03\/276121847_2737131019928429_1771072483946450412_n-768x576.jpg 768w, https:\/\/www.patriarcatovenezia.it\/pastorale-universitaria\/wp-content\/uploads\/sites\/12\/2022\/03\/276121847_2737131019928429_1771072483946450412_n-1024x768.jpg 1024w, https:\/\/www.patriarcatovenezia.it\/pastorale-universitaria\/wp-content\/uploads\/sites\/12\/2022\/03\/276121847_2737131019928429_1771072483946450412_n-1320x990.jpg 1320w, https:\/\/www.patriarcatovenezia.it\/pastorale-universitaria\/wp-content\/uploads\/sites\/12\/2022\/03\/276121847_2737131019928429_1771072483946450412_n.jpg 1600w\" sizes=\"(max-width: 300px) 100vw, 300px\" \/><\/a><\/div>\n<div dir=\"auto\"><a href=\"https:\/\/venezia.webdiocesi.it\/pastorale-universitaria\/wp-content\/uploads\/sites\/12\/2022\/03\/276121639_2737131136595084_1846239060184867208_n.jpg\" data-rel=\"lightbox-image-3\" data-rl_title=\"\" data-rl_caption=\"\" title=\"\"><img loading=\"lazy\" decoding=\"async\" class=\"wp-image-350 size-medium aligncenter\" src=\"https:\/\/venezia.webdiocesi.it\/pastorale-universitaria\/wp-content\/uploads\/sites\/12\/2022\/03\/276121639_2737131136595084_1846239060184867208_n-225x300.jpg\" alt=\"\" width=\"225\" height=\"300\" srcset=\"https:\/\/www.patriarcatovenezia.it\/pastorale-universitaria\/wp-content\/uploads\/sites\/12\/2022\/03\/276121639_2737131136595084_1846239060184867208_n-225x300.jpg 225w, https:\/\/www.patriarcatovenezia.it\/pastorale-universitaria\/wp-content\/uploads\/sites\/12\/2022\/03\/276121639_2737131136595084_1846239060184867208_n-768x1024.jpg 768w, https:\/\/www.patriarcatovenezia.it\/pastorale-universitaria\/wp-content\/uploads\/sites\/12\/2022\/03\/276121639_2737131136595084_1846239060184867208_n-1320x1760.jpg 1320w, https:\/\/www.patriarcatovenezia.it\/pastorale-universitaria\/wp-content\/uploads\/sites\/12\/2022\/03\/276121639_2737131136595084_1846239060184867208_n.jpg 1500w\" sizes=\"(max-width: 225px) 100vw, 225px\" \/><\/a><\/div>\n<div dir=\"auto\"><a href=\"https:\/\/venezia.webdiocesi.it\/pastorale-universitaria\/wp-content\/uploads\/sites\/12\/2022\/03\/276120720_2737131223261742_3322310706317378955_n.jpg\" data-rel=\"lightbox-image-4\" data-rl_title=\"\" data-rl_caption=\"\" title=\"\"><img loading=\"lazy\" decoding=\"async\" class=\"wp-image-349 size-medium aligncenter\" src=\"https:\/\/venezia.webdiocesi.it\/pastorale-universitaria\/wp-content\/uploads\/sites\/12\/2022\/03\/276120720_2737131223261742_3322310706317378955_n-169x300.jpg\" alt=\"\" width=\"169\" height=\"300\" srcset=\"https:\/\/www.patriarcatovenezia.it\/pastorale-universitaria\/wp-content\/uploads\/sites\/12\/2022\/03\/276120720_2737131223261742_3322310706317378955_n-169x300.jpg 169w, https:\/\/www.patriarcatovenezia.it\/pastorale-universitaria\/wp-content\/uploads\/sites\/12\/2022\/03\/276120720_2737131223261742_3322310706317378955_n-768x1365.jpg 768w, https:\/\/www.patriarcatovenezia.it\/pastorale-universitaria\/wp-content\/uploads\/sites\/12\/2022\/03\/276120720_2737131223261742_3322310706317378955_n-576x1024.jpg 576w, https:\/\/www.patriarcatovenezia.it\/pastorale-universitaria\/wp-content\/uploads\/sites\/12\/2022\/03\/276120720_2737131223261742_3322310706317378955_n.jpg 1080w\" sizes=\"(max-width: 169px) 100vw, 169px\" \/><\/a><\/div>\n<div dir=\"auto\"><a href=\"https:\/\/venezia.webdiocesi.it\/pastorale-universitaria\/wp-content\/uploads\/sites\/12\/2022\/03\/276120200_2737130913261773_7457439193642235831_n.jpg\" data-rel=\"lightbox-image-5\" data-rl_title=\"\" data-rl_caption=\"\" title=\"\"><img loading=\"lazy\" decoding=\"async\" class=\"wp-image-348 size-medium aligncenter\" src=\"https:\/\/venezia.webdiocesi.it\/pastorale-universitaria\/wp-content\/uploads\/sites\/12\/2022\/03\/276120200_2737130913261773_7457439193642235831_n-300x225.jpg\" alt=\"\" width=\"300\" height=\"225\" srcset=\"https:\/\/www.patriarcatovenezia.it\/pastorale-universitaria\/wp-content\/uploads\/sites\/12\/2022\/03\/276120200_2737130913261773_7457439193642235831_n-300x225.jpg 300w, https:\/\/www.patriarcatovenezia.it\/pastorale-universitaria\/wp-content\/uploads\/sites\/12\/2022\/03\/276120200_2737130913261773_7457439193642235831_n-768x576.jpg 768w, https:\/\/www.patriarcatovenezia.it\/pastorale-universitaria\/wp-content\/uploads\/sites\/12\/2022\/03\/276120200_2737130913261773_7457439193642235831_n-1024x768.jpg 1024w, https:\/\/www.patriarcatovenezia.it\/pastorale-universitaria\/wp-content\/uploads\/sites\/12\/2022\/03\/276120200_2737130913261773_7457439193642235831_n-1320x990.jpg 1320w, https:\/\/www.patriarcatovenezia.it\/pastorale-universitaria\/wp-content\/uploads\/sites\/12\/2022\/03\/276120200_2737130913261773_7457439193642235831_n.jpg 1600w\" sizes=\"(max-width: 300px) 100vw, 300px\" \/><\/a><\/div>\n","protected":false},"excerpt":{"rendered":"<p>Un assaggio da &#8220;Venezia e Foresti&#8221;! Giornata bellissima e tantissime persone in tutti i nostri siti! Dalla basilica dei Frari, al ghetto ebraico, alla cappella dei lucchesi fino alla scuola dalmata! Tutto \u00e8 pi\u00f9 bello e grande, anche ci\u00f2 che studiamo, se condiviso. Grazie a tutti, alla prossima!<\/p>\n","protected":false},"author":0,"featured_media":354,"comment_status":"closed","ping_status":"closed","sticky":false,"template":"","format":"standard","meta":{"_acf_changed":false,"ip_address":"","user_agent":"","level":"","revision":"","cookie_id":"","page_referer":"","html_form":"","footnotes":""},"categories":[139,1],"tags":[231,159,145,230,232,171],"class_list":["post-347","post","type-post","status-publish","format-standard","has-post-thumbnail","hentry","category-cultura","category-news","tag-231","tag-arte","tag-cultura","tag-foresti","tag-foto","tag-venezia"],"acf":[],"_links":{"self":[{"href":"https:\/\/www.patriarcatovenezia.it\/pastorale-universitaria\/wp-json\/wp\/v2\/posts\/347"}],"collection":[{"href":"https:\/\/www.patriarcatovenezia.it\/pastorale-universitaria\/wp-json\/wp\/v2\/posts"}],"about":[{"href":"https:\/\/www.patriarcatovenezia.it\/pastorale-universitaria\/wp-json\/wp\/v2\/types\/post"}],"author":[{"embeddable":true,"href":"https:\/\/www.patriarcatovenezia.it\/pastorale-universitaria\/wp-json\/wp\/v2\/users\/10"}],"replies":[{"embeddable":true,"href":"https:\/\/www.patriarcatovenezia.it\/pastorale-universitaria\/wp-json\/wp\/v2\/comments?post=347"}],"version-history":[{"count":2,"href":"https:\/\/www.patriarcatovenezia.it\/pastorale-universitaria\/wp-json\/wp\/v2\/posts\/347\/revisions"}],"predecessor-version":[{"id":356,"href":"https:\/\/www.patriarcatovenezia.it\/pastorale-universitaria\/wp-json\/wp\/v2\/posts\/347\/revisions\/356"}],"wp:featuredmedia":[{"embeddable":true,"href":"https:\/\/www.patriarcatovenezia.it\/pastorale-universitaria\/wp-json\/wp\/v2\/media\/354"}],"wp:attachment":[{"href":"https:\/\/www.patriarcatovenezia.it\/pastorale-universitaria\/wp-json\/wp\/v2\/media?parent=347"}],"wp:term":[{"taxonomy":"category","embeddable":true,"href":"https:\/\/www.patriarcatovenezia.it\/pastorale-universitaria\/wp-json\/wp\/v2\/categories?post=347"},{"taxonomy":"post_tag","embeddable":true,"href":"https:\/\/www.patriarcatovenezia.it\/pastorale-universitaria\/wp-json\/wp\/v2\/tags?post=347"}],"curies":[{"name":"wp","href":"https:\/\/api.w.org\/{rel}","templated":true}]}}