{"id":234,"date":"2021-12-16T11:21:06","date_gmt":"2021-12-16T10:21:06","guid":{"rendered":"https:\/\/venezia.webdiocesi.it\/pastorale-universitaria\/?p=234"},"modified":"2022-01-17T12:22:16","modified_gmt":"2022-01-17T11:22:16","slug":"il-lunedi-al-centro-scalzi","status":"publish","type":"post","link":"https:\/\/www.patriarcatovenezia.it\/pastorale-universitaria\/2021\/12\/16\/il-lunedi-al-centro-scalzi\/","title":{"rendered":"Il luned\u00ec al Centro Scalzi"},"content":{"rendered":"<p><strong>\u201cDa sempre i giovani studenti universitari credo abbiano bisogno di conoscere persone autentiche e coraggiose nelle loro scelte di vita, e oggi pi\u00f9 che mai questo bisogno ci \u00e8 particolarmente evidente.<\/strong> Abbiamo sempre pi\u00f9 possibilit\u00e0 di scegliere chi seguire o cosa seguire, apriamo i social e vediamo decine e decine di possibili modelli, ma sono autentici? Dove possiamo andare per incontrare persone che con coraggio portano avanti scelte di vita che possano guidarci anche nella nostra che si sta pian piano delineando ogni giorno? <strong>La Pastorale Universitaria cerca di offrire anche questo e lo sta facendo proponendo degli incontri, il luned\u00ec sera dalle 19:00, con testimoni di vita autentica nel Signore.<\/strong><\/p>\n<p><strong>Luned\u00ec 15 novembre<\/strong> sono venuti al Centro Scalzi <strong>Pier Antonio e Alessia<\/strong>, una coppia di sposi, a raccontarci la loro storia.<br \/>\nStoria contraddistinta da una profonda scelta di vivere autenticamente il matrimonio in Cristo, affidandosi a Lui partendo da una veglia di preghiera i giorni precedenti alla celebrazione del matrimonio.<br \/>\nGrazie alla loro testimonianza abbiamo potuto comprendere che colui o colei con cui decidiamo di passare la nostra vita ci \u00e8 donato, e che la fiducia reciproca in una coppia, per essere salda, deve fondarsi sulla fede in Cristo.<\/p>\n<p>Di questo tipo \u00e8 stato anche l\u2019incontro con <strong>don Giacomo<\/strong>, che \u00e8 venuto al Centro Scalzi il <strong>22 novembre<\/strong> per parlarci della sua esperienza missionaria in Kenya, ad Ol Moran.<\/p>\n<p><img loading=\"lazy\" decoding=\"async\" class=\"size-medium wp-image-237 alignleft\" src=\"https:\/\/venezia.webdiocesi.it\/pastorale-universitaria\/wp-content\/uploads\/sites\/12\/2022\/12\/lunediserascalzi-300x162.jpg\" alt=\"\" width=\"300\" height=\"162\" srcset=\"https:\/\/www.patriarcatovenezia.it\/pastorale-universitaria\/wp-content\/uploads\/sites\/12\/2022\/12\/lunediserascalzi-300x162.jpg 300w, https:\/\/www.patriarcatovenezia.it\/pastorale-universitaria\/wp-content\/uploads\/sites\/12\/2022\/12\/lunediserascalzi-768x414.jpg 768w, https:\/\/www.patriarcatovenezia.it\/pastorale-universitaria\/wp-content\/uploads\/sites\/12\/2022\/12\/lunediserascalzi.jpg 968w\" sizes=\"(max-width: 300px) 100vw, 300px\" \/>\u00c8 stato un momento interessante e significativo perch\u00e9 abbiamo avuto la possibilit\u00e0 di ascoltare le sue storie in terra di missione per la diocesi di Venezia, e anche la testimonianza di come abbia deciso di accettare l\u2019invito a partire. Ci ha parlato con semplicit\u00e0 della vita ad Ol Moran e di quello che quotidianamente fa per portare il Vangelo e Cristo alle popolazioni locali, sempre in un atteggiamento di vero dialogo che insegna ad entrambe le parti. Abbiamo potuto scoprire anche come sia importante la capacit\u00e0 di accogliere e farsi accogliere dal diverso da noi, da ci\u00f2 che ad un primo impatto ci pu\u00f2 spaventare, in un incontro che per\u00f2 non snaturi la nostra personalit\u00e0 che \u00e8 importante mantenere. Scelte di vita come quella di don Giacomo, spese per gli altri sui fronti importanti dell\u2019esistenza umana, come quello dell\u2019educazione e della formazione, sono esempi che non possono essere trascurati o dimenticati da noi giovani che stiamo edificando il nostro futuro.<\/p>\n<p><strong>Per tutto questo speriamo di poter ascoltare tante altre esperienze di persone come Pier Antonio e Alessia e come don Giacomo, che vivono autenticamente la scelta di servire Cristo nella loro vita, nei contesti e con la forma di vocazione attraverso cui il Signore li chiama.\u201d<\/strong><\/p>\n<p>&nbsp;<\/p>\n<p style=\"text-align: right\"><em>Cristian Migliori<\/em><\/p>\n<hr \/>\n<p>\u2026Ma i testimoni che partecipano alle nostre serate sono anche di altro tipo: <strong>libri e film<\/strong> presentati da parte di chi vi ha scorto qualcosa per s\u00e8 da condividere con tutti.<\/p>\n<p><img loading=\"lazy\" decoding=\"async\" class=\" wp-image-239 alignleft\" src=\"https:\/\/venezia.webdiocesi.it\/pastorale-universitaria\/wp-content\/uploads\/sites\/12\/2021\/12\/HeinrichBoll-226x300.jpg\" alt=\"\" width=\"139\" height=\"171\" \/><\/p>\n<p>&nbsp;<\/p>\n<p>Cos\u00ec luned\u00ec 29 novembre, padre Piero ci ha presentato <strong>E non disse nemmeno una parola<\/strong> di <strong>Heinrich B\u00f6ll<\/strong>, un libro che testimonia in modo struggente l\u2019essenza del Matrimonio, dove &#8211; nel perdono, nel sacrificio e nell\u2019attesa paziente &#8211; la santit\u00e0 si gioca nel quotidiano.<\/p>\n<p>&nbsp;<\/p>\n<p>&nbsp;<\/p>\n<p><img loading=\"lazy\" decoding=\"async\" class=\"wp-image-240 alignleft\" src=\"https:\/\/venezia.webdiocesi.it\/pastorale-universitaria\/wp-content\/uploads\/sites\/12\/2021\/12\/Castawayonthemoon-213x300.jpg\" alt=\"\" width=\"123\" height=\"227\" \/><\/p>\n<p>Padre Adolfo ci ha invece parlato di <strong>Castaway on the moon<\/strong>, un film coreano del 2009 che con enorme dolcezza e spirito affronta i temi pi\u00f9 drammatici della societ\u00e0 in cui viviamo e per la quale s<\/p>\n<p>pesso valiamo solo in base alla nostra performance, per lasciare infine un messaggio di grande speranza.<\/p>\n<p><a href=\"https:\/\/patriarcatovenezia.us4.list-manage.com\/track\/click?u=7da0f3369d175fb7b702cb0ba&amp;id=adf2e00269&amp;e=d16f944b79\">Guarda il trailer su youtube<\/a><\/p>\n","protected":false},"excerpt":{"rendered":"<p>\u201cDa sempre i giovani studenti universitari credo abbiano bisogno di conoscere persone autentiche e coraggiose nelle loro scelte di vita, e oggi pi\u00f9 che mai questo bisogno ci \u00e8 particolarmente evidente. Abbiamo sempre pi\u00f9 possibilit\u00e0 di scegliere chi seguire o cosa seguire, apriamo i social e vediamo decine e decine di possibili modelli, ma sono [&hellip;]<\/p>\n","protected":false},"author":0,"featured_media":235,"comment_status":"closed","ping_status":"closed","sticky":false,"template":"","format":"standard","meta":{"_acf_changed":false,"ip_address":"","user_agent":"","level":"","revision":"","cookie_id":"","page_referer":"","html_form":"","footnotes":""},"categories":[207,1],"tags":[208,210,209,211],"class_list":["post-234","post","type-post","status-publish","format-standard","has-post-thumbnail","hentry","category-catechesi","category-news","tag-centro","tag-incontro-lunedi","tag-scalzi","tag-testimonianza"],"acf":[],"_links":{"self":[{"href":"https:\/\/www.patriarcatovenezia.it\/pastorale-universitaria\/wp-json\/wp\/v2\/posts\/234"}],"collection":[{"href":"https:\/\/www.patriarcatovenezia.it\/pastorale-universitaria\/wp-json\/wp\/v2\/posts"}],"about":[{"href":"https:\/\/www.patriarcatovenezia.it\/pastorale-universitaria\/wp-json\/wp\/v2\/types\/post"}],"author":[{"embeddable":true,"href":"https:\/\/www.patriarcatovenezia.it\/pastorale-universitaria\/wp-json\/wp\/v2\/users\/10"}],"replies":[{"embeddable":true,"href":"https:\/\/www.patriarcatovenezia.it\/pastorale-universitaria\/wp-json\/wp\/v2\/comments?post=234"}],"version-history":[{"count":4,"href":"https:\/\/www.patriarcatovenezia.it\/pastorale-universitaria\/wp-json\/wp\/v2\/posts\/234\/revisions"}],"predecessor-version":[{"id":242,"href":"https:\/\/www.patriarcatovenezia.it\/pastorale-universitaria\/wp-json\/wp\/v2\/posts\/234\/revisions\/242"}],"wp:featuredmedia":[{"embeddable":true,"href":"https:\/\/www.patriarcatovenezia.it\/pastorale-universitaria\/wp-json\/wp\/v2\/media\/235"}],"wp:attachment":[{"href":"https:\/\/www.patriarcatovenezia.it\/pastorale-universitaria\/wp-json\/wp\/v2\/media?parent=234"}],"wp:term":[{"taxonomy":"category","embeddable":true,"href":"https:\/\/www.patriarcatovenezia.it\/pastorale-universitaria\/wp-json\/wp\/v2\/categories?post=234"},{"taxonomy":"post_tag","embeddable":true,"href":"https:\/\/www.patriarcatovenezia.it\/pastorale-universitaria\/wp-json\/wp\/v2\/tags?post=234"}],"curies":[{"name":"wp","href":"https:\/\/api.w.org\/{rel}","templated":true}]}}