{"id":222,"date":"2020-12-01T12:14:09","date_gmt":"2020-12-01T11:14:09","guid":{"rendered":"https:\/\/venezia.webdiocesi.it\/pastorale-universitaria\/?p=222"},"modified":"2022-02-09T15:35:52","modified_gmt":"2022-02-09T14:35:52","slug":"dare-un-senso-allavvento","status":"publish","type":"post","link":"https:\/\/www.patriarcatovenezia.it\/pastorale-universitaria\/2020\/12\/01\/dare-un-senso-allavvento\/","title":{"rendered":"Dare un senso all&#8217;Avvento"},"content":{"rendered":"<p>Si entra nella stanza di luce soffusa, un vasto pavimento di parquet e alte pareti bianche, cuscini a terra distanziati, alcune candele formano una croce, due gruppi di altre candele illuminano due icone, l\u2019Annunciazione e la Nativit\u00e0.<\/p>\n<p>Ci sediamo e attendiamo in silenzio l\u2019inizio.<\/p>\n<p>Prende parola don Gilberto. Celebreremo i vespri poich\u00e9 abbiamo deciso di andare dritto al punto, di soffermarci sull\u2019essenziale, che troviamo nella preghiera. Siamo distanti, s\u00ec, ma siamo lo stesso in comunione; e non \u00e8 questo l\u2019importante?<\/p>\n<p>\u00c8 iniziato l\u2019Avvento, un periodo un po\u2019 speciale, in cui comincia la nostra attesa per la venuta del Signore nella nostra Storia. E lo attendiamo con impazienza, desiderando il giorno dell\u2019arrivo perch\u00e9 ci porter\u00e0 gioia.<\/p>\n<p>Vorremmo prepararci a festa, pronti per lui, ma nel far ci\u00f2 non dobbiamo coprire le nostre oscurit\u00e0 n\u00e9 far finta che non vi siano:<\/p>\n<p>\u201cIl Signore tira fuori il peggio di noi\u201d, non perch\u00e9 fa s\u00ec che esprimiamo il nostro buio contro gli altri, bens\u00ec perch\u00e9 vede quel buio, lo prende, lo accoglie e, assieme a noi, lo rende un raggio di sole, una luce da condividere con gli altri.<\/p>\n<p>\u00c8 bello poter vivere questo periodo di attesa comune riunendosi, vedendo i volti, seppur semicoperti, dei nostri prossimi che hanno le nostre stesse necessit\u00e0 e desideri, con cui si pu\u00f2 e bisogna continuare a creare relazione.<\/p>\n<p>Abbiamo deciso di volgere in questa direzione questo Avvento, per accendere un lumino in questo periodo che ci \u00e8 tanto oscuro.<\/p>\n<p>Articolo di N. A. &#8211; una delle ragazze della nostra Pastorale<\/p>\n","protected":false},"excerpt":{"rendered":"<p>\u201cIl Signore tira fuori il peggio di noi\u201d, non perch\u00e9 fa s\u00ec che esprimiamo il nostro buio contro gli altri, bens\u00ec perch\u00e9 vede quel buio, lo prende, lo accoglie e, assieme a noi, lo rende un raggio di sole, una luce da condividere con gli altri.<\/p>\n","protected":false},"author":0,"featured_media":224,"comment_status":"closed","ping_status":"closed","sticky":false,"template":"","format":"standard","meta":{"_acf_changed":false,"ip_address":"","user_agent":"","level":"","revision":"","cookie_id":"","page_referer":"","html_form":"","footnotes":""},"categories":[1,140],"tags":[202,158,169,203,204],"class_list":["post-222","post","type-post","status-publish","format-standard","has-post-thumbnail","hentry","category-news","category-spiritualita","tag-avvento","tag-luce","tag-pastorale-universitaria","tag-preghiera","tag-riflessione"],"acf":[],"_links":{"self":[{"href":"https:\/\/www.patriarcatovenezia.it\/pastorale-universitaria\/wp-json\/wp\/v2\/posts\/222"}],"collection":[{"href":"https:\/\/www.patriarcatovenezia.it\/pastorale-universitaria\/wp-json\/wp\/v2\/posts"}],"about":[{"href":"https:\/\/www.patriarcatovenezia.it\/pastorale-universitaria\/wp-json\/wp\/v2\/types\/post"}],"author":[{"embeddable":true,"href":"https:\/\/www.patriarcatovenezia.it\/pastorale-universitaria\/wp-json\/wp\/v2\/users\/22"}],"replies":[{"embeddable":true,"href":"https:\/\/www.patriarcatovenezia.it\/pastorale-universitaria\/wp-json\/wp\/v2\/comments?post=222"}],"version-history":[{"count":2,"href":"https:\/\/www.patriarcatovenezia.it\/pastorale-universitaria\/wp-json\/wp\/v2\/posts\/222\/revisions"}],"predecessor-version":[{"id":225,"href":"https:\/\/www.patriarcatovenezia.it\/pastorale-universitaria\/wp-json\/wp\/v2\/posts\/222\/revisions\/225"}],"wp:featuredmedia":[{"embeddable":true,"href":"https:\/\/www.patriarcatovenezia.it\/pastorale-universitaria\/wp-json\/wp\/v2\/media\/224"}],"wp:attachment":[{"href":"https:\/\/www.patriarcatovenezia.it\/pastorale-universitaria\/wp-json\/wp\/v2\/media?parent=222"}],"wp:term":[{"taxonomy":"category","embeddable":true,"href":"https:\/\/www.patriarcatovenezia.it\/pastorale-universitaria\/wp-json\/wp\/v2\/categories?post=222"},{"taxonomy":"post_tag","embeddable":true,"href":"https:\/\/www.patriarcatovenezia.it\/pastorale-universitaria\/wp-json\/wp\/v2\/tags?post=222"}],"curies":[{"name":"wp","href":"https:\/\/api.w.org\/{rel}","templated":true}]}}