{"id":199,"date":"2020-03-28T15:53:48","date_gmt":"2020-03-28T14:53:48","guid":{"rendered":"https:\/\/venezia.webdiocesi.it\/pastorale-universitaria\/?p=199"},"modified":"2022-02-09T15:35:53","modified_gmt":"2022-02-09T14:35:53","slug":"incontro-iran-usa-lunedi-17-febbraio","status":"publish","type":"post","link":"https:\/\/www.patriarcatovenezia.it\/pastorale-universitaria\/2020\/03\/28\/incontro-iran-usa-lunedi-17-febbraio\/","title":{"rendered":"Incontro Iran-Usa luned\u00ec 17 febbraio"},"content":{"rendered":"<p>&nbsp;<\/p>\n<h3>Incontro Iran-Usa luned\u00ec 17 febbraio<\/h3>\n<p>Quando si parla di terza guerra mondiale, non si pu\u00f2 far finta di niente. Il prof. di diritto internazionale F. Marrella, la cittadina iraniana Yasra Pouyeshman e lo studente di lingua e cultura dell&#8217;Iran Lorenzo Camposilvan hanno aiutato i giovani universitari di Venezia ad approfondire la questione, cercando di dare una visione pi\u00f9 complementare possibile, grazie all\u2019eterogeneit\u00e0 dei loro punti di vista e delle loro conoscenze. Gioved\u00ec 17 febbraio la \u00absala archi\u00bb della Scuola dei Laneri, si \u00e8 gremita di studenti universitari.<\/p>\n<p>Tra i punti esposti, il prof. Marrella fa notare l\u2019assurdit\u00e0 della vicenda che ha portato all&#8217;omicidio di Soleimani. \u00abCosi&#8217; com&#8217;\u00e8 avvenuta \u00e8 un caso\u00a0 di violazione del diritto internazionale. Vi pare normale che il Presidente di uno Stato ordini apertamente l\u2019assassinio di un funzionario del Ministero della difesa di un altro Stato?!\u00bb e aggiunge \u00absicuramente erano disponibili dati gravi, precisi e concordanti di intelligence circa le operazioni dirette da Soleimani dentro e soprattutto fuori dai confini iraniani, ma come si fa a trasformarlo in un caso di pubblica condanna a morte a distanza senza alcun processo? Tutto \u00e8 stato facilmente liquidato come un criminale globale che andava ammazzato\u00bb. Non e&#8217; cosi che funziona il diritto internazionale, nemmeno in questo caso estremo.<\/p>\n<p>Questo scenario offre anche l\u2019occasione, secondo Marrella, per riflettere sui \u00abMutamenti delle forme\u00a0 di guerra del nostro tempo\u00bb. Al giorno d\u2019oggi e&#8217; evidente che i conflitti non sono affatto solo di tipo classico-militare, con uno scontro di eserciti, ma ci sono anche le piu&#8217; sofisticate \u00abguerre economiche\u00bb e soprattutto le \u00abguerre cibernetiche: oggi non serve pi\u00f9 un super esercito di uomini armati fino ai denti, bastano 15 informatici occhialuti e bravissimi per rendere anche un micro-Stato pericolosissimo capace di far saltare per aria una centrale nucleare, ovunque nel\u00a0 mondo\u00bb. Proprio un attacco di tipo cibernetico potrebbe trovarsi all&#8217;origine della caduta dell\u2019aereo ucraino dell\u20198 gennaio, che ha causato 176 morti: \u00abho il sospetto che non sia stato un militare a far saltare per aria volontariamente o a comando un aereo civile, e ancor meno che sia stato un errore umano: non \u00e8 da escludere la possibilit\u00e0 di un attacco informatico molto raffinato\u00bb.<\/p>\n<p>Yasra Pouyeshman \u00e8 una cittadina iraniana che vive in Italia da pi\u00f9 di dieci anni. Il suo intervento \u00e8 stato di fondamentale importanza per ricordare ai presenti, che la guerra riguarda sempre le persone, specialmente le pi\u00f9 indifese: \u00abSi parla di <em>win win situation<\/em> Iran-America, ma in questa analisi il popolo dov\u2019\u00e8? Ci sono persone chi si impoveriscono, che sono in prigione e persone che muoiono; anche a causa della carenza di medicine, per colpa delle sanzioni americane. Io \u2013 aggiunge Yasra \u2013 ho perso mia mamma per questo problema\u00bb.<\/p>\n<p>Il successo dell\u2019evento \u00e8 dovuto proprio all\u2019intuizione della Pastorale Universitaria di affrontare la tematica sotto diversi punti di vista. Difficilmente tre persone proveniente da ambienti cos\u00ec diversi hanno modo di cooperare. Grazie a loro, e all\u2019ottima introduzione storico-politica dello studente Lorenzo, la panoramica complessiva che \u00e8 risultata tiene conto tanto dei retroscena internazionali, quanto la dignit\u00e0 dell\u2019essere umano, che deve rimanere al centro di ogni questione.<\/p>\n<p>Davanti a questa molteplicit\u00e0 di sguardi, gli studenti universitari hanno potuto interrogarsi sul ruolo che possono ricoprire nel mondo. L\u2019intento dell\u2019incontro non era solo rispondere alla domanda \u201cnoi dove siamo?\u201d, ma indurre gli studenti a porre la domanda in modo autentico. Come cittadini, come universitari, ma soprattutto come cristiani, abbiamo il dovere di superare i muri dell\u2019indifferenza, declinata in ogni sua forma, per essere concretamente consci di quelle decisioni sociopolitiche che possono causare non solo un allontanamento tra gli esseri umani, ma anche tra l\u2019uomo e Dio . La domanda assume allora un significato fondamentale, e dev\u2019essere posta davanti a qualsiasi conflitto. Quanto avvenuto tra Iran-USA \u00e8 utile per capire che tale ineludibile quesito pu\u00f2 essere declinato in maniere differenti.\u00a0 Come cittadini, dobbiamo chiederci come si configurano le nuove forme di guerra, per poterle prevenire anzitempo. Infine, in quanto esseri umani, siamo chiamati a non sentirci lontani da chi \u00e8 in conflitto, che a causa della guerra perde tutto. Rispondere quindi alla domanda \u00abdove siamo?\u00bb, nel mondo frammentato e diviso in cui viviamo, permette di avere quella consapevolezza necessaria per un agire giusto, fraterno e a servizio del Signore al quale siamo tutti chiamati.<\/p>\n<p>&nbsp;<\/p>\n<p>&nbsp;<\/p>\n<p>&nbsp;<\/p>\n","protected":false},"excerpt":{"rendered":"<p>A giorni di distanza dall&#8217;esplosione mediatica sul conflitto tra Iran e Usa, abbiamo voluto vederci chiaro, su cosa sta accadendo in Iran oggi, con uno sguardo al passato e delle chiare spiegazioni chiare, hanno saputo dare riscontro a numerosi interrogativi sulle proteste a Teheran contro il regime, sull&#8217;accordo nucleare, sulla posizione dell&#8217;Europa sullo scacchiere mondiale, sulle sanzioni doganali statunitensi, offrendo diversi spunti di riflessione. La Pastorale Universitaria vuole essere il luogo dell&#8217;incontro, uno spazio aperto in cui anche professori e studenti possono collaborare insieme per offrire una formazione orizzontale, puntuale e precisa.<\/p>\n","protected":false},"author":0,"featured_media":200,"comment_status":"closed","ping_status":"closed","sticky":false,"template":"","format":"standard","meta":{"_acf_changed":false,"ip_address":"","user_agent":"","level":"","revision":"","cookie_id":"","page_referer":"","html_form":"","footnotes":""},"categories":[139,141,1],"tags":[191,190,189,188],"class_list":["post-199","post","type-post","status-publish","format-standard","has-post-thumbnail","hentry","category-cultura","category-diario-di-bordo","category-news","tag-conflitto-iran-usa","tag-diritto-internazionale","tag-educazione","tag-formazione"],"acf":[],"_links":{"self":[{"href":"https:\/\/www.patriarcatovenezia.it\/pastorale-universitaria\/wp-json\/wp\/v2\/posts\/199"}],"collection":[{"href":"https:\/\/www.patriarcatovenezia.it\/pastorale-universitaria\/wp-json\/wp\/v2\/posts"}],"about":[{"href":"https:\/\/www.patriarcatovenezia.it\/pastorale-universitaria\/wp-json\/wp\/v2\/types\/post"}],"author":[{"embeddable":true,"href":"https:\/\/www.patriarcatovenezia.it\/pastorale-universitaria\/wp-json\/wp\/v2\/users\/22"}],"replies":[{"embeddable":true,"href":"https:\/\/www.patriarcatovenezia.it\/pastorale-universitaria\/wp-json\/wp\/v2\/comments?post=199"}],"version-history":[{"count":2,"href":"https:\/\/www.patriarcatovenezia.it\/pastorale-universitaria\/wp-json\/wp\/v2\/posts\/199\/revisions"}],"predecessor-version":[{"id":203,"href":"https:\/\/www.patriarcatovenezia.it\/pastorale-universitaria\/wp-json\/wp\/v2\/posts\/199\/revisions\/203"}],"wp:featuredmedia":[{"embeddable":true,"href":"https:\/\/www.patriarcatovenezia.it\/pastorale-universitaria\/wp-json\/wp\/v2\/media\/200"}],"wp:attachment":[{"href":"https:\/\/www.patriarcatovenezia.it\/pastorale-universitaria\/wp-json\/wp\/v2\/media?parent=199"}],"wp:term":[{"taxonomy":"category","embeddable":true,"href":"https:\/\/www.patriarcatovenezia.it\/pastorale-universitaria\/wp-json\/wp\/v2\/categories?post=199"},{"taxonomy":"post_tag","embeddable":true,"href":"https:\/\/www.patriarcatovenezia.it\/pastorale-universitaria\/wp-json\/wp\/v2\/tags?post=199"}],"curies":[{"name":"wp","href":"https:\/\/api.w.org\/{rel}","templated":true}]}}