{"id":188,"date":"2020-03-23T15:20:02","date_gmt":"2020-03-23T14:20:02","guid":{"rendered":"https:\/\/venezia.webdiocesi.it\/pastorale-universitaria\/?p=188"},"modified":"2022-02-09T15:35:53","modified_gmt":"2022-02-09T14:35:53","slug":"i-ragazzi-vogliono-progetti-non-oggetti","status":"publish","type":"post","link":"https:\/\/www.patriarcatovenezia.it\/pastorale-universitaria\/2020\/03\/23\/i-ragazzi-vogliono-progetti-non-oggetti\/","title":{"rendered":"&#8220;I ragazzi vogliono progetti, non oggetti&#8221;"},"content":{"rendered":"<p><em>\u00abMi fermo e chiedo: riuscireste voi a trasformare in canto il dolore della vita, i vostri fallimenti, la vostra inadeguatezza? A nutrirvi del vostro destino, pi\u00f9 o meno fortunato che sia, per farne un capolavoro immortale?\u00bb<\/em><\/p>\n<p>Queste sono le domande che Alessandro D\u2019Avenia pone al suo lettore in un capitolo del libro <em>L\u2019arte di essere fragili<\/em> e che proprio ora sembrano suonare ancora pi\u00f9 familiari, in un clima surreale, che richiede grande impegno e seriet\u00e0 da parte di tutti noi.<\/p>\n<p>La Pastorale Universitaria ha deciso di fare la sua parte.<\/p>\n<p>Dopo un momento di stop dovuto alle improvvise misure per l\u2019emergenza in corso, c\u2019\u00e8 stato bisogno di reinventarsi. Ci siamo chiesti in primo luogo cosa fosse la Pastorale, cos\u00ec da poter ripartire da l\u00ec e mettere in atto nuovi modi di vivere la nostra esperienza universitaria, anche in quarantena, a distanza di centinaia di chilometri l\u2019uno dall&#8217;altro.<\/p>\n<p>La Pastorale Universitaria \u00e8 soprattutto un incontro, che vuole unire cultura e spiritualit\u00e0, conoscenza e fede, ma come farlo ora?<\/p>\n<p>D\u2019Avenia ce lo suggerisce scrivendo che i ragazzi \u00abvogliono progetti, non oggetti. Mentre noi cerchiamo di soddisfare il desiderio con le cose, loro chiedono quello che il desiderio contiene: la speranza dell\u2019impossibile reso possibile\u00bb.<\/p>\n<p>Ed \u00e8 proprio per rispondere a questa esigenza che Emanuele, Giada e Daniele (i tre ragazzi al servizio della Pastorale Universitaria) hanno deciso di organizzare un podcast condivisibile sui social per la lettura e il commento del Vangelo del giorno, compreso quello della domenica, con l\u2019aiuto di don Gilberto Sabbadin e don Francesco Marchesi (rispettivamente responsabili della Pastorale Universitaria e Giovanile).<\/p>\n<p>Ma in che modo questo pu\u00f2 costituire una risposta?<\/p>\n<p>\u00abLa riflessione sul Vangelo permette di informare \u2013 spiega don Gilberto &#8211; e quindi di <em>dare forma<\/em> alle nostre giornate: in questo momento abbiamo bisogno di ritornare all&#8217;essenziale, custodirci, prenderci cura della relazione\u00bb. E per farlo \u00e8 importante capire che il cristiano, come tale, deve orientare la sua vita al bene e la migliore occasione per agire in questa direzione \u00e8 farlo nelle realt\u00e0 che ci riguardano, che ci sono pi\u00f9 vicine, sostiene Emanuele.<\/p>\n<p>La reazione \u00e8 stata un sincero \u00abgrazie\u00bb da parte di noi universitari, perch\u00e9 proprio in questo momento di \u00abQuaresima anomala\u00bb, come la definisce il nostro Patriarca Francesco Moraglia, abbiamo bisogno di questo richiamo, di linee da seguire, che ci ricordino ogni giorno il <em>perch\u00e9<\/em> e il <em>come<\/em> di queste giornate.<\/p>\n<p>\u00c8 in corso anche la preparazione di altri progetti, ad esempio <em>Question &amp; Answer Teologico<\/em> (<em>Q&amp;A<\/em>): \u00abun nuovo format che uscir\u00e0 ogni due settimane e offrir\u00e0 l\u2019opportunit\u00e0 agli studenti di porre\u00a0 domande teologiche, alle quali risponderanno degli esperti con video di pochi minuti\u00bb ci racconta Daniele.<\/p>\n<p>\u00c8 quindi chiaro che in questa situazione, nuova per tutti, le parole chiave siano: condivisione e intraprendenza.<\/p>\n<p>\u00abPonendo le domande giuste, vivendole giorno per giorno e condividendole con gli altri uomini, troveremo compagni di viaggio nelle notti pi\u00f9 oscure. E scopriremo che si pu\u00f2, mentre si erra nella notte, persino cantare\u00bb conferma D\u2019Avenia nel suo libro.<\/p>\n<p>Non perdiamoci d\u2019animo, dunque, e facciamo in modo di riconoscere alla fine di tutto questo il lavoro svolto e ci\u00f2 che ne sar\u00e0 fruttato.<\/p>\n<p><em>Anna Capotorto<\/em><\/p>\n<p>Di seguito il link per ascoltare la Parola del Giorno:<br \/>\n<a href=\"https:\/\/soundcloud.com\/puvenezia\">https:\/\/soundcloud.com\/puvenezia<\/a><\/p>\n<p>&nbsp;<\/p>\n<p>&nbsp;<\/p>\n","protected":false},"excerpt":{"rendered":"<p>Pastorale Universitaria in digitale \u00e8 senza dubbio una sfida, che riteniamo opportuno cogliere insieme a tutte le persone che in questi mesi si sono riunite presso di noi.<\/p>\n","protected":false},"author":0,"featured_media":191,"comment_status":"closed","ping_status":"closed","sticky":false,"template":"","format":"link","meta":{"_acf_changed":false,"ip_address":"","user_agent":"","level":"","revision":"","cookie_id":"","page_referer":"","html_form":"","footnotes":""},"categories":[141,1],"tags":[179,181,164,180,182,165,171],"class_list":["post-188","post","type-post","status-publish","format-link","has-post-thumbnail","hentry","category-diario-di-bordo","category-news","tag-davenia","tag-digitale","tag-pastorale","tag-progetti","tag-sfida","tag-universitaria","tag-venezia","post_format-link"],"acf":[],"_links":{"self":[{"href":"https:\/\/www.patriarcatovenezia.it\/pastorale-universitaria\/wp-json\/wp\/v2\/posts\/188"}],"collection":[{"href":"https:\/\/www.patriarcatovenezia.it\/pastorale-universitaria\/wp-json\/wp\/v2\/posts"}],"about":[{"href":"https:\/\/www.patriarcatovenezia.it\/pastorale-universitaria\/wp-json\/wp\/v2\/types\/post"}],"author":[{"embeddable":true,"href":"https:\/\/www.patriarcatovenezia.it\/pastorale-universitaria\/wp-json\/wp\/v2\/users\/22"}],"replies":[{"embeddable":true,"href":"https:\/\/www.patriarcatovenezia.it\/pastorale-universitaria\/wp-json\/wp\/v2\/comments?post=188"}],"version-history":[{"count":5,"href":"https:\/\/www.patriarcatovenezia.it\/pastorale-universitaria\/wp-json\/wp\/v2\/posts\/188\/revisions"}],"predecessor-version":[{"id":198,"href":"https:\/\/www.patriarcatovenezia.it\/pastorale-universitaria\/wp-json\/wp\/v2\/posts\/188\/revisions\/198"}],"wp:featuredmedia":[{"embeddable":true,"href":"https:\/\/www.patriarcatovenezia.it\/pastorale-universitaria\/wp-json\/wp\/v2\/media\/191"}],"wp:attachment":[{"href":"https:\/\/www.patriarcatovenezia.it\/pastorale-universitaria\/wp-json\/wp\/v2\/media?parent=188"}],"wp:term":[{"taxonomy":"category","embeddable":true,"href":"https:\/\/www.patriarcatovenezia.it\/pastorale-universitaria\/wp-json\/wp\/v2\/categories?post=188"},{"taxonomy":"post_tag","embeddable":true,"href":"https:\/\/www.patriarcatovenezia.it\/pastorale-universitaria\/wp-json\/wp\/v2\/tags?post=188"}],"curies":[{"name":"wp","href":"https:\/\/api.w.org\/{rel}","templated":true}]}}