{"id":167,"date":"2019-12-21T12:55:07","date_gmt":"2019-12-21T11:55:07","guid":{"rendered":"https:\/\/venezia.webdiocesi.it\/pastorale-universitaria\/?p=167"},"modified":"2022-02-09T15:35:53","modified_gmt":"2022-02-09T14:35:53","slug":"un-nuovo-anno-ha-inizio","status":"publish","type":"post","link":"https:\/\/www.patriarcatovenezia.it\/pastorale-universitaria\/2019\/12\/21\/un-nuovo-anno-ha-inizio\/","title":{"rendered":"Un nuovo anno ha inizio"},"content":{"rendered":"<p>Lo scorso 24 ottobre, alle ore 18.30, presso la chiesa di San Nicola da Tolentino, studenti di diversi corsi di Laurea, con docenti e impiegati tecnico-amministrativi delle Universit\u00e0 di Venezia, hanno dato inizio all&#8217;anno accademico con la consueta celebrazione eucaristica, presieduta dal nostro Patriarca Francesco Moraglia. Per le studentesse e per gli studenti della Pastorale Universitaria, le parole che il Patriarca ci ha destinato nella sua omelia hanno costituito uno spunto di riflessione e dialogo comunitario sul senso dell&#8217;esperienza universitaria, di cui vorremmo qui riproporre alcuni punti fondamentali per condividerli con la Comunit\u00e0 Cristiana di Venezia.<\/p>\n<p>Il tema focale dell&#8217;omelia \u00e8 stato il <em>battesimo\u00a0&#8211;<\/em>su cui ci si soffermer\u00e0 lungo tutto l&#8217;anno pastorale\u2013, sacramento fondamentale per l&#8217;esistenza umana nel suo complesso e, dunque, anche per l&#8217;esperienza universitaria tanto degli studenti, quanto dei docenti e di tutte le altre figure che animano il complesso mondo dell&#8217;Universit\u00e0. &lt;&lt;Il battesimo &#8211; ha detto il Patriarca &#8211; costituisce la porta d&#8217;accesso alla casa comune, la Chiesa, che a sua volta \u00e8 il sacramento universale di salvezza resa tale da Ges\u00f9 Cristo, il sacramento &#8220;originario&#8221;&gt;&gt;. Come primo sacramento, il battesimo \u00e8 per il Cristiano il segno che apre alla possibilit\u00e0 di essere ammessi alla relazione con Dio, grazie alla mediazione operata dalla Resurrezione di Cristo: \u00e8 perch\u00e9 si entra, attraverso il battesimo, in una prospettiva di salvezza, che siamo in grado di dire &#8220;Padre Nostro&#8221; e non soltanto un generico &#8220;dio&#8221;. Ci\u00f2 significa che questo sacramento ci apre alla possibilit\u00e0 di essere comunit\u00e0 in Cristo, senza il quale non potremmo conoscere il Padre e, dunque, non potremmo riconoscerci come <em>fratelli<\/em> (cfr. Gv 14, 6). Grazie alla morte e alla risurrezione di Cristo, la cui grazia governa lo spazio aperto dal battesimo, &lt;&lt;il credente &#8211; precisa il Patriarca &#8211; non \u00e8 mai un isolato, anche se conducesse una vita da eremita, e sempre fa parte della Chiesa; ogni suo gesto ha, in forza del battesimo, valenza comunitaria e sociale&gt;&gt;.<\/p>\n<p>Quanto detto sin qui ci aiuta a comprendere come il sacramento del battesimo abbia qualcosa di radicale da dire a proposito dell&#8217;esperienza universitaria, poich\u00e9 apre alla possibilit\u00e0 che quest&#8217;ultima coinvolga davvero la nostra umanit\u00e0.\u00a0Per noi studenti e studentesse della Pastorale Universitaria di Venezia, il nostro battesimo ci mette dinnanzi alla possibilit\u00e0 di impegnarci, ogni giorno e tutti insieme, a promuovere, nei contesti universitari in cui viviamo, occasioni di conversione e di dialogo, affinch\u00e9 i nostri fratelli e le nostre sorelle che non hanno ancora incontrato Cristo possano, come Madeleine Delbr\u00eal, essere provocati dalla testimonianza di persone vive.<\/p>\n<p>Morti al peccato e rinati in Cristo, come battezzati abbiamo la possibilit\u00e0 di dare un corpo nuovo alla naturale socialit\u00e0 dell&#8217;uomo, facendoci promotori di un&#8217;Universit\u00e0 al cui fondamento vi sia la persona umana. Se, come sosteneva John Henry Newmann &#8211; citato da don Gilberto Sabbadin nel suo saluto d&#8217;apertura, e dal Patriarca nelle prime battute della sua omelia -, l&#8217;universit\u00e0 permette a ciascuno di ricoprire al meglio il proprio posto nella vita, allora davvero i Cristiani che vivono l&#8217;Universit\u00e0 devono rifocalizzare il senso della loro esperienza, affinch\u00e9 possano mettersi al servizio della Verit\u00e0.<\/p>\n<p>Poich\u00e9, come ci ricorda san Paolo nella sua <em>Lettera ai Romani<\/em>, il battesimo significa morte al peccato e nascita alla libert\u00e0 dei figli di Dio, liberazione dall&#8217;impossibilit\u00e0 di scegliere il bene e apertura alla possibilit\u00e0 di perseguire la giustizia, i Cristiani che vivono l&#8217;Universit\u00e0 hanno anzitutto il dovere di non rimanere indifferenti di fronte alla disposizione individualista e divisiva che, talvolta, pu\u00f2 contraddistinguere anche le pratiche di sapere pi\u00f9 elevate; hanno il dovere di mettersi al servizio di un&#8217;Universit\u00e0 <em>comunitaria<\/em>, in cui la ricerca della verit\u00e0 possa essere condivisa e non rimanga appannaggio di chi ha superato le pastoie della competizione. Soprattutto i battezzati hanno il dovere di non dimenticare che il sapere &#8211; e la possibilit\u00e0 di perseguirlo &#8211; \u00e8 un dono e come tale va vissuto &#8211; e condiviso.<\/p>\n","protected":false},"excerpt":{"rendered":"<p>Lo scorso 24 ottobre, alle ore 18.30, presso la chiesa di San Nicola da Tolentino, studenti di diversi corsi di Laurea, con docenti e impiegati tecnico-amministrativi delle Universit\u00e0 di Venezia, hanno dato inizio all&#8217;anno accademico con la consueta celebrazione eucaristica, presieduta dal nostro Patriarca Francesco Moraglia. Per le studentesse e per gli studenti della Pastorale [&hellip;]<\/p>\n","protected":false},"author":0,"featured_media":168,"comment_status":"closed","ping_status":"closed","sticky":false,"template":"","format":"standard","meta":{"_acf_changed":false,"ip_address":"","user_agent":"","level":"","revision":"","cookie_id":"","page_referer":"","html_form":"","footnotes":""},"categories":[1],"tags":[178,169,143],"class_list":["post-167","post","type-post","status-publish","format-standard","has-post-thumbnail","hentry","category-news","tag-messa-inizio-anno-accademico","tag-pastorale-universitaria","tag-spiritualita"],"acf":[],"_links":{"self":[{"href":"https:\/\/www.patriarcatovenezia.it\/pastorale-universitaria\/wp-json\/wp\/v2\/posts\/167"}],"collection":[{"href":"https:\/\/www.patriarcatovenezia.it\/pastorale-universitaria\/wp-json\/wp\/v2\/posts"}],"about":[{"href":"https:\/\/www.patriarcatovenezia.it\/pastorale-universitaria\/wp-json\/wp\/v2\/types\/post"}],"author":[{"embeddable":true,"href":"https:\/\/www.patriarcatovenezia.it\/pastorale-universitaria\/wp-json\/wp\/v2\/users\/22"}],"replies":[{"embeddable":true,"href":"https:\/\/www.patriarcatovenezia.it\/pastorale-universitaria\/wp-json\/wp\/v2\/comments?post=167"}],"version-history":[{"count":1,"href":"https:\/\/www.patriarcatovenezia.it\/pastorale-universitaria\/wp-json\/wp\/v2\/posts\/167\/revisions"}],"predecessor-version":[{"id":169,"href":"https:\/\/www.patriarcatovenezia.it\/pastorale-universitaria\/wp-json\/wp\/v2\/posts\/167\/revisions\/169"}],"wp:featuredmedia":[{"embeddable":true,"href":"https:\/\/www.patriarcatovenezia.it\/pastorale-universitaria\/wp-json\/wp\/v2\/media\/168"}],"wp:attachment":[{"href":"https:\/\/www.patriarcatovenezia.it\/pastorale-universitaria\/wp-json\/wp\/v2\/media?parent=167"}],"wp:term":[{"taxonomy":"category","embeddable":true,"href":"https:\/\/www.patriarcatovenezia.it\/pastorale-universitaria\/wp-json\/wp\/v2\/categories?post=167"},{"taxonomy":"post_tag","embeddable":true,"href":"https:\/\/www.patriarcatovenezia.it\/pastorale-universitaria\/wp-json\/wp\/v2\/tags?post=167"}],"curies":[{"name":"wp","href":"https:\/\/api.w.org\/{rel}","templated":true}]}}