{"id":162,"date":"2019-12-21T12:36:32","date_gmt":"2019-12-21T11:36:32","guid":{"rendered":"https:\/\/venezia.webdiocesi.it\/pastorale-universitaria\/?p=162"},"modified":"2022-02-09T15:35:53","modified_gmt":"2022-02-09T14:35:53","slug":"convegno-di-pastorale-universitaria-nazionale-roma-28-29-11-2019","status":"publish","type":"post","link":"https:\/\/www.patriarcatovenezia.it\/pastorale-universitaria\/2019\/12\/21\/convegno-di-pastorale-universitaria-nazionale-roma-28-29-11-2019\/","title":{"rendered":"Convegno di Pastorale Universitaria Nazionale \u2013 Roma, 28-29\/11\/2019"},"content":{"rendered":"<p>\u00c8 possibile trasformare ogni incontro in una possibilit\u00e0 di arricchimento, infatti nel confronto con un&#8217;altra persona possiamo capire o far capire all\u2019altro i punti di forza e quelli invece che possono essere migliorati.<\/p>\n<p>Questo \u00e8 quanto ha provato a fare una delegazione di sei studenti e due responsabili della casa Studentesca Santa Fosca di Venezia, che hanno rappresentato la diocesi veneziana al convegno nazionale di pastorale universitaria. Dal titolo \u201cUna comunit\u00e0 di studio, di ricerca e di vita\u201d, il convegno ha avuto luogo il 28 e il 29 novembre scorsi a Roma.<\/p>\n<p>Anche quest\u2019anno i due giorni di convegno hanno dato occasione ai vari responsabili delle pastorali universitarie di rincontrare volti gi\u00e0 noti, conoscere nuove persone e confrontarsi sull\u2019operato svolto nei propri territori. Il dialogo di per s\u00e9 corposo di contenuti e fecondo di nuove possibilit\u00e0, \u00e8 stato arricchito dalla riflessione sul \u201cManifesto per l\u2019Universit\u00e0\u201d, documento firmato Il 15 maggio 2019 dal Mons. Stefano Russo, Segretario Generale della CEI, e dal Prof. Gaetano Manfredi, Presidente della Conferenza dei Rettori delle Universit\u00e0 Italiane (CRUI). Le due conferenze hanno concordato sul \u00abriconoscere vicendevolmente il loro ruolo formativo e culturale nella societ\u00e0 italiana, le quali desiderano, di fronte alle nuove sfide, essere insieme attori ed alleati\u00bb. Focus del convegno non \u00e8 per\u00f2 stata la lettura e l\u2019analisi del manifesto, ma il come renderlo attuale: \u00abvorrei che da ora si inizi a lavorare non pi\u00f9 sul manifesto, ma a partire dal manifesto\u00bb dice il prof. Ernesto Diaco, direttore dell\u2019Ufficio Nazionale della CEI per l\u2019educazione, la scuola e l\u2019universit\u00e0.<\/p>\n<p>Per confrontarsi su come, nelle varie diocesi italiane, la pastorale universitaria rappresenti una sinergia tra Chiesa e Universit\u00e0 \u00e8 stata svolta un\u2019attivit\u00e0 a gruppi ristretti. Durante questo coinvolgimento diretto, anche la pastorale di Venezia ha potuto esporre i propri punti di forza: in primo luogo il legame che la pastorale ha con gli studenti. \u00abA Venezia, la pastorale universitaria ci offre degli spazi per esprimerci e per incontrarci al fine di scambiare idee e conoscenze \u2013 dice Daniele Barolo, studente collaboratore della p.u. di Venezia \u2013 e al contempo ci dona l\u2019occasione di vivere gli anni dell\u2019universit\u00e0 con maggiore consapevolezza, mettendo al centro del nostro operare in comunit\u00e0 l\u2019incontro con Ges\u00f9\u00bb. In secondo luogo la presenza di vari studentati diocesani che si sforzano gi\u00e0 da tempo di collaborare, sia tra di loro sia con l\u2019universit\u00e0, per formare ed educare i giovani studenti.<\/p>\n<p>Dagli incontri con i responsabili delle altre pastorali universitarie, quella veneziana ha potuto apprendere nuove strade che possono essere percorse e intraprese. Molti sono stati gli esempi di una cooperazione attuata tra diocesi e atenei universitari, come a Bologna, dove ora viene offerta la possibilit\u00e0 agli studenti di utilizzare gli esami a scelta libera per frequentare dei corsi della facolt\u00e0 di teologia; o a Pavia ove si tengono conferenze che invitano la Chiesa, l\u2019Universit\u00e0 e il Policlinico locali a rispondere alla domanda \u00abchi \u00e8 l\u2019uomo?\u00bb dal punto di vista del proprio campo di specializzazione.<\/p>\n<p>Anche la pastorale universitaria di Venezia vuole, in linea con il Manifesto per l\u2019Universit\u00e0, provare a essere ponte tra questi due mondi sempre pi\u00f9 vicini, al fine di far crescere gli studenti in un ambiente che possa valorizzare i talenti e le personalit\u00e0 di ciascuno. A tal proposito, Papa Francesco, incontrando i docenti e gli studenti della LUMSA, ha detto che \u00abl\u2019universit\u00e0 comporta un impegno non solo formativo ma educativo, che parte dalla persona e arriva alla persona\u00bb. La Chiesa, anche a Venezia, non pu\u00f2 non concorrere a questo obiettivo, visto che lo fa gi\u00e0 da duemila anni.<\/p>\n","protected":false},"excerpt":{"rendered":"<p>Un racconto sintetico della nostra esperienza al Convegno di Pastorale Universitaria, tenutosi a Roma il 28-19\/11\/2019<\/p>\n","protected":false},"author":0,"featured_media":163,"comment_status":"closed","ping_status":"closed","sticky":false,"template":"","format":"standard","meta":{"_acf_changed":false,"ip_address":"","user_agent":"","level":"","revision":"","cookie_id":"","page_referer":"","html_form":"","footnotes":""},"categories":[141,1],"tags":[173,172,169,174],"class_list":["post-162","post","type-post","status-publish","format-standard","has-post-thumbnail","hentry","category-diario-di-bordo","category-news","tag-convegno","tag-incontro","tag-pastorale-universitaria","tag-roma"],"acf":[],"_links":{"self":[{"href":"https:\/\/www.patriarcatovenezia.it\/pastorale-universitaria\/wp-json\/wp\/v2\/posts\/162"}],"collection":[{"href":"https:\/\/www.patriarcatovenezia.it\/pastorale-universitaria\/wp-json\/wp\/v2\/posts"}],"about":[{"href":"https:\/\/www.patriarcatovenezia.it\/pastorale-universitaria\/wp-json\/wp\/v2\/types\/post"}],"author":[{"embeddable":true,"href":"https:\/\/www.patriarcatovenezia.it\/pastorale-universitaria\/wp-json\/wp\/v2\/users\/22"}],"replies":[{"embeddable":true,"href":"https:\/\/www.patriarcatovenezia.it\/pastorale-universitaria\/wp-json\/wp\/v2\/comments?post=162"}],"version-history":[{"count":1,"href":"https:\/\/www.patriarcatovenezia.it\/pastorale-universitaria\/wp-json\/wp\/v2\/posts\/162\/revisions"}],"predecessor-version":[{"id":164,"href":"https:\/\/www.patriarcatovenezia.it\/pastorale-universitaria\/wp-json\/wp\/v2\/posts\/162\/revisions\/164"}],"wp:featuredmedia":[{"embeddable":true,"href":"https:\/\/www.patriarcatovenezia.it\/pastorale-universitaria\/wp-json\/wp\/v2\/media\/163"}],"wp:attachment":[{"href":"https:\/\/www.patriarcatovenezia.it\/pastorale-universitaria\/wp-json\/wp\/v2\/media?parent=162"}],"wp:term":[{"taxonomy":"category","embeddable":true,"href":"https:\/\/www.patriarcatovenezia.it\/pastorale-universitaria\/wp-json\/wp\/v2\/categories?post=162"},{"taxonomy":"post_tag","embeddable":true,"href":"https:\/\/www.patriarcatovenezia.it\/pastorale-universitaria\/wp-json\/wp\/v2\/tags?post=162"}],"curies":[{"name":"wp","href":"https:\/\/api.w.org\/{rel}","templated":true}]}}