{"id":148,"date":"2019-12-22T10:25:01","date_gmt":"2019-12-22T09:25:01","guid":{"rendered":"https:\/\/venezia.webdiocesi.it\/pastorale-universitaria\/?p=148"},"modified":"2022-02-09T15:35:53","modified_gmt":"2022-02-09T14:35:53","slug":"un-bilancio-per-il-2019","status":"publish","type":"post","link":"https:\/\/www.patriarcatovenezia.it\/pastorale-universitaria\/2019\/12\/22\/un-bilancio-per-il-2019\/","title":{"rendered":"Un bilancio per il 2019"},"content":{"rendered":"<p>Alla fine di questo semestre, condividiamo con voi un primo bilancio di cosa \u00e8 stata la Pastorale Universitaria di Venezia: non solo per raccontare gli eventi organizzati, ma anche per\u00a0 illustrare le traiettorie fondamentali a cui abbiamo orientato le nostre attivit\u00e0.<\/p>\n<p>In settembre abbiamo convocato gli studenti e le studentesse pi\u00f9 vicini alla Pastorale Universitaria, per raccogliere le loro intenzioni e sondare i bisogni degli universitari veneziani. Possiamo tradurre tutto quello che \u00e8 emerso in questo primo incontro come uno <em>strutturale bisogno di comunit\u00e0<\/em>, al quale stiamo rispondendo in due modi: anzitutto moltiplicando le occasioni di incontro comunitario, continuando a condividere la celebrazione eucaristica domenicale, aprendo le due stanze che abbiamo a disposizione presso la Scuola dei Laneri &#8211; nostra sede &#8211; per studiare insieme (soprattutto quando le biblioteche sono chiuse); in secondo luogo offrendo loro appuntamenti in cui, attraverso i linguaggi dell\u2019arte e della cultura in senso ampio, esplorare l\u2019umanit\u00e0 della loro esperienza, che \u00e8 il primo passo per poter distinguere la chiamata di Cristo nella vita di ciascuno.<\/p>\n<p>Per essere una comunit\u00e0 non basta ritrovarsi insieme: se cos\u00ec fosse, sarebbero sufficienti gli incontri casuali o la prossimit\u00e0 in occasione delle lezioni. C\u2019\u00e8 bisogno di qualcosa che tenga insieme la comunit\u00e0, dandole la forma di cui sente l\u2019esigenza. Per la Pastorale Universitaria di Venezia questo qualcosa si \u00e8 mostrato sotto le spoglie di un qualcuno: accogliere la Rivelazione di Cristo significa accettare la sua operazione di Grazia, che modella provvidenzialmente e con cura la Sua Chiesa. Il nostro posto \u00e8, per cos\u00ec dire, sulla breccia: cerchiamo di dialogare con la massima apertura \u2013 saldi nel Vangelo \u2013 con chi ancora non ha saputo o non ha potuto aprire il cuore a Cristo. Ci\u00f2 implica la necessit\u00e0 di mostrare la profonda umanit\u00e0 della Parola di Dio, che \u00e8 viva in noi, e quella di esplicitare come essa abbia intimamente a che fare con la dimensione culturale della nostra vita: in questo modo, si offre agli studenti in ricerca la possibilit\u00e0 di trovare razionalmente il senso della propria esistenza, attraverso la Parola di Dio che agisce nostro tramite. Il primo incontro con cui abbiamo riaperto questo corso di riflessione si \u00e8 tenuto il 14\/10 presso la Scuola dei Laneri: abbiamo allestito una mostra di giovani studenti e studentesse (alcuni dei quali ci hanno raggiunto da fuori Venezia), dedicata al tema della <em><a href=\"https:\/\/venezia.webdiocesi.it\/pastorale-universitaria\/iniziamo-con-luce\/\">luce<\/a> <\/em>\u2013 da cui prendeva il titolo \u2013 dando la possibilit\u00e0 ad altri giovani di poter condividere la propria esperienza della luce attraverso la parola scritta \u2013 in prosa e in poesia \u2013 e attraverso le proprie composizioni musicali. Abbiamo esplorato vari significati della luce: quella dell\u2019anima e della salvezza che muove i cuori di tutti, di noi ragazzi e ragazze che hanno voglia di mettersi in gioco e vivere con passione il proprio percorso, nonostante le difficolt\u00e0 del cammino, vivendo in una grande comunit\u00e0.<\/p>\n<p>Appena dieci giorni dopo, i presenti hanno avuto la possibilit\u00e0 di vedere chi sia la <em>luce<\/em> grazie alla quale vivono i Cristiani: con la <a href=\"https:\/\/venezia.webdiocesi.it\/pastorale-universitaria\/un-nuovo-anno-ha-inizio\/\"><em>Messa d\u2019inizio anno accademico<\/em><\/a>, presieduta dal Patriarca Francesco Moraglia, nostro vescovo\u00a0 degli anni di studio, si \u00e8 aperto ufficialmente il nostro anno di Pastorale Universitaria. \u00c8 stata un\u2019occasione fondamentale per darci la possibilit\u00e0 di accoglierci reciprocamente nella nostra <em>libera appartenenza <\/em>a Cristo.<\/p>\n<p>In questi tempi di chiusure, in cui le pratiche politiche sembrano meri esercizi di forza senza criteri di giustizia, la Pastorale Universitaria di Venezia sottolinea che la fede in Cristo implica la necessit\u00e0 dell\u2019apertura al prossimo. Abbiamo inteso mostrare come tale apertura abbia intimamente segnato la storia di Venezia, dal punto di vista storico, culturale, architettonico e quindi sociale: in occasione della <em>gita in barca<\/em> del 12\/10, guidati dal Prof. Alberto Peratoner e dal dott. Marco Paladini, abbiamo ripercorso alcune tappe dei primi insediamenti veneziani, facendo esperienza della struttura urbanistica veneziana come di una struttura profondamente ecumenica. Con il medesimo spirito di apertura, il 16\/10, presso la nostra sede dei Laneri, abbiamo avuto il piacere di poter dialogare con <a href=\"https:\/\/venezia.webdiocesi.it\/pastorale-universitaria\/pensare-con-lode\/\">don Luca Peyron<\/a> (responsabile della Pastorale Universitaria di Torino, accolto anche dalla Casa Studentesca Santa Fosca), con cui abbiamo condiviso alcune linee d\u2019azione e riflessioni sul metodo che la Pastorale Universitaria pu\u00f2 assumere. L\u2019universalit\u00e0 della Chiesa di Cristo permette l\u2019instaurarsi di buone pratiche relazionali, anche quando le differenze culturali sembrano insuperabili \u2013 o meglio: quando si vorrebbe che tali differenze fossero percepite come tali.<\/p>\n<p>A tali buone pratiche d\u2019incontro tra culture, anche quest\u2019anno abbiamo dedicato gli incontri di <em>Itaca<\/em> \u2013 serie di appuntamenti che abbiamo gi\u00e0 inaugurato lo scorso anno \u2013, il cui primo appuntamento del 25\/11 \u00e8 stato dedicato alla studentessa <a href=\"https:\/\/venezia.webdiocesi.it\/pastorale-universitaria\/itaca-con-sara-schiavon\/\">Sara Schiavon<\/a> (attiva nella Casa Studentesca Santa Fosca e da lungo tempo vicina alla Pastorale Universitaria), che ha condiviso la sua esperienza di ragazza <em>au pair <\/em>in Australia, dove ha potuto condurre alcune ricerche per la sua tesi di Laurea Magistrale in Antropologia.<\/p>\n<p>La bellezza dell\u2019incontro con l\u2019altro, alla luce della Rivelazione di Cristo, non \u00e8 solo una questione culturale: essa \u00e8 anzitutto una questione teologica e liturgica. Abbiamo sperimentato la possibilit\u00e0 di incontrare l\u2019Altro essendo accolti \u2013 ed essendo cos\u00ec messi nelle condizioni di accoglierlo \u2013 con la <em>Celebrazione penitenziale d\u2019Avvento <\/em>del 4\/12 presso la Chiesa di San Nicola da Tolentino: grazie alla collaborazione di alcuni sacerdoti, gli studenti e le studentesse hanno avuto la possibilit\u00e0 di fare esperienza della riconciliazione.<\/p>\n<p>Il tema di quest\u2019anno pastorale segna il nostro essere comunit\u00e0: cosa \u00e8 il battesimo se non il sacramento che sancisce la strutturale, viscerale appartenenza del Cristiano a Ges\u00f9 Cristo? Il battesimo \u00e8 in fondo la prima testimonianza della gratuit\u00e0 di Dio: \u00e8 il dono di una vita piena, sensata, preziosa agli occhi del Creatore e agli occhi delle creature con cui condividiamo la nostra storia. Abbiamo inteso riflettere sul legame tra battesimo e gratuit\u00e0, dedicando a questo tema il <em>Ritiro spirituale d\u2019Avvento per universitari<\/em>, che si \u00e8 tenuto il giorno dell\u2019<em>Immacolata concezione<\/em> presso il Convento del Redentore della Giudecca. Circa 20 studenti hanno condiviso una giornata di preghiera e di riflessione, aperta dalle lodi mattutine e chiusa dalla celebrazione eucaristica, durante la quale abbiamo potuto assistere alla <em>promessa perpetua<\/em> di Fra\u2019 Stefano. Due meditazioni hanno scandito la giornata: la prima dedicata alla gratuit\u00e0 di Dio verso l\u2019uomo, guidata da Fra\u2019 Mattia \u2013 che, insieme a Fra\u2019 Giuseppe, ha condiviso con noi l\u2019esperienza del ritiro \u2013 e incentrata sul <em>s\u00ec<\/em> pronunciato da Maria, visitata da Dio per mezzo dell\u2019Arcangelo Gabriele; la seconda dedicata alla gratuit\u00e0 dall\u2019uomo a Dio, attraverso l\u2019altro uomo, in cui abbiamo esplorato \u2013 insieme ad Emanuele Lepore \u2013 cosa significano parole come <em>gratuit\u00e0<\/em> e <em>giustizia <\/em>per chi \u00e8 battezzato in Cristo, guidati dalla <em>Lettera ai Romani<\/em> di san Paolo.<\/p>\n<p>Il servizio alla Parola di Dio passa anche per il servizio ai luoghi in cui essa risuona. Avere una certa familiarit\u00e0 con le chiese significa comprendere la profondit\u00e0 della Rivelazione, che assume i linguaggi dell\u2019umanit\u00e0: significa comprendere che l\u2019architettura delle chiese e le opere d\u2019arte in esse contenute non sono soltanto pietre miliari della cultura occidentale, ma anche strumenti di catechesi che favoriscono la relazione con Dio. Per questa ragione, il 12\/12 abbiamo invitato studenti e studentesse ad una visita gratuita alla Basilica dei Frari, guidata dal gruppo Pietre Vive di Venezia e animata dal Coro della Pastorale Universitaria.<\/p>\n<p>Durante la pausa natalizia, ci dedicheremo alla programmazione del prossimo semestre, cercando di mettere a punto attivit\u00e0 e incontri che ci permettano di esplorare ancora pi\u00f9 a fondo il tema del battesimo e, in generale, di continuare a crescere nell\u2019esperienza di Pastorale Universitaria, con le persone che hanno scelto di avvicinarsi ad essa. Terremo evidentemente il doppio passo della <em>cultura <\/em>e della <em>spiritualit\u00e0<\/em> \u2013 che sono i due polmoni della Pastorale Universitaria \u2013, ascoltando da un lato le esigenze degli universitari, e dall\u2019altro rimettendoci al consiglio del nostro Assistente Spirituale don Gilberto, e della Chiesa veneziana. Nel secondo semestre, inoltre, ci impegneremo nell\u2019organizzazione di appuntamenti che rafforzino quel versante della Pastorale Universitaria che si rivolge ai docenti, anzitutto proponendo momenti d\u2019incontro e riflessione con i docenti e tra docenti. Il 2 marzo si terr\u00e0 la gi\u00e0 concordata <em>Cena col Prof<\/em>. dedicata all\u2019ecologia e ai cambiamenti climatici, con la Prof.ssa Enrica De Cian (Ca\u2019 Foscari, Scienze Ambientali). Questo tipo d\u2019incontri \u00e8 funzionale al superamento delle comprensibili distanze tra docenti e studenti, nell\u2019ottica di una vivificante collaborazione per la costruzione di un\u2019Universit\u00e0 pi\u00f9 attenta ai bisogni dell\u2019umano. Riteniamo opportuno favorire incontri tra docenti \u2013 come dicevamo \u2013, affinch\u00e9 si possa riflettere insieme non solo a proposito della docenza e della ricerca, ma soprattutto a proposito di ci\u00f2 che rende sensata qualsiasi pratica culturale: la verit\u00e0.<\/p>\n<p>&nbsp;<\/p>\n<p style=\"text-align: center\">Per continuare insieme questo percorso, anche nel secondo semestre di quest&#8217;anno accademico, abbiamo bisogno di voi. Abbiamo bisogno che anche voi vogliate\u00a0<em>fare<\/em> Pastorale Universitaria, condividendo con gli altri i vostri talenti, le vostre passioni, la vostra sensibilit\u00e0. Vi aspettiamo alla Scuola dei Laneri (Salizada San Pantalon 131\/A) dopo le festivit\u00e0 e rimaniamo a disposizione attraverso i nostri canali social e mail.<\/p>\n<p><img loading=\"lazy\" decoding=\"async\" class=\"alignnone size-full wp-image-173\" src=\"https:\/\/venezia.webdiocesi.it\/pastorale-universitaria\/wp-content\/uploads\/sites\/12\/2019\/12\/Auguri-Natale-2019-1.jpg\" alt=\"\" width=\"2339\" height=\"1089\" srcset=\"https:\/\/www.patriarcatovenezia.it\/pastorale-universitaria\/wp-content\/uploads\/sites\/12\/2019\/12\/Auguri-Natale-2019-1.jpg 2339w, https:\/\/www.patriarcatovenezia.it\/pastorale-universitaria\/wp-content\/uploads\/sites\/12\/2019\/12\/Auguri-Natale-2019-1-300x140.jpg 300w, https:\/\/www.patriarcatovenezia.it\/pastorale-universitaria\/wp-content\/uploads\/sites\/12\/2019\/12\/Auguri-Natale-2019-1-768x358.jpg 768w, https:\/\/www.patriarcatovenezia.it\/pastorale-universitaria\/wp-content\/uploads\/sites\/12\/2019\/12\/Auguri-Natale-2019-1-1024x477.jpg 1024w, https:\/\/www.patriarcatovenezia.it\/pastorale-universitaria\/wp-content\/uploads\/sites\/12\/2019\/12\/Auguri-Natale-2019-1-1320x615.jpg 1320w\" sizes=\"(max-width: 2339px) 100vw, 2339px\" \/><\/p>\n","protected":false},"excerpt":{"rendered":"<p>Alla fine di questo semestre, condividiamo con voi un primo bilancio di cosa \u00e8 stata la Pastorale Universitaria di Venezia: non solo per raccontare gli eventi organizzati, ma anche per\u00a0 illustrare le traiettorie fondamentali a cui abbiamo orientato le nostre attivit\u00e0. In settembre abbiamo convocato gli studenti e le studentesse pi\u00f9 vicini alla Pastorale Universitaria, [&hellip;]<\/p>\n","protected":false},"author":0,"featured_media":171,"comment_status":"closed","ping_status":"closed","sticky":false,"template":"","format":"standard","meta":{"_acf_changed":false,"ip_address":"","user_agent":"","level":"","revision":"","cookie_id":"","page_referer":"","html_form":"","footnotes":""},"categories":[141,1],"tags":[],"class_list":["post-148","post","type-post","status-publish","format-standard","has-post-thumbnail","hentry","category-diario-di-bordo","category-news"],"acf":[],"_links":{"self":[{"href":"https:\/\/www.patriarcatovenezia.it\/pastorale-universitaria\/wp-json\/wp\/v2\/posts\/148"}],"collection":[{"href":"https:\/\/www.patriarcatovenezia.it\/pastorale-universitaria\/wp-json\/wp\/v2\/posts"}],"about":[{"href":"https:\/\/www.patriarcatovenezia.it\/pastorale-universitaria\/wp-json\/wp\/v2\/types\/post"}],"author":[{"embeddable":true,"href":"https:\/\/www.patriarcatovenezia.it\/pastorale-universitaria\/wp-json\/wp\/v2\/users\/22"}],"replies":[{"embeddable":true,"href":"https:\/\/www.patriarcatovenezia.it\/pastorale-universitaria\/wp-json\/wp\/v2\/comments?post=148"}],"version-history":[{"count":8,"href":"https:\/\/www.patriarcatovenezia.it\/pastorale-universitaria\/wp-json\/wp\/v2\/posts\/148\/revisions"}],"predecessor-version":[{"id":177,"href":"https:\/\/www.patriarcatovenezia.it\/pastorale-universitaria\/wp-json\/wp\/v2\/posts\/148\/revisions\/177"}],"wp:featuredmedia":[{"embeddable":true,"href":"https:\/\/www.patriarcatovenezia.it\/pastorale-universitaria\/wp-json\/wp\/v2\/media\/171"}],"wp:attachment":[{"href":"https:\/\/www.patriarcatovenezia.it\/pastorale-universitaria\/wp-json\/wp\/v2\/media?parent=148"}],"wp:term":[{"taxonomy":"category","embeddable":true,"href":"https:\/\/www.patriarcatovenezia.it\/pastorale-universitaria\/wp-json\/wp\/v2\/categories?post=148"},{"taxonomy":"post_tag","embeddable":true,"href":"https:\/\/www.patriarcatovenezia.it\/pastorale-universitaria\/wp-json\/wp\/v2\/tags?post=148"}],"curies":[{"name":"wp","href":"https:\/\/api.w.org\/{rel}","templated":true}]}}