{"id":109,"date":"2019-10-27T20:08:16","date_gmt":"2019-10-27T19:08:16","guid":{"rendered":"https:\/\/venezia.webdiocesi.it\/pastorale-universitaria\/?p=109"},"modified":"2022-02-09T15:35:53","modified_gmt":"2022-02-09T14:35:53","slug":"iniziamo-con-luce","status":"publish","type":"post","link":"https:\/\/www.patriarcatovenezia.it\/pastorale-universitaria\/2019\/10\/27\/iniziamo-con-luce\/","title":{"rendered":"Iniziamo con Luce"},"content":{"rendered":"<p>Il primo evento dell\u2019anno che abbiamo organizzato come Pastorale Universitaria \u00e8 stato su un tema che \u00e8 e rimarr\u00e0 sempre di profonda attualit\u00e0: la Luce. Luned\u00ec 14 ottobre 2019 abbiamo invitato gli studenti universitari per \u00abun aperitivo artistico, poetico e musicale\u00bb. L\u2019evento voleva essere motivo di incontro e di condivisione, attraverso diverse forme di espressione, di cosa sia per noi la Luce, da dove essa provenga, e che importanza essa abbia nella nostra vita<\/p>\n<p>Perch\u00e9 per il primo evento dell\u2019anno, in cui ci saremmo esposti e presentati ai pi\u00f9, abbiamo scelto proprio questa parola, o meglio, questo concetto \u201cluminoso\u201d?<\/p>\n<p>Il nostro intento era quello di designare, sin dal principio, uno spazio sicuro nel quale incontrarsi e conoscersi, attraverso appunto la Luce. Capendo le ragioni d\u2019essere di ogni persona, che cosa la illumina e da cosa si sente attratta, si pu\u00f2 poi cercare di entrare in comunione con essa, in maniera veritiera. Cos\u00ec ancora una volta abbiamo espresso quella che \u00e8 la nostra vera natura: ci siamo messi a servizio e in ascolto degli altri giovani, universitari o artisti che siano. Crediamo che solo ascoltando si possa capire il contesto in cui viviamo e che ci circonda.\u00a0 Cos\u00ec abbiamo offerto loro lo spazio e l\u2019occasione per raccontarsi, per esprimere agli altri chi sono.<\/p>\n<p>&nbsp;<\/p>\n<p>Preparandoci ci siamo chiesti se l\u2019allontanamento che molti dei nostri coetanei vivono nei confronti della Chiesa sia anche un distanziamento, pi\u00f9 radicale, verso quell\u2019invisibile che pu\u00f2 essere chiamato in molti modi diversi: appunto, la Luce?<\/p>\n<p>Anche noi cristiani identifichiamo la Luce con diverse forme: Dio, Ges\u00f9 Cristo, lo Spirito Santo sono solo alcune tra quelle possibili, e questo perch\u00e9 siamo convinti che rappresentino tutte la medesima ed unica sorgente luminosa. Perci\u00f2 sappiamo che questa Luce, che \u00e8 una, da sempre \u00e8 stata espressa e cercata dall\u2019essere umano nelle maniere pi\u00f9 disparate. L\u2019arte, la musica e la poesia sono solo le prime modalit\u00e0 che ci sono venute in mente per poter affrontare questo tema e che abbiamo considerato le pi\u00f9 appropriate.<\/p>\n<p>&nbsp;<\/p>\n<p>La partecipazione \u00e8 stata numerosa e sentita. Abbiamo esposto opere di diversi artisti, che ci sono stati presentate nel corso della serata dagli artisti stessi. Ci hanno raccontato il perch\u00e9 avessero sentito l\u2019esigenza di raffigurare la Luce, cosa avessero vissuto durante il periodo della loro vita in cui avevano dipinto il quadro e cosa speravano di suscitare negli altri con quel disegno. Cos\u00ec, anche diversi poeti si sono raccontati con le proprie poesie, accompagnandoci nel loro sentito interiore di ombre e luci, di gioie e dolori, di speranza ed immaginazione. Inoltre, diversi ragazzi e ragazze hanno letto poesie scritte da altri autori inerenti allo stesso tema, per contribuire al clima di interazione artistica che si era formato. Anche monologhi e brani musicali hanno animato la serata, facendo alternare le diverse arti e i diversi interpreti in uno scambio armonico adatto alla condivisione culturale della serata. Probabilmente, anche chi non ha voluto intervenire apertamente si \u00e8 sentito coinvolto da quell\u2019atmosfera calorosa, la quale ha fatto interrogare ogni presente.<\/p>\n<p>&nbsp;<\/p>\n<p>La gremita sala dei Laneri \u00e8 stata per noi una risposta a quello che ci chiedevamo. Le persone effettivamente si aprono alla Luce, \u00e8 un tema che le tocca profondamente. Noi dobbiamo solo suggerire loro un modo per approcciarla e viverla.<\/p>\n<p>Il tema che quest\u2019anno ci guida, come Pastorale, \u00e8 quello del battesimo. La rinascita di un uomo vecchio in un uomo nuovo in Cristo \u00e8 un passaggio dall\u2019oscurit\u00e0 alla Luce. Noi abbiamo voluto iniziare con il delineare un perimetro luminoso entro il quale poter costruire nuove sincere relazioni, basate sull\u2019umanit\u00e0 di studenti e studentesse. Crediamo che in questo incontro saldo, in cui l\u2019altro pu\u00f2 sentirsi davvero amato per com\u2019\u00e8, si possa poi anche comunicare una nuova via e vita, \u00abuna rinascita dall\u2019alto\u00bb, e cos\u00ec comunicare la Luce che illumina il nostro operare.<\/p>\n<p>&nbsp;<\/p>\n","protected":false},"excerpt":{"rendered":"<p>Il primo evento dell\u2019anno che abbiamo organizzato come Pastorale Universitaria \u00e8 stato su un tema che \u00e8 e rimarr\u00e0 sempre di profonda attualit\u00e0: la Luce. Luned\u00ec 14 ottobre 2019 abbiamo invitato gli studenti universitari per \u00abun aperitivo artistico, poetico e musicale\u00bb. L\u2019evento voleva essere motivo di incontro e di condivisione, attraverso diverse forme di espressione, [&hellip;]<\/p>\n","protected":false},"author":0,"featured_media":111,"comment_status":"closed","ping_status":"closed","sticky":false,"template":"","format":"standard","meta":{"_acf_changed":false,"ip_address":"","user_agent":"","level":"","revision":"","cookie_id":"","page_referer":"","html_form":"","footnotes":""},"categories":[139,141,138,1],"tags":[159,163,145,158,161,162,164,160,165],"class_list":["post-109","post","type-post","status-publish","format-standard","has-post-thumbnail","hentry","category-cultura","category-diario-di-bordo","category-in-evidenza","category-news","tag-arte","tag-comunita","tag-cultura","tag-luce","tag-musica","tag-partecipazione","tag-pastorale","tag-poesia","tag-universitaria"],"acf":[],"_links":{"self":[{"href":"https:\/\/www.patriarcatovenezia.it\/pastorale-universitaria\/wp-json\/wp\/v2\/posts\/109"}],"collection":[{"href":"https:\/\/www.patriarcatovenezia.it\/pastorale-universitaria\/wp-json\/wp\/v2\/posts"}],"about":[{"href":"https:\/\/www.patriarcatovenezia.it\/pastorale-universitaria\/wp-json\/wp\/v2\/types\/post"}],"author":[{"embeddable":true,"href":"https:\/\/www.patriarcatovenezia.it\/pastorale-universitaria\/wp-json\/wp\/v2\/users\/22"}],"replies":[{"embeddable":true,"href":"https:\/\/www.patriarcatovenezia.it\/pastorale-universitaria\/wp-json\/wp\/v2\/comments?post=109"}],"version-history":[{"count":1,"href":"https:\/\/www.patriarcatovenezia.it\/pastorale-universitaria\/wp-json\/wp\/v2\/posts\/109\/revisions"}],"predecessor-version":[{"id":112,"href":"https:\/\/www.patriarcatovenezia.it\/pastorale-universitaria\/wp-json\/wp\/v2\/posts\/109\/revisions\/112"}],"wp:featuredmedia":[{"embeddable":true,"href":"https:\/\/www.patriarcatovenezia.it\/pastorale-universitaria\/wp-json\/wp\/v2\/media\/111"}],"wp:attachment":[{"href":"https:\/\/www.patriarcatovenezia.it\/pastorale-universitaria\/wp-json\/wp\/v2\/media?parent=109"}],"wp:term":[{"taxonomy":"category","embeddable":true,"href":"https:\/\/www.patriarcatovenezia.it\/pastorale-universitaria\/wp-json\/wp\/v2\/categories?post=109"},{"taxonomy":"post_tag","embeddable":true,"href":"https:\/\/www.patriarcatovenezia.it\/pastorale-universitaria\/wp-json\/wp\/v2\/tags?post=109"}],"curies":[{"name":"wp","href":"https:\/\/api.w.org\/{rel}","templated":true}]}}