{"id":510,"date":"2016-10-20T08:55:30","date_gmt":"2016-10-20T06:55:30","guid":{"rendered":"https:\/\/venezia.webdiocesi.it\/pastorale-sposi-famiglia\/?p=510"},"modified":"2016-10-20T08:55:57","modified_gmt":"2016-10-20T06:55:57","slug":"istituito-il-servizio-diocesano-di-accoglienza-e-orientamento-pastorale-dei-fedeli-separati","status":"publish","type":"post","link":"https:\/\/www.patriarcatovenezia.it\/pastorale-sposi-famiglia\/2016\/10\/20\/istituito-il-servizio-diocesano-di-accoglienza-e-orientamento-pastorale-dei-fedeli-separati\/","title":{"rendered":"Istituito il Servizio diocesano di accoglienza e orientamento pastorale dei fedeli separati"},"content":{"rendered":"<p class=\"entry-title single-title\" style=\"text-align: justify\">Don Mauro Margagliotti, cappellano delle Collaborazione pastorale di Mira, con licenza in Diritto canonico, \u00e8 stato nominato direttore del neo-costituito Servizio diocesano di accoglienza e orientamento pastorale dei fedeli separati.<\/p>\n<p style=\"text-align: justify\">L\u2019articolo 2 delle Regole procedurali del motu proprio \u201cMitis iudex\u201d di Papa Francesco, promulgato il 15 agosto 2015, prevede infatti che nelle diocesi venga attivato un servizio di consulenza pregiudiziale o pastorale, la cui attivit\u00e0 rientri nella pastorale matrimoniale diocesana, per l\u2019accoglienza dei fedeli separati o divorziati che dubitano della validit\u00e0 del proprio matrimonio<br \/>\no sono convinti della nullit\u00e0 del medesimo, con lo scopo di conoscere la loro condizione e raccogliere elementi utili per l\u2019eventuale celebrazione del processo giudiziale.<\/p>\n<p style=\"text-align: justify\">Don Mauro sar\u00e0 presente al Centro pastorale card. Urbani in via Visinoni a Zelarino ordinariamente il mercoled\u00ec mattina, dalle ore 9.30 alle 12.30. Vi si potr\u00e0 accedere di persona o previo appuntamento da fissare attraverso la seguente email: <a href=\"mailto:accoglienza@patriarcatovenezia.it\">accoglienza@patriarcatovenezia.it<\/a><\/p>\n","protected":false},"excerpt":{"rendered":"<p>Don Mauro Margagliotti, cappellano delle Collaborazione pastorale di Mira, con licenza in Diritto canonico, \u00e8 stato nominato direttore del neo-costituito Servizio diocesano di accoglienza e orientamento pastorale dei fedeli separati. L\u2019articolo 2 delle Regole procedurali del motu proprio \u201cMitis iudex\u201d di Papa Francesco, promulgato il 15 agosto 2015, prevede infatti che nelle diocesi venga attivato [&hellip;]<\/p>\n","protected":false},"author":0,"featured_media":511,"comment_status":"closed","ping_status":"closed","sticky":false,"template":"","format":"standard","meta":{"_acf_changed":false,"ip_address":"","user_agent":"","level":"","revision":"","cookie_id":"","page_referer":"","html_form":"","footnotes":""},"categories":[1,90],"tags":[],"class_list":["post-510","post","type-post","status-publish","format-standard","has-post-thumbnail","hentry","category-news","category-separati-divorziati-e-nuove-unioni"],"acf":[],"_links":{"self":[{"href":"https:\/\/www.patriarcatovenezia.it\/pastorale-sposi-famiglia\/wp-json\/wp\/v2\/posts\/510"}],"collection":[{"href":"https:\/\/www.patriarcatovenezia.it\/pastorale-sposi-famiglia\/wp-json\/wp\/v2\/posts"}],"about":[{"href":"https:\/\/www.patriarcatovenezia.it\/pastorale-sposi-famiglia\/wp-json\/wp\/v2\/types\/post"}],"author":[{"embeddable":true,"href":"https:\/\/www.patriarcatovenezia.it\/pastorale-sposi-famiglia\/wp-json\/wp\/v2\/users\/10"}],"replies":[{"embeddable":true,"href":"https:\/\/www.patriarcatovenezia.it\/pastorale-sposi-famiglia\/wp-json\/wp\/v2\/comments?post=510"}],"version-history":[{"count":2,"href":"https:\/\/www.patriarcatovenezia.it\/pastorale-sposi-famiglia\/wp-json\/wp\/v2\/posts\/510\/revisions"}],"predecessor-version":[{"id":513,"href":"https:\/\/www.patriarcatovenezia.it\/pastorale-sposi-famiglia\/wp-json\/wp\/v2\/posts\/510\/revisions\/513"}],"wp:featuredmedia":[{"embeddable":true,"href":"https:\/\/www.patriarcatovenezia.it\/pastorale-sposi-famiglia\/wp-json\/wp\/v2\/media\/511"}],"wp:attachment":[{"href":"https:\/\/www.patriarcatovenezia.it\/pastorale-sposi-famiglia\/wp-json\/wp\/v2\/media?parent=510"}],"wp:term":[{"taxonomy":"category","embeddable":true,"href":"https:\/\/www.patriarcatovenezia.it\/pastorale-sposi-famiglia\/wp-json\/wp\/v2\/categories?post=510"},{"taxonomy":"post_tag","embeddable":true,"href":"https:\/\/www.patriarcatovenezia.it\/pastorale-sposi-famiglia\/wp-json\/wp\/v2\/tags?post=510"}],"curies":[{"name":"wp","href":"https:\/\/api.w.org\/{rel}","templated":true}]}}