{"id":445,"date":"2016-09-02T15:41:53","date_gmt":"2016-09-02T13:41:53","guid":{"rendered":"https:\/\/venezia.webdiocesi.it\/pastorale-sposi-famiglia\/?p=445"},"modified":"2016-09-02T15:42:29","modified_gmt":"2016-09-02T13:42:29","slug":"149-incontro-unitario-diocesano-referentiresponsabili-psf","status":"publish","type":"post","link":"https:\/\/www.patriarcatovenezia.it\/pastorale-sposi-famiglia\/2016\/09\/02\/149-incontro-unitario-diocesano-referentiresponsabili-psf\/","title":{"rendered":"14\/9 &#8211; Incontro unitario diocesano referenti\/responsabili PSF"},"content":{"rendered":"<ul>\n<li><em><strong>Ai sacerdoti e diaconi<\/strong><\/em><\/li>\n<li><em><strong>Alla Commissione diocesana sposi e famiglia<\/strong><\/em><\/li>\n<li><em><strong>Ai referenti\/responsabili dei gruppi sposi, di percorsi in preparazione al matrimonio o animazione delle famiglie<\/strong><\/em>\n<ul>\n<li><em><strong>zona di Venezia &#8211; Lido &#8211; Estuario<\/strong><\/em><\/li>\n<li><em><strong>zona di Mestre Terraferma<\/strong><\/em><\/li>\n<li><em><strong>zona del Litorale<\/strong><\/em><\/li>\n<\/ul>\n<\/li>\n<\/ul>\n<p style=\"text-align: right\">Venezia, 2 settembre 2016<\/p>\n<p>&nbsp;<\/p>\n<p>Carissimi\/e,<\/p>\n<p style=\"text-align: justify\">come d&#8217;accordo, dopo il prezioso scambio di esperienze e di riflessioni delle serate zonali di maggio e giugno scorsi, vivremo un incontro unitario con tutti i referenti\/responsabili a servizio della pastorale degli sposi e della famiglia presenti sul territorio diocesano<\/p>\n<p style=\"text-align: center\"><span style=\"color: #800000\"><strong>SABATO 10 SETTEMBRE pomeriggio<\/strong><\/span><\/p>\n<p style=\"text-align: center\"><span style=\"color: #800000\"><strong>dalle 15.30 alle 18.30<\/strong><\/span><\/p>\n<p style=\"text-align: center\"><span style=\"color: #800000\"><strong>presso il Centro past. Card. Urbani di Zelarino<\/strong><\/span><\/p>\n<p style=\"text-align: justify\">per raccogliere, attraverso gruppi di lavoro, indicazioni circa modalit\u00e0 e contenuti dell&#8217;azione pastorale a favore degli sposi e delle famiglie.<\/p>\n<p style=\"text-align: justify\">Il pomeriggio sar\u00e0 aperto da un&#8217;introduzione per ricordare a tutti le linee diocesane per il 2016-2017, alcune indicazioni chiave consegnateci dall&#8217;Amoris Laetitia e la sintesi degli interventi raccolti dagli incontri zonali di primavera.<\/p>\n<p style=\"text-align: justify\">Alle 16.15 circa seguir\u00e0 un&#8217;ora abbondante di dialogo e discernimento. Ai gruppi di lavoro sar\u00e0 affidato il compito di individuare contenuti, modalit\u00e0 e protagonisti dei quattro ambiti che raccolgono le attenzioni su cui la pastorale degli sposi e delle famiglie del Patriarcato \u00e8 chiamata a lavorare nei prossimi mesi e anni:<\/p>\n<ol>\n<li style=\"text-align: justify\"><strong>Percorsi formativi<\/strong> (laboratori su &#8220;Amoris Laetitia&#8221; e acquisizione dei &#8220;fondamentali&#8221; su matrimonio e famiglia)<\/li>\n<li style=\"text-align: justify\"><strong>Educazione all&#8217;affettivit\u00e0 e all&#8217;amore<\/strong> (dall&#8217;infanzia all&#8217;et\u00e0 adulta) &#8211; in vista di un lavoro comune con gli altri uffici dioc. e parrocchie, associazioni e movimenti.<\/li>\n<li style=\"text-align: justify\"><strong>Collaborazioni pastorali e coordinamento diocesano<\/strong> (coppie di sposi a servizio della sinodalit\u00e0 e del respiro diocesano)<\/li>\n<li style=\"text-align: justify\"><strong>Festa della Famiglia del 6 novembre 2016<\/strong>. Preparazione, &#8220;lancio&#8221; e realizzazione. Con la testimonianza di Franco e Pina Miano, sposi presenti al Sinodo sulla Famiglia.<\/li>\n<\/ol>\n<p style=\"text-align: justify\">I presenti sceglieranno uno dei gruppi di lavoro a numero chiuso, in modo da distribuirsi equamente in base ai partecipanti. Potr\u00e0 essere di aiuto orientarsi anticipatamente.<\/p>\n<p style=\"text-align: justify\">Dalle 17.30 alle 18.30 ascolteremo la presentazione dei frutti principali dei lavori dei gruppi, individueremo i compiti &#8220;per casa&#8221; e raccoglieremo le disponibilit\u00e0 per concretizzare le indicazioni suggerite nei diversi ambiti.<\/p>\n<p style=\"text-align: justify\">Dopo avvisi e iniziative che desideriamo condividere, concluderemo pregando insieme.<\/p>\n<p style=\"text-align: justify\">Nell&#8217;attesa di incontrarci sabato 10 p.v., anche a nome di tutta la commissione diocesana, un abbraccio e una preghiera.<\/p>\n<p style=\"text-align: justify\">Con gioia, nel Signore Ges\u00f9<\/p>\n<p style=\"text-align: justify\"><em>Don Danilo<\/em><\/p>\n","protected":false},"excerpt":{"rendered":"<p>Ai sacerdoti e diaconi Alla Commissione diocesana sposi e famiglia Ai referenti\/responsabili dei gruppi sposi, di percorsi in preparazione al matrimonio o animazione delle famiglie zona di Venezia &#8211; Lido &#8211; Estuario zona di Mestre Terraferma zona del Litorale Venezia, 2 settembre 2016 &nbsp; Carissimi\/e, come d&#8217;accordo, dopo il prezioso scambio di esperienze e di [&hellip;]<\/p>\n","protected":false},"author":0,"featured_media":446,"comment_status":"closed","ping_status":"closed","sticky":false,"template":"","format":"standard","meta":{"_acf_changed":false,"ip_address":"","user_agent":"","level":"","revision":"","cookie_id":"","page_referer":"","html_form":"","footnotes":""},"categories":[91,1,89,93,90,88],"tags":[],"class_list":["post-445","post","type-post","status-publish","format-standard","has-post-thumbnail","hentry","category-adozioni-e-affido","category-news","category-fidanzati","category-iniziative-e-appuntamenti","category-separati-divorziati-e-nuove-unioni","category-sposi-e-famiglia"],"acf":[],"_links":{"self":[{"href":"https:\/\/www.patriarcatovenezia.it\/pastorale-sposi-famiglia\/wp-json\/wp\/v2\/posts\/445"}],"collection":[{"href":"https:\/\/www.patriarcatovenezia.it\/pastorale-sposi-famiglia\/wp-json\/wp\/v2\/posts"}],"about":[{"href":"https:\/\/www.patriarcatovenezia.it\/pastorale-sposi-famiglia\/wp-json\/wp\/v2\/types\/post"}],"author":[{"embeddable":true,"href":"https:\/\/www.patriarcatovenezia.it\/pastorale-sposi-famiglia\/wp-json\/wp\/v2\/users\/10"}],"replies":[{"embeddable":true,"href":"https:\/\/www.patriarcatovenezia.it\/pastorale-sposi-famiglia\/wp-json\/wp\/v2\/comments?post=445"}],"version-history":[{"count":2,"href":"https:\/\/www.patriarcatovenezia.it\/pastorale-sposi-famiglia\/wp-json\/wp\/v2\/posts\/445\/revisions"}],"predecessor-version":[{"id":448,"href":"https:\/\/www.patriarcatovenezia.it\/pastorale-sposi-famiglia\/wp-json\/wp\/v2\/posts\/445\/revisions\/448"}],"wp:featuredmedia":[{"embeddable":true,"href":"https:\/\/www.patriarcatovenezia.it\/pastorale-sposi-famiglia\/wp-json\/wp\/v2\/media\/446"}],"wp:attachment":[{"href":"https:\/\/www.patriarcatovenezia.it\/pastorale-sposi-famiglia\/wp-json\/wp\/v2\/media?parent=445"}],"wp:term":[{"taxonomy":"category","embeddable":true,"href":"https:\/\/www.patriarcatovenezia.it\/pastorale-sposi-famiglia\/wp-json\/wp\/v2\/categories?post=445"},{"taxonomy":"post_tag","embeddable":true,"href":"https:\/\/www.patriarcatovenezia.it\/pastorale-sposi-famiglia\/wp-json\/wp\/v2\/tags?post=445"}],"curies":[{"name":"wp","href":"https:\/\/api.w.org\/{rel}","templated":true}]}}