{"id":437,"date":"2016-04-29T12:15:17","date_gmt":"2016-04-29T10:15:17","guid":{"rendered":"https:\/\/venezia.webdiocesi.it\/pastorale-sposi-famiglia\/?p=437"},"modified":"2016-07-26T09:40:31","modified_gmt":"2016-07-26T07:40:31","slug":"per-crescere-un-bambino-ci-vuole-una-citta","status":"publish","type":"post","link":"https:\/\/www.patriarcatovenezia.it\/pastorale-sposi-famiglia\/2016\/04\/29\/per-crescere-un-bambino-ci-vuole-una-citta\/","title":{"rendered":"Per crescere un bambino&#8230; Ci vuole una citt\u00e0!"},"content":{"rendered":"<p style=\"text-align: justify\"><strong>Venerd\u00ec 13 maggio <\/strong><strong>alle ore<\/strong><strong> 17.00<\/strong> c\/o la <strong>Sala Consiliare del Municipio di Mestre <\/strong><strong>(via Palazzo, 1)<\/strong><strong>,<\/strong> si terr\u00e0 un incontro pubblico aperto alla cittadinanza dal titolo <strong>&#8220;Per crescere un bambino&#8230; Ci vuole una citt\u00e0!&#8221;<\/strong>. L&#8217;incontro\u00a0organizzato\u00a0dalla Direzione delle Politiche Sociali Partecipative e dell&#8217;Accoglienza del Comune di Venezia in collaborazione con la Pastorale degli Sposi e della Famiglia ed altre realt\u00e0 associative della citt\u00e0, vuole promuovere la solidariet\u00e0 verso un infanzia che oggi, in modo particolare, necessit\u00e0 della collaborazione di tutti: famiglie accoglienti, scuole aperte, parrocchie , associazioni sportive, volontari.<\/p>\n<p style=\"text-align: justify\">Attraverso una serie di testimonianze di famiglie, realt\u00e0 parrocchiali e associazioni,\u00a0verr\u00e0 offerta ad ognuno dei partecipanti una chiave di lettura delle realt\u00e0 di bisogno emergenti e la possibilit\u00e0 di attivarsi per una risposta concreta.<\/p>\n<p style=\"text-align: justify\">\u00c8 prevista anche la presenza dell&#8217;Assessore alla Coesione Sociale e Sviluppo Economico del Comune di Venezia\u00a0&#8211; Simone Venturini.<\/p>\n<p style=\"text-align: justify\"><em>Per informazioni:<\/em> Servizio Politiche Cittadine per l&#8217;Infanzia e l&#8217;Adolescenza 041-5420384.<\/p>\n<p style=\"text-align: justify\"><a href=\"https:\/\/venezia.webdiocesi.it\/pastorale-sposi-famiglia\/wp-content\/uploads\/sites\/7\/2016\/04\/Silidarieta_familiare_13maggio2016.jpg\" rel=\"attachment wp-att-442\" data-rel=\"lightbox-image-0\" data-rl_title=\"\" data-rl_caption=\"\" title=\"\"><img loading=\"lazy\" decoding=\"async\" class=\"size-medium wp-image-442 aligncenter\" src=\"https:\/\/venezia.webdiocesi.it\/pastorale-sposi-famiglia\/wp-content\/uploads\/sites\/7\/2016\/04\/Silidarieta_familiare_13maggio2016-300x205.jpg\" alt=\"Silidarieta_familiare_13maggio2016\" width=\"300\" height=\"205\" srcset=\"https:\/\/www.patriarcatovenezia.it\/pastorale-sposi-famiglia\/wp-content\/uploads\/sites\/7\/2016\/04\/Silidarieta_familiare_13maggio2016-300x205.jpg 300w, https:\/\/www.patriarcatovenezia.it\/pastorale-sposi-famiglia\/wp-content\/uploads\/sites\/7\/2016\/04\/Silidarieta_familiare_13maggio2016-768x524.jpg 768w, https:\/\/www.patriarcatovenezia.it\/pastorale-sposi-famiglia\/wp-content\/uploads\/sites\/7\/2016\/04\/Silidarieta_familiare_13maggio2016-1024x699.jpg 1024w, https:\/\/www.patriarcatovenezia.it\/pastorale-sposi-famiglia\/wp-content\/uploads\/sites\/7\/2016\/04\/Silidarieta_familiare_13maggio2016-360x246.jpg 360w, https:\/\/www.patriarcatovenezia.it\/pastorale-sposi-famiglia\/wp-content\/uploads\/sites\/7\/2016\/04\/Silidarieta_familiare_13maggio2016.jpg 1112w\" sizes=\"(max-width: 300px) 100vw, 300px\" \/><\/a><\/p>\n","protected":false},"excerpt":{"rendered":"<p>Venerd\u00ec 13 maggio alle ore 17.00 c\/o la Sala Consiliare del Municipio di Mestre (via Palazzo, 1), si terr\u00e0 un incontro pubblico aperto alla cittadinanza dal titolo &#8220;Per crescere un bambino&#8230; Ci vuole una citt\u00e0!&#8221;. L&#8217;incontro\u00a0organizzato\u00a0dalla Direzione delle Politiche Sociali Partecipative e dell&#8217;Accoglienza del Comune di Venezia in collaborazione con la Pastorale degli Sposi e [&hellip;]<\/p>\n","protected":false},"author":0,"featured_media":438,"comment_status":"closed","ping_status":"open","sticky":false,"template":"","format":"standard","meta":{"_acf_changed":false,"ip_address":"","user_agent":"","level":"","revision":"","cookie_id":"","page_referer":"","html_form":"","footnotes":""},"categories":[91,1,93,88],"tags":[],"class_list":["post-437","post","type-post","status-publish","format-standard","has-post-thumbnail","hentry","category-adozioni-e-affido","category-news","category-iniziative-e-appuntamenti","category-sposi-e-famiglia"],"acf":[],"_links":{"self":[{"href":"https:\/\/www.patriarcatovenezia.it\/pastorale-sposi-famiglia\/wp-json\/wp\/v2\/posts\/437"}],"collection":[{"href":"https:\/\/www.patriarcatovenezia.it\/pastorale-sposi-famiglia\/wp-json\/wp\/v2\/posts"}],"about":[{"href":"https:\/\/www.patriarcatovenezia.it\/pastorale-sposi-famiglia\/wp-json\/wp\/v2\/types\/post"}],"author":[{"embeddable":true,"href":"https:\/\/www.patriarcatovenezia.it\/pastorale-sposi-famiglia\/wp-json\/wp\/v2\/users\/10"}],"replies":[{"embeddable":true,"href":"https:\/\/www.patriarcatovenezia.it\/pastorale-sposi-famiglia\/wp-json\/wp\/v2\/comments?post=437"}],"version-history":[{"count":2,"href":"https:\/\/www.patriarcatovenezia.it\/pastorale-sposi-famiglia\/wp-json\/wp\/v2\/posts\/437\/revisions"}],"predecessor-version":[{"id":443,"href":"https:\/\/www.patriarcatovenezia.it\/pastorale-sposi-famiglia\/wp-json\/wp\/v2\/posts\/437\/revisions\/443"}],"wp:featuredmedia":[{"embeddable":true,"href":"https:\/\/www.patriarcatovenezia.it\/pastorale-sposi-famiglia\/wp-json\/wp\/v2\/media\/438"}],"wp:attachment":[{"href":"https:\/\/www.patriarcatovenezia.it\/pastorale-sposi-famiglia\/wp-json\/wp\/v2\/media?parent=437"}],"wp:term":[{"taxonomy":"category","embeddable":true,"href":"https:\/\/www.patriarcatovenezia.it\/pastorale-sposi-famiglia\/wp-json\/wp\/v2\/categories?post=437"},{"taxonomy":"post_tag","embeddable":true,"href":"https:\/\/www.patriarcatovenezia.it\/pastorale-sposi-famiglia\/wp-json\/wp\/v2\/tags?post=437"}],"curies":[{"name":"wp","href":"https:\/\/api.w.org\/{rel}","templated":true}]}}