{"id":2700,"date":"2024-01-12T13:22:23","date_gmt":"2024-01-12T12:22:23","guid":{"rendered":"https:\/\/venezia.webdiocesi.it\/pastorale-sposi-famiglia\/?p=2700"},"modified":"2024-02-06T13:02:55","modified_gmt":"2024-02-06T12:02:55","slug":"nuovo-ciclo-di-incontri-sulladolescenza","status":"publish","type":"post","link":"https:\/\/www.patriarcatovenezia.it\/pastorale-sposi-famiglia\/2024\/01\/12\/nuovo-ciclo-di-incontri-sulladolescenza\/","title":{"rendered":"Nuovo ciclo di incontri sull&#8217;adolescenza"},"content":{"rendered":"<p>Il percorso \u00e8 rivolto a giovani, educatori, genitori, catechisti e insegnanti assieme a degli esperti per conoscere e approfondire alcuni pericoli che possono minare la bellezza e l\u2019originalit\u00e0 degli adolescenti.<\/p>\n<p>Temi degli incontri 2024:<\/p>\n<ul>\n<li>mercoled\u00ec 28 febbraio ore 20:30 &#8211; <em>Adolescenti e gender<\/em><\/li>\n<li>mercoled\u00ec 13 marzo ore 20:30 &#8211; <em>Quale disagio vivono gli adolescenti?<\/em><\/li>\n<li><em>&#8230;e altro in cantiere!<\/em><\/li>\n<\/ul>\n<p>Sar\u00e0 possibile partecipare\u00a0<strong>sia in presenza<\/strong>\u00a0nel patronato della parrocchia di S. Pietro di Favaro,\u00a0<strong>che online\u00a0<\/strong>tramite piattaforma Zoom.<\/p>\n<p>Per informazioni e adesioni: sposiefamiglia@patriarcatovenezia.it<\/p>\n<h4><a href=\"https:\/\/venezia.webdiocesi.it\/pastorale-sposi-famiglia\/wp-content\/uploads\/sites\/7\/2024\/01\/S.O.S.ADO_2024.pdf\"><strong>Download locandina PDF<\/strong><\/a><\/h4>\n<hr \/>\n<p>&nbsp;<\/p>\n","protected":false},"excerpt":{"rendered":"<p>Il percorso \u00e8 rivolto a giovani, educatori, genitori, catechisti e insegnanti assieme a degli esperti per conoscere e approfondire alcuni pericoli che possono minare la bellezza e l\u2019originalit\u00e0 degli adolescenti. Temi degli incontri 2024: mercoled\u00ec 28 febbraio ore 20:30 &#8211; Adolescenti e gender mercoled\u00ec 13 marzo ore 20:30 &#8211; Quale disagio vivono gli adolescenti? &#8230;e [&hellip;]<\/p>\n","protected":false},"author":0,"featured_media":2721,"comment_status":"closed","ping_status":"closed","sticky":false,"template":"","format":"standard","meta":{"_acf_changed":false,"ip_address":"","user_agent":"","level":"","revision":"","cookie_id":"","page_referer":"","html_form":"","footnotes":""},"categories":[1,93,88],"tags":[337,332,334,215,296,336,333,348],"class_list":["post-2700","post","type-post","status-publish","format-standard","has-post-thumbnail","hentry","category-news","category-iniziative-e-appuntamenti","category-sposi-e-famiglia","tag-adolescenti","tag-catechisti","tag-educatori","tag-formazione","tag-genitori","tag-giovani","tag-insegnanti","tag-sos"],"acf":[],"_links":{"self":[{"href":"https:\/\/www.patriarcatovenezia.it\/pastorale-sposi-famiglia\/wp-json\/wp\/v2\/posts\/2700"}],"collection":[{"href":"https:\/\/www.patriarcatovenezia.it\/pastorale-sposi-famiglia\/wp-json\/wp\/v2\/posts"}],"about":[{"href":"https:\/\/www.patriarcatovenezia.it\/pastorale-sposi-famiglia\/wp-json\/wp\/v2\/types\/post"}],"author":[{"embeddable":true,"href":"https:\/\/www.patriarcatovenezia.it\/pastorale-sposi-famiglia\/wp-json\/wp\/v2\/users\/10"}],"replies":[{"embeddable":true,"href":"https:\/\/www.patriarcatovenezia.it\/pastorale-sposi-famiglia\/wp-json\/wp\/v2\/comments?post=2700"}],"version-history":[{"count":3,"href":"https:\/\/www.patriarcatovenezia.it\/pastorale-sposi-famiglia\/wp-json\/wp\/v2\/posts\/2700\/revisions"}],"predecessor-version":[{"id":2738,"href":"https:\/\/www.patriarcatovenezia.it\/pastorale-sposi-famiglia\/wp-json\/wp\/v2\/posts\/2700\/revisions\/2738"}],"wp:featuredmedia":[{"embeddable":true,"href":"https:\/\/www.patriarcatovenezia.it\/pastorale-sposi-famiglia\/wp-json\/wp\/v2\/media\/2721"}],"wp:attachment":[{"href":"https:\/\/www.patriarcatovenezia.it\/pastorale-sposi-famiglia\/wp-json\/wp\/v2\/media?parent=2700"}],"wp:term":[{"taxonomy":"category","embeddable":true,"href":"https:\/\/www.patriarcatovenezia.it\/pastorale-sposi-famiglia\/wp-json\/wp\/v2\/categories?post=2700"},{"taxonomy":"post_tag","embeddable":true,"href":"https:\/\/www.patriarcatovenezia.it\/pastorale-sposi-famiglia\/wp-json\/wp\/v2\/tags?post=2700"}],"curies":[{"name":"wp","href":"https:\/\/api.w.org\/{rel}","templated":true}]}}