{"id":2565,"date":"2023-05-12T14:20:45","date_gmt":"2023-05-12T12:20:45","guid":{"rendered":"https:\/\/venezia.webdiocesi.it\/pastorale-sposi-famiglia\/?p=2565"},"modified":"2023-05-12T14:20:45","modified_gmt":"2023-05-12T12:20:45","slug":"giubileo-delle-famiglie","status":"publish","type":"post","link":"https:\/\/www.patriarcatovenezia.it\/pastorale-sposi-famiglia\/2023\/05\/12\/giubileo-delle-famiglie\/","title":{"rendered":"Giubileo delle Famiglie"},"content":{"rendered":"<p>Vi annunciamo in anteprima che <strong>dal 30 maggio dal 01 giugno 2025<\/strong> si terr\u00e0 il Giubileo delle Famiglie a <strong>Roma<\/strong>.<\/p>\n<p>Mettetelo gi\u00e0 in calendario, vi faremo sapere pi\u00f9 avanti le iniziative e le modalit\u00e0 per partecipare.<\/p>\n","protected":false},"excerpt":{"rendered":"<p>Vi annunciamo in anteprima che dal 30 maggio dal 01 giugno 2025 si terr\u00e0 il Giubileo delle Famiglie a Roma. Mettetelo gi\u00e0 in calendario, vi faremo sapere pi\u00f9 avanti le iniziative e le modalit\u00e0 per partecipare.<\/p>\n","protected":false},"author":0,"featured_media":2564,"comment_status":"closed","ping_status":"closed","sticky":false,"template":"","format":"standard","meta":{"_acf_changed":false,"ip_address":"","user_agent":"","level":"","revision":"","cookie_id":"","page_referer":"","html_form":"","footnotes":""},"categories":[1,93,88],"tags":[354,124,353],"class_list":["post-2565","post","type-post","status-publish","format-standard","has-post-thumbnail","hentry","category-news","category-iniziative-e-appuntamenti","category-sposi-e-famiglia","tag-354","tag-famiglie","tag-giubileo"],"acf":[],"_links":{"self":[{"href":"https:\/\/www.patriarcatovenezia.it\/pastorale-sposi-famiglia\/wp-json\/wp\/v2\/posts\/2565"}],"collection":[{"href":"https:\/\/www.patriarcatovenezia.it\/pastorale-sposi-famiglia\/wp-json\/wp\/v2\/posts"}],"about":[{"href":"https:\/\/www.patriarcatovenezia.it\/pastorale-sposi-famiglia\/wp-json\/wp\/v2\/types\/post"}],"author":[{"embeddable":true,"href":"https:\/\/www.patriarcatovenezia.it\/pastorale-sposi-famiglia\/wp-json\/wp\/v2\/users\/10"}],"replies":[{"embeddable":true,"href":"https:\/\/www.patriarcatovenezia.it\/pastorale-sposi-famiglia\/wp-json\/wp\/v2\/comments?post=2565"}],"version-history":[{"count":1,"href":"https:\/\/www.patriarcatovenezia.it\/pastorale-sposi-famiglia\/wp-json\/wp\/v2\/posts\/2565\/revisions"}],"predecessor-version":[{"id":2566,"href":"https:\/\/www.patriarcatovenezia.it\/pastorale-sposi-famiglia\/wp-json\/wp\/v2\/posts\/2565\/revisions\/2566"}],"wp:featuredmedia":[{"embeddable":true,"href":"https:\/\/www.patriarcatovenezia.it\/pastorale-sposi-famiglia\/wp-json\/wp\/v2\/media\/2564"}],"wp:attachment":[{"href":"https:\/\/www.patriarcatovenezia.it\/pastorale-sposi-famiglia\/wp-json\/wp\/v2\/media?parent=2565"}],"wp:term":[{"taxonomy":"category","embeddable":true,"href":"https:\/\/www.patriarcatovenezia.it\/pastorale-sposi-famiglia\/wp-json\/wp\/v2\/categories?post=2565"},{"taxonomy":"post_tag","embeddable":true,"href":"https:\/\/www.patriarcatovenezia.it\/pastorale-sposi-famiglia\/wp-json\/wp\/v2\/tags?post=2565"}],"curies":[{"name":"wp","href":"https:\/\/api.w.org\/{rel}","templated":true}]}}