{"id":8635,"date":"2026-03-04T11:35:53","date_gmt":"2026-03-04T10:35:53","guid":{"rendered":"https:\/\/www.patriarcatovenezia.it\/pastorale-giovanile\/?p=8635"},"modified":"2026-03-12T16:41:40","modified_gmt":"2026-03-12T15:41:40","slug":"via-crucis-diocesana","status":"publish","type":"post","link":"https:\/\/www.patriarcatovenezia.it\/pastorale-giovanile\/2026\/03\/04\/via-crucis-diocesana\/","title":{"rendered":"VIA CRUCIS diocesana"},"content":{"rendered":"<p>La Via Crucis diocesana con il patriarca Francesco sar\u00e0 quest&#8217;anno ospitata negli spazi dell&#8217;Istituto Don Orione di Chirignago, Via Ghetto, 1.<br \/>\nUna realt\u00e0 che gi\u00e0 ha accolto questo evento nelle passate edizioni, tra il verde parco di Villa Bisacco dove tale Centro opera con persone portatrici di varie disabilit\u00e0.<\/p>\n<p><strong>&#8220;Se il chicco di grano caduto in terra non muore, rimane solo; se invece muore, produce molto frutto&#8221; <\/strong><\/p>\n<p>le parole dell&#8217;evangelista Giovanni (12,24-26) offrono la chiave di lettura delle stazioni scelte per questa Via Crucis 2026. In un tempo ferito dai conflitti e dalle violenze, il nostro seguire Ges\u00f9 sulla via della croce, crea spazi di riflessione e preghiera perch\u00e9 ciascuno possa riscoprire la chiamata a donare, prima tutto se stessi. Il cammino verso la Santa Pasqua 2026 \u00e8 quello dei discepoli che hanno bisogno di &#8220;fare strada&#8221; dietro al Signore Ges\u00f9, imparando da Lui l&#8217;amore vero, totale, il solo capace di generare vita.<\/p>\n<p><strong>Appuntamento alle ore 18:45<\/strong>, presso l&#8217;Istituto Don Orione per vivere assieme la prima parte, mentre la seconda si svolger\u00e0 nella chiesa di San Giorgio.<\/p>\n<p>Scarica la <a href=\"https:\/\/www.patriarcatovenezia.it\/pastorale-giovanile\/wp-content\/uploads\/sites\/6\/2026\/03\/Locandina-Via-Crucis-20.03.2026.pdf\" target=\"_blank\" rel=\"noopener\"><strong>LOCANDINA<\/strong><\/a><\/p>\n","protected":false},"excerpt":{"rendered":"<p>La Via Crucis diocesana con il patriarca Francesco sar\u00e0 quest&#8217;anno ospitata negli spazi dell&#8217;Istituto Don Orione di Chirignago, Via Ghetto, 1. Una realt\u00e0 che gi\u00e0 ha accolto questo evento nelle passate edizioni, tra il verde parco di Villa Bisacco dove tale Centro opera con persone portatrici di varie disabilit\u00e0. &#8220;Se il chicco di grano caduto [&hellip;]<\/p>\n","protected":false},"author":0,"featured_media":8638,"comment_status":"closed","ping_status":"closed","sticky":false,"template":"","format":"standard","meta":{"_acf_changed":false,"ip_address":"","user_agent":"","level":"","revision":"","cookie_id":"","page_referer":"","html_form":"","footnotes":""},"categories":[307,86,1,312,107],"tags":[],"class_list":["post-8635","post","type-post","status-publish","format-standard","has-post-thumbnail","hentry","category-giovani","category-in-evidenza","category-news","category-spiritualita","category-via-crucis"],"acf":[],"_links":{"self":[{"href":"https:\/\/www.patriarcatovenezia.it\/pastorale-giovanile\/wp-json\/wp\/v2\/posts\/8635"}],"collection":[{"href":"https:\/\/www.patriarcatovenezia.it\/pastorale-giovanile\/wp-json\/wp\/v2\/posts"}],"about":[{"href":"https:\/\/www.patriarcatovenezia.it\/pastorale-giovanile\/wp-json\/wp\/v2\/types\/post"}],"author":[{"embeddable":true,"href":"https:\/\/www.patriarcatovenezia.it\/pastorale-giovanile\/wp-json\/wp\/v2\/users\/9"}],"replies":[{"embeddable":true,"href":"https:\/\/www.patriarcatovenezia.it\/pastorale-giovanile\/wp-json\/wp\/v2\/comments?post=8635"}],"version-history":[{"count":5,"href":"https:\/\/www.patriarcatovenezia.it\/pastorale-giovanile\/wp-json\/wp\/v2\/posts\/8635\/revisions"}],"predecessor-version":[{"id":8695,"href":"https:\/\/www.patriarcatovenezia.it\/pastorale-giovanile\/wp-json\/wp\/v2\/posts\/8635\/revisions\/8695"}],"wp:featuredmedia":[{"embeddable":true,"href":"https:\/\/www.patriarcatovenezia.it\/pastorale-giovanile\/wp-json\/wp\/v2\/media\/8638"}],"wp:attachment":[{"href":"https:\/\/www.patriarcatovenezia.it\/pastorale-giovanile\/wp-json\/wp\/v2\/media?parent=8635"}],"wp:term":[{"taxonomy":"category","embeddable":true,"href":"https:\/\/www.patriarcatovenezia.it\/pastorale-giovanile\/wp-json\/wp\/v2\/categories?post=8635"},{"taxonomy":"post_tag","embeddable":true,"href":"https:\/\/www.patriarcatovenezia.it\/pastorale-giovanile\/wp-json\/wp\/v2\/tags?post=8635"}],"curies":[{"name":"wp","href":"https:\/\/api.w.org\/{rel}","templated":true}]}}