{"id":8235,"date":"2026-01-21T08:49:47","date_gmt":"2026-01-21T07:49:47","guid":{"rendered":"https:\/\/www.patriarcatovenezia.it\/pastorale-giovanile\/?p=8235"},"modified":"2026-01-21T08:49:47","modified_gmt":"2026-01-21T07:49:47","slug":"veglia-e-marcia-per-la-pace","status":"publish","type":"post","link":"https:\/\/www.patriarcatovenezia.it\/pastorale-giovanile\/2026\/01\/21\/veglia-e-marcia-per-la-pace\/","title":{"rendered":"VEGLIA e MARCIA per la PACE"},"content":{"rendered":"<blockquote>\n<p style=\"text-align: justify\"><span style=\"color: #0000ff\"><em>Sia che abbiamo il dono della fede, sia che ci sembri di non averlo, cari fratelli e sorelle, apriamoci alla pace! Accogliamola e riconosciamola, piuttosto che considerarla lontana e impossibile. Prima di essere una meta, la pace \u00e8 una presenza e un cammino. Seppure contrastata sia dentro sia fuori di noi,<strong> come una piccola fiamma minacciata dalla tempesta, custodiamola <\/strong>senza dimenticare i nomi e le storie di chi ce l\u2019ha testimoniata. (&#8230;) Come la sera di Pasqua Ges\u00f9 entr\u00f2 nel luogo dove si trovavano i discepoli, impauriti e scoraggiati, cos\u00ec la pace di Cristo risorto continua ad attraversare porte e barriere con le voci e i volti dei suoi testimoni.<strong> \u00c8 il dono che consente di non dimenticare il bene, di riconoscerlo vincitore, di sceglierlo ancora e insieme.<\/strong><\/em><\/span><\/p>\n<\/blockquote>\n<p style=\"text-align: center\"><a href=\"https:\/\/www.vatican.va\/content\/leo-xiv\/it\/messages\/peace\/documents\/20251208-messaggio-pace.html\" target=\"_blank\" rel=\"noopener\"><em>Dal messaggio del Santo Padre per la LIX GIORNATA MONDIALE PER LA PACE<\/em><\/a><\/p>\n<hr \/>\n<p>Si avvicina l\u2019appuntamento promosso e sostenuto dal Patriarcato di Venezia e nato dall\u2019impulso e dall\u2019iniziativa di molte associazioni laicali:<strong> la Veglia e Marcia per la Pace sabato 31 gennaio.<\/strong> Un momento fatto di canti, testimonianze, riflessioni e preghiera per domandare al Signore il dono della Pace in questo momento storico cos\u00ec doloroso e complesso.<\/p>\n<p>Si inizier\u00e0 nella chiesa parrocchiale del <strong>Sacro Cuore di Mestre alle ore 18.45:<\/strong> nella prima parte della Veglia vi sar\u00e0 un momento dedicato all\u2019ascolto di giovani che provengono da terre di conflitto e che stanno attraversando un cammino di riconciliazione e di rinnovamento, grazie ai progetti educativi e all\u2019accompagnamento della Associazione \u201cRondine\u201d di Arezzo.<\/p>\n<p>Dopo la Veglia ci si sposter\u00e0 a piedi fino al Duomo di Mestre dove si ascolteranno altre testimonianze e l\u2019omelia del Patriarca Francesco, che guider\u00e0 e accompagner\u00e0 tutte le fasi di questa Veglia con Marcia. I partecipanti sono invitati a realizzare striscioni con <strong>frasi o parole tratti dal messaggio del Santo Padre Leone XIV<\/strong> per la giornata mondiale della Pace. Non sono ammessi simboli o bandiere politici o di Stati.<\/p>\n<p>La Marcia vuole essere un percorso silenzioso, un segno nella Citt\u00e0, anche per chi non crede. A tutti sar\u00e0 consegnata, uscendo dalla chiesa del Sacro Cuore, una candela. Sono coinvolti nell\u2019organizzazione e nella promozione dell\u2019evento<strong> l\u2019Azione Cattolica diocesana, l\u2019Agesci di Mestre e Venezia, le Acli, i Terziari Francescani, Pax Christi, i Focolari e molte altre associazioni.<\/strong> Un momento dunque \u201ccorale\u201d e di Chiesa, presieduto dal Patriarca, in cui innalzare al Signore il grido perch\u00e9 la guerra non continui a devastare il nostro mondo. Due gesti saranno proposti e associati alla Veglia con Marcia: il digiuno e la richiesta di contribuire liberamente con una offerta a sostegno della <a href=\"https:\/\/buonacausa.org\/cause\/7giornidipace2025\" target=\"_blank\" rel=\"noopener\">Rete della Riviera per la Pace della Riviera del Brenta.<\/a><\/p>\n","protected":false},"excerpt":{"rendered":"<p>Sia che abbiamo il dono della fede, sia che ci sembri di non averlo, cari fratelli e sorelle, apriamoci alla pace! Accogliamola e riconosciamola, piuttosto che considerarla lontana e impossibile. Prima di essere una meta, la pace \u00e8 una presenza e un cammino. Seppure contrastata sia dentro sia fuori di noi, come una piccola fiamma [&hellip;]<\/p>\n","protected":false},"author":0,"featured_media":8229,"comment_status":"closed","ping_status":"closed","sticky":false,"template":"","format":"standard","meta":{"_acf_changed":false,"ip_address":"","user_agent":"","level":"","revision":"","cookie_id":"","page_referer":"","html_form":"","footnotes":""},"categories":[306,88,307,86,1,311],"tags":[],"class_list":["post-8235","post","type-post","status-publish","format-standard","has-post-thumbnail","hentry","category-adolescenti","category-attivita","category-giovani","category-in-evidenza","category-news","category-pgve"],"acf":[],"_links":{"self":[{"href":"https:\/\/www.patriarcatovenezia.it\/pastorale-giovanile\/wp-json\/wp\/v2\/posts\/8235"}],"collection":[{"href":"https:\/\/www.patriarcatovenezia.it\/pastorale-giovanile\/wp-json\/wp\/v2\/posts"}],"about":[{"href":"https:\/\/www.patriarcatovenezia.it\/pastorale-giovanile\/wp-json\/wp\/v2\/types\/post"}],"author":[{"embeddable":true,"href":"https:\/\/www.patriarcatovenezia.it\/pastorale-giovanile\/wp-json\/wp\/v2\/users\/9"}],"replies":[{"embeddable":true,"href":"https:\/\/www.patriarcatovenezia.it\/pastorale-giovanile\/wp-json\/wp\/v2\/comments?post=8235"}],"version-history":[{"count":14,"href":"https:\/\/www.patriarcatovenezia.it\/pastorale-giovanile\/wp-json\/wp\/v2\/posts\/8235\/revisions"}],"predecessor-version":[{"id":8264,"href":"https:\/\/www.patriarcatovenezia.it\/pastorale-giovanile\/wp-json\/wp\/v2\/posts\/8235\/revisions\/8264"}],"wp:featuredmedia":[{"embeddable":true,"href":"https:\/\/www.patriarcatovenezia.it\/pastorale-giovanile\/wp-json\/wp\/v2\/media\/8229"}],"wp:attachment":[{"href":"https:\/\/www.patriarcatovenezia.it\/pastorale-giovanile\/wp-json\/wp\/v2\/media?parent=8235"}],"wp:term":[{"taxonomy":"category","embeddable":true,"href":"https:\/\/www.patriarcatovenezia.it\/pastorale-giovanile\/wp-json\/wp\/v2\/categories?post=8235"},{"taxonomy":"post_tag","embeddable":true,"href":"https:\/\/www.patriarcatovenezia.it\/pastorale-giovanile\/wp-json\/wp\/v2\/tags?post=8235"}],"curies":[{"name":"wp","href":"https:\/\/api.w.org\/{rel}","templated":true}]}}