{"id":8079,"date":"2025-12-09T13:35:59","date_gmt":"2025-12-09T12:35:59","guid":{"rendered":"https:\/\/www.patriarcatovenezia.it\/pastorale-giovanile\/?p=8079"},"modified":"2025-12-09T13:45:28","modified_gmt":"2025-12-09T12:45:28","slug":"questa-e-la-strada-ritiro-per-giovani-che-prendono-sul-serio-il-natale","status":"publish","type":"post","link":"https:\/\/www.patriarcatovenezia.it\/pastorale-giovanile\/2025\/12\/09\/questa-e-la-strada-ritiro-per-giovani-che-prendono-sul-serio-il-natale\/","title":{"rendered":"QUESTA \u00c8  LA STRADA &#8211; ritiro per giovani che prendono sul serio il Natale"},"content":{"rendered":"<p>Sar\u00e0 capitato sicuramente anche a te di ritrovarti in cammino, in montagna, in una citt\u00e0 straniera o in qualsiasi luogo pressoch\u00e9 sconosciuto e dover decidere che direzione prendere.<br \/>\nQualcuno si fida del proprio senso dell&#8217;orientamento e va a istinto (si rischia un botto, \u00e8 vero&#8230; ma vuoi mettere la soddisfazione di averci azzeccato!?)<br \/>\nQualcuno si affida a<em> google maps<\/em>, sempre che il cellulare prenda (difficilino in certi tratti di montagna e in sentieri non mappati)<br \/>\nQualcuno chiede informazioni ai passanti (che poi anche qui devi fidarti di quello che dicono, perch\u00e9 chiss\u00e0 se sono del posto o ti rispondono una cosa a caso tanto per\u00a0 passare oltre!)<br \/>\nIn un cammino spirituale \u00e8 altamente sconsigliato fare da s\u00e9, <em>app<\/em> non ce ne sono&#8230; per cui \u00e8 bene ASCOLTARE e CONFRONTARSI con chi quella strada l&#8217;ha gi\u00e0 percorsa. Per di pi\u00f9, la maggior parte delle volte, pensi di essere tu a cercare e scopri che Dio \u00e8 gi\u00e0 sulle tue tracce (da un bel po&#8217;) e ti viene incontro dicendoti: QUESTA E&#8217; LA STRADA!<\/p>\n<p><strong>Sabato 20 dicembre<\/strong> ti viene offerta una mattinata distesa in cui &#8220;orientarsi&#8221;, prestando ascolto della Parola di Dio e aprendo il cuore al Signore che viene.<br \/>\nUn momento pensato specificatamente per i giovani dai 18 anni in su, perch\u00e9 non si \u00e8 mai &#8220;troppo grandi&#8221; per vivere il tempo di Natale.<\/p>\n<p>Sar\u00e0 possibile anche confessarsi.<\/p>\n<p>Appuntamento presso la parrocchia di Santa Maria della Pace, a partire dalle<strong> 9:30<\/strong> &gt;&gt;&gt; porta con te la Bibbia&#8230; e anche qualche amico\/a!<\/p>\n<p><em>Scarica la <a href=\"https:\/\/www.patriarcatovenezia.it\/pastorale-giovanile\/wp-content\/uploads\/sites\/6\/2025\/12\/Locandina-20-dicembre.pdf\" target=\"_blank\" rel=\"noopener\">locandina<\/a><\/em><\/p>\n","protected":false},"excerpt":{"rendered":"<p>Sar\u00e0 capitato sicuramente anche a te di ritrovarti in cammino, in montagna, in una citt\u00e0 straniera o in qualsiasi luogo pressoch\u00e9 sconosciuto e dover decidere che direzione prendere. Qualcuno si fida del proprio senso dell&#8217;orientamento e va a istinto (si rischia un botto, \u00e8 vero&#8230; ma vuoi mettere la soddisfazione di averci azzeccato!?) Qualcuno si [&hellip;]<\/p>\n","protected":false},"author":0,"featured_media":8081,"comment_status":"closed","ping_status":"closed","sticky":false,"template":"","format":"standard","meta":{"_acf_changed":false,"ip_address":"","user_agent":"","level":"","revision":"","cookie_id":"","page_referer":"","html_form":"","footnotes":""},"categories":[647,307,86,1,312],"tags":[],"class_list":["post-8079","post","type-post","status-publish","format-standard","has-post-thumbnail","hentry","category-formazione","category-giovani","category-in-evidenza","category-news","category-spiritualita"],"acf":[],"_links":{"self":[{"href":"https:\/\/www.patriarcatovenezia.it\/pastorale-giovanile\/wp-json\/wp\/v2\/posts\/8079"}],"collection":[{"href":"https:\/\/www.patriarcatovenezia.it\/pastorale-giovanile\/wp-json\/wp\/v2\/posts"}],"about":[{"href":"https:\/\/www.patriarcatovenezia.it\/pastorale-giovanile\/wp-json\/wp\/v2\/types\/post"}],"author":[{"embeddable":true,"href":"https:\/\/www.patriarcatovenezia.it\/pastorale-giovanile\/wp-json\/wp\/v2\/users\/9"}],"replies":[{"embeddable":true,"href":"https:\/\/www.patriarcatovenezia.it\/pastorale-giovanile\/wp-json\/wp\/v2\/comments?post=8079"}],"version-history":[{"count":6,"href":"https:\/\/www.patriarcatovenezia.it\/pastorale-giovanile\/wp-json\/wp\/v2\/posts\/8079\/revisions"}],"predecessor-version":[{"id":8087,"href":"https:\/\/www.patriarcatovenezia.it\/pastorale-giovanile\/wp-json\/wp\/v2\/posts\/8079\/revisions\/8087"}],"wp:featuredmedia":[{"embeddable":true,"href":"https:\/\/www.patriarcatovenezia.it\/pastorale-giovanile\/wp-json\/wp\/v2\/media\/8081"}],"wp:attachment":[{"href":"https:\/\/www.patriarcatovenezia.it\/pastorale-giovanile\/wp-json\/wp\/v2\/media?parent=8079"}],"wp:term":[{"taxonomy":"category","embeddable":true,"href":"https:\/\/www.patriarcatovenezia.it\/pastorale-giovanile\/wp-json\/wp\/v2\/categories?post=8079"},{"taxonomy":"post_tag","embeddable":true,"href":"https:\/\/www.patriarcatovenezia.it\/pastorale-giovanile\/wp-json\/wp\/v2\/tags?post=8079"}],"curies":[{"name":"wp","href":"https:\/\/api.w.org\/{rel}","templated":true}]}}