{"id":764,"date":"2016-06-15T14:18:18","date_gmt":"2016-06-15T12:18:18","guid":{"rendered":"https:\/\/venezia.webdiocesi.it\/pastorale-giovanile\/?p=764"},"modified":"2016-07-26T09:39:29","modified_gmt":"2016-07-26T07:39:29","slug":"sicurezza-dei-pellegrini","status":"publish","type":"post","link":"https:\/\/www.patriarcatovenezia.it\/pastorale-giovanile\/2016\/06\/15\/sicurezza-dei-pellegrini\/","title":{"rendered":"Sicurezza dei pellegrini"},"content":{"rendered":"<p style=\"text-align: justify\"><strong>La Sicurezza dei Pellegrini \u2013 Priorit\u00e0 della GMG<\/strong><\/p>\n<p style=\"text-align: justify\">Le questioni relative alla sicurezza e la logistica durante l&#8217;incontro con Papa Francesco nel mese di luglio sono state discussi in una riunione dei rappresentanti del COL Cracovia nel 2016 con il team di governo responsabile per la Giornata Mondiale della Giovent\u00f9.<\/p>\n<p style=\"text-align: justify\">Il punto di partenza della discussione durante l\u2019incontro tenutosi il 30 maggio presso l\u2019auditorium del Centro Congressi dell\u2019Universit\u00e0 di Agronomia a Cracovia, \u00e8 stata la relazione del Governatore di Ma\u0142opolska, J\u00f3zef Pilch, sulla sicurezza della visita papale e la Giornata Mondiale della Giovent\u00f9. Alla riunione hanno partecipato i rappresentanti del governo centrale, dell\u2019esercito, della polizia e delle forze di sicurezza, cos\u00ec come dai rappresentanti del CO della GMG Cracovia 2016. \u2013 Ringrazio i rappresentanti del Comitato Organizzatore per aver partecipato alla preparazione del piano di sicurezza dell\u2019incontro. \u2013 ha detto all\u2019inizio della riunione Beata Kempa, leader del team del governo responsabile per l\u2019organizzazione della GMG.<\/p>\n<p style=\"text-align: justify\">\n<p style=\"text-align: justify\"><strong>Sicurezza Medica<\/strong><\/p>\n<p style=\"text-align: justify\">Il piano di assistenza medica stabilito copre il periodo dal 21 luglio al 1 agosto 2016. Gli scopi principali del piano sono stati determinati gi\u00e0 due mesi fa, durante il pannello multimediale della GMG. I servizi medici si stanno preparando per un vario numero di pellegrini in visita a Cracovia e in altre citt\u00e0 della Ma\u0142opolska. Ciascun componente della GMG (Festival della Giovent\u00f9, etc .) ha preparato un piano di protezione medica adeguato. \u2013 Tutte le localit\u00e0: Cracovia, Brzegi, Cz\u0119stochowa e il Museo di Auschwitz, saranno preparate per accogliere i pellegrini \u2013 ha detto il vice ministro della salute, Marek Tombarkiewicz.<\/p>\n<p style=\"text-align: justify\">Dei settori speciali di primo soccorso opereranno al momento dell&#8217;incontro con il Papa. Durante la Giornata Mondiale della Giovent\u00f9 i servizi medici avranno strumenti di lavoro aggiuntivi a loro disposizione. Funzioneranno a Cracovia e nelle zone circostanti 14 reparti ospedalieri di emergenza, 10 unit\u00e0 di ammissione, 32 squadre di soccorso medico, 40 unit\u00e0 di assistenza medica primaria e, inoltre, letti ospedalieri extra saranno messi a disposizione. Al momento dell&#8217;incontro dei giovani con Papa Francesco, il numero di squadre di servizio medico aereo sar\u00e0 inoltre aumentato di quattro volte. In totale, la sicurezza medica durante la GMG Cracovia 2016 sar\u00e0 composta da 1.619 pattuglie a piedi e 134 squadre di intervento.<\/p>\n<p style=\"text-align: justify\">Il coordinamento di tutte le operazioni relative alla sicurezza medica sar\u00e0 gestito dalla squadra di copertura medica del Servizio di Emergenza di Cracovia. Al momento dell&#8217;incontro con il Papa, sar\u00e0 istituito anche un ponte aereo speciale, che fornir\u00e0 la possibilit\u00e0 di trasportare coloro che hanno bisogno di assistenza alle istituzioni in tutto il paese. \u2013 Questo tipo di ponte aereo \u00e8 stato creato per la prima volta nella storia della Polonia. \u2013 ha detto il ministro Majewski, presentando il progetto del ponte aereo.<\/p>\n<p style=\"text-align: justify\">\n<p style=\"text-align: justify\"><strong>Brzegi<\/strong><\/p>\n<p style=\"text-align: justify\">Molto spazio \u00e8 stato dedicato alla posizione degli Eventi Principali \u2013 Brzegi. Lo stato di preparazione e l&#8217;ulteriore piano di lavoro \u00e8 stato presentato dal sindaco di Wieliczka, Artur Kozio\u0142. Ha parlato, tra le altre cose, sulla distribuzione dei settori e sulle vie di fuga dal Campus Misericordiae. \u2013 Quattro passaggi a ponte sono in costruzione e sono quasi completati. \u2013 ha detto A. Kozio\u0142. Inoltre, il voivodato di Ma\u0142opolska sta costruendo tre ulteriori passaggi; effettivamente, essi sono ponti sui fiumi Serefa e Zabawka.<\/p>\n<p style=\"text-align: justify\">Stiamo costruendo una citt\u00e0 di 2 milioni di persone per 2-3 giorni \u2013 un agglomerato che non \u00e8 mai stato incontrato nel nostro paese. \u2013 ha detto il sindaco di Wieliczka. Egli ha indicato il 10 luglio come data del termine della costruzione.<\/p>\n<p style=\"text-align: justify\">\n<p style=\"text-align: justify\"><strong>Protezione dell\u2019Esercito<\/strong><\/p>\n<p style=\"text-align: justify\">L&#8217;esercito sta giocando un ruolo importante nell&#8217;organizzazione, nella preparazione e nella sicurezza dei luoghi degli Eventi Centrali. Come ha detto il ministro Bartosz Kownacki, i poteri dell&#8217;esercito dovrebbero essere la protezione prevalentemente sanitaria, l&#8217;ordine pubblico, la logistica, le infrastrutture e la comunicazione. Egli ha sottolineato l&#8217;ampio coinvolgimento delle forze armate nei preparativi della GMG \u2013 un campo di addestramento speciale verr\u00e0 creato in Balice, l\u2019equipaggiamento \u00e8 disponibile. Inoltre, i militari delegheranno squadre mobili speciali, 80 soldati, forza dedicata per la GMG. Gli elicotteri W3 e Mi 17 saranno disponibili per soddisfare le esigenze del Servizio di Protezione del Governo Bureau. Ai preparativi per l\u2019evento parteciper\u00e0 anche l\u2019unit\u00e0 militare GROM.<\/p>\n<p style=\"text-align: justify\">Su 8 basi di trasporto aereo in Balice, \u00e8 stata raggruppata un\u2019unit\u00e0 medica di evacuazione che comprende 20 ambulanze e che consentir\u00e0 cos\u00ec l&#8217;evacuazione di 80 persone ferite in una sola volta.<\/p>\n<p style=\"text-align: justify\">Anche due velivoli CASA C 295 aiuteranno nella sicurezza degli eventi.<\/p>\n<p style=\"text-align: justify\">Riferendosi alla questione della sicurezza del Santo Padre e dei pellegrini, il vice ministro Sebastian Chwalek del Ministero degli Affari Interni e dell&#8217;Amministrazione ha dichiarato che l&#8217;organizzazione dell\u2019incontro dei giovani con il Papa \u00e8 una priorit\u00e0 per il Ministero. Oltre 76 milioni di zloty del budget del ministero saranno stanziati per l\u2019implemento delle forze di polizia, dei vigili del fuoco, della Protezione del governo, e altri. Il controllo di frontiera sar\u00e0 ripristinato per il periodo dal 4 Luglio al 2 Agosto. Ad aiutare i pellegrini nel raggiungere e attraversare il confine saranno i Schengen-bus \u2013 posti di blocco mobili. Ci saranno anche ulteriori corsie di liquidazione, soprattutto in otto posti sul confine polacco-ucraino. Come affermato da S. Chwalek, gli aeroporti gestiranno gli ulteriori punti di controllo lungo con i servizi di altri paesi. Procedure speciali sono state sviluppate per casi specifici associati con la perdita di documenti da parte degli stranieri \u2013 essi avranno documenti temporanei per facilitare il loro ritorno a casa.<\/p>\n<p style=\"text-align: justify\">Come assicurato da Piotr Dubaj\u0142o dal Ministero dell&#8217;Amministrazione e della Digitalizzazione, il lavoro volto a creare ulteriori infrastrutture di telecomunicazione e la creazione di comunicazione indipendente tra il personale e i volontari \u00e8 in corso. Uno dei pi\u00f9 importanti canali di comunicazione con i partecipanti della GMG sar\u00e0 di informazioni telefoniche gratuite per i visitatori provenienti al di fuori della Polonia (+987) e l&#8217;applicazione &#8220;Pellegrino&#8221;, che sar\u00e0 presto lanciata.<\/p>\n<p style=\"text-align: justify\">\n<p style=\"text-align: justify\">Micha\u0142 K\u0142osowski<\/p>\n","protected":false},"excerpt":{"rendered":"<p>La Sicurezza dei Pellegrini \u2013 Priorit\u00e0 della GMG Le questioni relative alla sicurezza e la logistica durante l&#8217;incontro con Papa Francesco nel mese di luglio sono state discussi in una riunione dei rappresentanti del COL Cracovia nel 2016 con il team di governo responsabile per la Giornata Mondiale della Giovent\u00f9. Il punto di partenza della [&hellip;]<\/p>\n","protected":false},"author":0,"featured_media":765,"comment_status":"closed","ping_status":"open","sticky":false,"template":"","format":"standard","meta":{"_acf_changed":false,"ip_address":"","user_agent":"","level":"","revision":"","cookie_id":"","page_referer":"","html_form":"","footnotes":""},"categories":[106],"tags":[],"class_list":["post-764","post","type-post","status-publish","format-standard","has-post-thumbnail","hentry","category-gmg"],"acf":[],"_links":{"self":[{"href":"https:\/\/www.patriarcatovenezia.it\/pastorale-giovanile\/wp-json\/wp\/v2\/posts\/764"}],"collection":[{"href":"https:\/\/www.patriarcatovenezia.it\/pastorale-giovanile\/wp-json\/wp\/v2\/posts"}],"about":[{"href":"https:\/\/www.patriarcatovenezia.it\/pastorale-giovanile\/wp-json\/wp\/v2\/types\/post"}],"author":[{"embeddable":true,"href":"https:\/\/www.patriarcatovenezia.it\/pastorale-giovanile\/wp-json\/wp\/v2\/users\/10"}],"replies":[{"embeddable":true,"href":"https:\/\/www.patriarcatovenezia.it\/pastorale-giovanile\/wp-json\/wp\/v2\/comments?post=764"}],"version-history":[{"count":1,"href":"https:\/\/www.patriarcatovenezia.it\/pastorale-giovanile\/wp-json\/wp\/v2\/posts\/764\/revisions"}],"predecessor-version":[{"id":766,"href":"https:\/\/www.patriarcatovenezia.it\/pastorale-giovanile\/wp-json\/wp\/v2\/posts\/764\/revisions\/766"}],"wp:featuredmedia":[{"embeddable":true,"href":"https:\/\/www.patriarcatovenezia.it\/pastorale-giovanile\/wp-json\/wp\/v2\/media\/765"}],"wp:attachment":[{"href":"https:\/\/www.patriarcatovenezia.it\/pastorale-giovanile\/wp-json\/wp\/v2\/media?parent=764"}],"wp:term":[{"taxonomy":"category","embeddable":true,"href":"https:\/\/www.patriarcatovenezia.it\/pastorale-giovanile\/wp-json\/wp\/v2\/categories?post=764"},{"taxonomy":"post_tag","embeddable":true,"href":"https:\/\/www.patriarcatovenezia.it\/pastorale-giovanile\/wp-json\/wp\/v2\/tags?post=764"}],"curies":[{"name":"wp","href":"https:\/\/api.w.org\/{rel}","templated":true}]}}