{"id":707,"date":"2016-05-12T08:43:07","date_gmt":"2016-05-12T06:43:07","guid":{"rendered":"https:\/\/venezia.webdiocesi.it\/pastorale-giovanile\/?p=707"},"modified":"2016-07-26T09:39:29","modified_gmt":"2016-07-26T07:39:29","slug":"consulta-pgve","status":"publish","type":"post","link":"https:\/\/www.patriarcatovenezia.it\/pastorale-giovanile\/2016\/05\/12\/consulta-pgve\/","title":{"rendered":"Consulta PGVE"},"content":{"rendered":"<p>Incontro della Consulta diocesana di PGVE \u00a0luned\u00ec\u00a0<strong>23 maggio<\/strong> alle ore <strong>19.00<\/strong> nel <strong>Centro Pastorale di Zelarino <\/strong>(sala Luciani) ci sar\u00e0 la riunione della <strong>Consulta<\/strong> di Pastorale Giovanile.<\/p>\n<p>O.d.g.:<\/p>\n<ul>\n<li style=\"text-align: justify\">condivisione sondaggio\u00a0presso le parrocchie, sia di appartenenza, sia della zona che rappresentate\u00a0su:\n<ul>\n<li style=\"text-align: justify\"><em>rapporto tra i referenti di pastorale giovanile zonale-vicariale e l&#8217;ufficio di Pastorale giovanile diocesana<\/em>: dialogo, ricezione delle informazioni e iniziative diocesane, rappresentativit\u00e0 della vostra zona-vicariato, suggerimenti per rendere pi\u00f9 efficace la comunicazione e la collaborazione;<\/li>\n<li style=\"text-align: justify\"><em>nuove prospettive per la Consulta di Pastorale Giovanile<\/em>: composizione, modi di collaborazione, frequenza degli incontri; compiti di quest&#8217;organismo di coordinamento;<\/li>\n<li style=\"text-align: justify\">partecipazione e suggerimenti in relazione ai tradizionali <em>momenti diocesani di incontro tra i giovani e il Patriarca<\/em>: Salute e Via Crucis;<\/li>\n<li style=\"text-align: justify\">partecipazione e suggerimenti in relazione ad <em>altre iniziative annuali rivolte ai giovani<\/em>: scuola di preghiera, attivit\u00e0 di sensibilizzazione per la pace, attivit\u00e0 di educazione al gratuito (capodanno di gratuit\u00e0, 72 ore, volontariato);<\/li>\n<li style=\"text-align: justify\">idee in relazioni a <em>iniziative future<\/em>, sia tradizionalmente in calendario sia a carattere straordinario: festa dei giovani 2018, viaggi-pellegrinaggi per giovani 2016-2017 ed eventuali attivit\u00e0-campi estivi 2017, che potrebbero aiutare i giovani a crescere nell&#8217;incontro con Cristo e nell&#8217;educazione al servizio, qualora la parrocchia non provveda gi\u00e0 con proprie iniziative.<\/li>\n<\/ul>\n<\/li>\n<li style=\"text-align: justify\"><em>aggiornamenti sulla GMG<\/em> e sugli incontri di preparazione di giugno.<\/li>\n<\/ul>\n<p>&nbsp;<\/p>\n","protected":false},"excerpt":{"rendered":"<p>Incontro della Consulta diocesana di PGVE \u00a0luned\u00ec\u00a023 maggio alle ore 19.00 nel Centro Pastorale di Zelarino (sala Luciani) ci sar\u00e0 la riunione della Consulta di Pastorale Giovanile. O.d.g.: condivisione sondaggio\u00a0presso le parrocchie, sia di appartenenza, sia della zona che rappresentate\u00a0su: rapporto tra i referenti di pastorale giovanile zonale-vicariale e l&#8217;ufficio di Pastorale giovanile diocesana: dialogo, [&hellip;]<\/p>\n","protected":false},"author":0,"featured_media":708,"comment_status":"closed","ping_status":"open","sticky":false,"template":"","format":"standard","meta":{"_acf_changed":false,"ip_address":"","user_agent":"","level":"","revision":"","cookie_id":"","page_referer":"","html_form":"","footnotes":""},"categories":[304,1],"tags":[],"class_list":["post-707","post","type-post","status-publish","format-standard","has-post-thumbnail","hentry","category-equipe-e-consulta","category-news"],"acf":[],"_links":{"self":[{"href":"https:\/\/www.patriarcatovenezia.it\/pastorale-giovanile\/wp-json\/wp\/v2\/posts\/707"}],"collection":[{"href":"https:\/\/www.patriarcatovenezia.it\/pastorale-giovanile\/wp-json\/wp\/v2\/posts"}],"about":[{"href":"https:\/\/www.patriarcatovenezia.it\/pastorale-giovanile\/wp-json\/wp\/v2\/types\/post"}],"author":[{"embeddable":true,"href":"https:\/\/www.patriarcatovenezia.it\/pastorale-giovanile\/wp-json\/wp\/v2\/users\/10"}],"replies":[{"embeddable":true,"href":"https:\/\/www.patriarcatovenezia.it\/pastorale-giovanile\/wp-json\/wp\/v2\/comments?post=707"}],"version-history":[{"count":1,"href":"https:\/\/www.patriarcatovenezia.it\/pastorale-giovanile\/wp-json\/wp\/v2\/posts\/707\/revisions"}],"predecessor-version":[{"id":709,"href":"https:\/\/www.patriarcatovenezia.it\/pastorale-giovanile\/wp-json\/wp\/v2\/posts\/707\/revisions\/709"}],"wp:featuredmedia":[{"embeddable":true,"href":"https:\/\/www.patriarcatovenezia.it\/pastorale-giovanile\/wp-json\/wp\/v2\/media\/708"}],"wp:attachment":[{"href":"https:\/\/www.patriarcatovenezia.it\/pastorale-giovanile\/wp-json\/wp\/v2\/media?parent=707"}],"wp:term":[{"taxonomy":"category","embeddable":true,"href":"https:\/\/www.patriarcatovenezia.it\/pastorale-giovanile\/wp-json\/wp\/v2\/categories?post=707"},{"taxonomy":"post_tag","embeddable":true,"href":"https:\/\/www.patriarcatovenezia.it\/pastorale-giovanile\/wp-json\/wp\/v2\/tags?post=707"}],"curies":[{"name":"wp","href":"https:\/\/api.w.org\/{rel}","templated":true}]}}