{"id":6806,"date":"2025-06-11T10:17:51","date_gmt":"2025-06-11T08:17:51","guid":{"rendered":"https:\/\/www.patriarcatovenezia.it\/pastorale-giovanile\/?p=6806"},"modified":"2025-06-11T10:27:16","modified_gmt":"2025-06-11T08:27:16","slug":"una-sera-dinizio-estate","status":"publish","type":"post","link":"https:\/\/www.patriarcatovenezia.it\/pastorale-giovanile\/2025\/06\/11\/una-sera-dinizio-estate\/","title":{"rendered":"UN&#8217;ESTATE DI SERVIZIO, DI RELAZIONI E DI PASSI CONCRETI"},"content":{"rendered":"<p><strong>\u201cPerch\u00e9 restate a guardare il cielo?<\/strong><strong>\u201d <\/strong>\u00c8 una domanda semplice, diretta. Ma se ci pensiamo bene\u2026 anche spiazzante. \u00c8 la domanda che gli angeli rivolgono ai discepoli subito dopo che Ges\u00f9 \u00e8 salito al cielo. Loro sono l\u00ec, fermi, col naso all\u2019ins\u00f9. Hanno appena visto il loro Maestro salire e sparire dalla loro vista.<\/p>\n<p>E adesso? Che si fa?<\/p>\n<p>Ecco, ci \u00e8 sembrato che questa fosse la <strong>domanda giusta per questa serata<\/strong>. Una domanda che pu\u00f2 aiutarci a leggere <strong>ci\u00f2 che stiamo vivendo<\/strong>, ma anche <strong>ci\u00f2 che ci aspetta<\/strong>.<\/p>\n<p>Questa sera allora ci lasciamo provocare da questa domanda. Lasciamoci \u201cscomodare\u201d da essa. Accogliamo il mandato che ci verr\u00e0 consegnato dal Patriarca \u2014 <strong>non solo come incarico, ma come slancio.<\/strong> E ripartiamo: per un\u2019estate di servizio, di relazioni e di passi concreti. Un\u2019estate in cui ci\u00f2 che desideriamo davvero, prende forma nelle scelte che facciamo e nel modo in cui decidiamo di vivere.<\/p>\n<p><a href=\"https:\/\/www.patriarcatovenezia.it\/pastorale-giovanile\/wp-content\/uploads\/sites\/6\/2025\/06\/Perche_restate_a_guardare_il_cielo_11.06.2025.pdf\"><strong>Scarica i testi della serata<\/strong><\/a><br \/>\n<em>contenenti anche il prezioso &#8220;succo&#8221; delle testimonianze e le DOMANDE DA VIAGGIO che ci verranno consegnate dai testimoni.<\/em><\/p>\n","protected":false},"excerpt":{"rendered":"<p>\u201cPerch\u00e9 restate a guardare il cielo?\u201d \u00c8 una domanda semplice, diretta. Ma se ci pensiamo bene\u2026 anche spiazzante. \u00c8 la domanda che gli angeli rivolgono ai discepoli subito dopo che Ges\u00f9 \u00e8 salito al cielo. Loro sono l\u00ec, fermi, col naso all\u2019ins\u00f9. Hanno appena visto il loro Maestro salire e sparire dalla loro vista. E [&hellip;]<\/p>\n","protected":false},"author":0,"featured_media":6750,"comment_status":"closed","ping_status":"closed","sticky":false,"template":"","format":"standard","meta":{"_acf_changed":false,"ip_address":"","user_agent":"","level":"","revision":"","cookie_id":"","page_referer":"","html_form":"","footnotes":""},"categories":[647,307,1,311,110],"tags":[],"class_list":["post-6806","post","type-post","status-publish","format-standard","has-post-thumbnail","hentry","category-formazione","category-giovani","category-news","category-pgve","category-vocazioni"],"acf":[],"_links":{"self":[{"href":"https:\/\/www.patriarcatovenezia.it\/pastorale-giovanile\/wp-json\/wp\/v2\/posts\/6806"}],"collection":[{"href":"https:\/\/www.patriarcatovenezia.it\/pastorale-giovanile\/wp-json\/wp\/v2\/posts"}],"about":[{"href":"https:\/\/www.patriarcatovenezia.it\/pastorale-giovanile\/wp-json\/wp\/v2\/types\/post"}],"author":[{"embeddable":true,"href":"https:\/\/www.patriarcatovenezia.it\/pastorale-giovanile\/wp-json\/wp\/v2\/users\/9"}],"replies":[{"embeddable":true,"href":"https:\/\/www.patriarcatovenezia.it\/pastorale-giovanile\/wp-json\/wp\/v2\/comments?post=6806"}],"version-history":[{"count":8,"href":"https:\/\/www.patriarcatovenezia.it\/pastorale-giovanile\/wp-json\/wp\/v2\/posts\/6806\/revisions"}],"predecessor-version":[{"id":6816,"href":"https:\/\/www.patriarcatovenezia.it\/pastorale-giovanile\/wp-json\/wp\/v2\/posts\/6806\/revisions\/6816"}],"wp:featuredmedia":[{"embeddable":true,"href":"https:\/\/www.patriarcatovenezia.it\/pastorale-giovanile\/wp-json\/wp\/v2\/media\/6750"}],"wp:attachment":[{"href":"https:\/\/www.patriarcatovenezia.it\/pastorale-giovanile\/wp-json\/wp\/v2\/media?parent=6806"}],"wp:term":[{"taxonomy":"category","embeddable":true,"href":"https:\/\/www.patriarcatovenezia.it\/pastorale-giovanile\/wp-json\/wp\/v2\/categories?post=6806"},{"taxonomy":"post_tag","embeddable":true,"href":"https:\/\/www.patriarcatovenezia.it\/pastorale-giovanile\/wp-json\/wp\/v2\/tags?post=6806"}],"curies":[{"name":"wp","href":"https:\/\/api.w.org\/{rel}","templated":true}]}}