{"id":6004,"date":"2025-03-27T10:33:20","date_gmt":"2025-03-27T09:33:20","guid":{"rendered":"https:\/\/www.patriarcatovenezia.it\/pastorale-giovanile\/?p=6004"},"modified":"2025-03-27T17:17:26","modified_gmt":"2025-03-27T16:17:26","slug":"via-crucis-diocesana-2025","status":"publish","type":"post","link":"https:\/\/www.patriarcatovenezia.it\/pastorale-giovanile\/2025\/03\/27\/via-crucis-diocesana-2025\/","title":{"rendered":"VIA CRUCIS diocesana 2025"},"content":{"rendered":"<p>Come preannunciato, la Via Crucis diocesana di quest&#8217;anno, guidata dal Patriarca Francesco, si svolger\u00e0 <strong>venerd\u00ec 11 aprile, presso gli spazi esterni dell&#8217;Ospedale dell&#8217;Angelo a Mestre<\/strong>.<br \/>\nLa scelta, operata in stretta collaborazione con la Dirigenza dell&#8217;Ulss 3, risponde al desiderio di offrire a quanti parteciperanno, sia dal territorio diocesano che presenti in ambito ospedaliero per lavoro o per le cure, un momento di preghiera e spiritualit\u00e0 che aiuti ciascuno a trovare senso e forza nel vivere la propria fragilit\u00e0.<\/p>\n<p>Per quanti accompagnano chi soffre e spera nella guarigione, per vivere nella fede anche i momenti in cui ci si sente pi\u00f9 vulnerabili, seguire Ges\u00f9 lungo la via della croce sar\u00e0 l&#8217;occasione per entrare nel mistero del dolore e cogliere i segni di luce della Pasqua che gi\u00e0 sono custoditi in esso. La partecipazione \u00e8 come sempre aperta a tutti, a partire dai giovani e a quanti vogliono unirsi nella preghiera o raccogliere, in questo invito, la possibilit\u00e0 di rendersi vicini ai fratelli e alle sorelle che sono nella prova.<\/p>\n<p>Invitiamo a <a href=\"https:\/\/www.patriarcatovenezia.it\/pastorale-giovanile\/wp-content\/uploads\/sites\/6\/2025\/03\/Locandina-Via-Crucis.jpg\" target=\"_blank\" rel=\"noopener\" data-rel=\"lightbox-image-0\" data-rl_title=\"\" data-rl_caption=\"\" title=\"\"><strong>scaricare la locandina<\/strong> <\/a>per la promozione e l&#8217;invito nei gruppi e nelle parrocchie.<\/p>\n<p>Il punto di ritrovo \u00e8 <strong>fronte obitorio<\/strong> <strong>alle ore 19:00<\/strong> da dove partir\u00e0 il cammino che ripercorre alcune stazioni.<\/p>\n","protected":false},"excerpt":{"rendered":"<p>Come preannunciato, la Via Crucis diocesana di quest&#8217;anno, guidata dal Patriarca Francesco, si svolger\u00e0 venerd\u00ec 11 aprile, presso gli spazi esterni dell&#8217;Ospedale dell&#8217;Angelo a Mestre. La scelta, operata in stretta collaborazione con la Dirigenza dell&#8217;Ulss 3, risponde al desiderio di offrire a quanti parteciperanno, sia dal territorio diocesano che presenti in ambito ospedaliero per lavoro [&hellip;]<\/p>\n","protected":false},"author":0,"featured_media":6018,"comment_status":"closed","ping_status":"closed","sticky":false,"template":"","format":"standard","meta":{"_acf_changed":false,"ip_address":"","user_agent":"","level":"","revision":"","cookie_id":"","page_referer":"","html_form":"","footnotes":""},"categories":[88,307,1,312,107],"tags":[],"class_list":["post-6004","post","type-post","status-publish","format-standard","has-post-thumbnail","hentry","category-attivita","category-giovani","category-news","category-spiritualita","category-via-crucis"],"acf":[],"_links":{"self":[{"href":"https:\/\/www.patriarcatovenezia.it\/pastorale-giovanile\/wp-json\/wp\/v2\/posts\/6004"}],"collection":[{"href":"https:\/\/www.patriarcatovenezia.it\/pastorale-giovanile\/wp-json\/wp\/v2\/posts"}],"about":[{"href":"https:\/\/www.patriarcatovenezia.it\/pastorale-giovanile\/wp-json\/wp\/v2\/types\/post"}],"author":[{"embeddable":true,"href":"https:\/\/www.patriarcatovenezia.it\/pastorale-giovanile\/wp-json\/wp\/v2\/users\/9"}],"replies":[{"embeddable":true,"href":"https:\/\/www.patriarcatovenezia.it\/pastorale-giovanile\/wp-json\/wp\/v2\/comments?post=6004"}],"version-history":[{"count":8,"href":"https:\/\/www.patriarcatovenezia.it\/pastorale-giovanile\/wp-json\/wp\/v2\/posts\/6004\/revisions"}],"predecessor-version":[{"id":6019,"href":"https:\/\/www.patriarcatovenezia.it\/pastorale-giovanile\/wp-json\/wp\/v2\/posts\/6004\/revisions\/6019"}],"wp:featuredmedia":[{"embeddable":true,"href":"https:\/\/www.patriarcatovenezia.it\/pastorale-giovanile\/wp-json\/wp\/v2\/media\/6018"}],"wp:attachment":[{"href":"https:\/\/www.patriarcatovenezia.it\/pastorale-giovanile\/wp-json\/wp\/v2\/media?parent=6004"}],"wp:term":[{"taxonomy":"category","embeddable":true,"href":"https:\/\/www.patriarcatovenezia.it\/pastorale-giovanile\/wp-json\/wp\/v2\/categories?post=6004"},{"taxonomy":"post_tag","embeddable":true,"href":"https:\/\/www.patriarcatovenezia.it\/pastorale-giovanile\/wp-json\/wp\/v2\/tags?post=6004"}],"curies":[{"name":"wp","href":"https:\/\/api.w.org\/{rel}","templated":true}]}}