{"id":4742,"date":"2024-11-23T20:35:05","date_gmt":"2024-11-23T19:35:05","guid":{"rendered":"https:\/\/www.patriarcatovenezia.it\/pastorale-giovanile\/2024\/11\/23\/dove-finisce-il-dialogo-la-inizia-la-guerra\/"},"modified":"2024-11-23T20:35:05","modified_gmt":"2024-11-23T19:35:05","slug":"dove-finisce-il-dialogo-la-inizia-la-guerra","status":"publish","type":"post","link":"https:\/\/www.patriarcatovenezia.it\/pastorale-giovanile\/2024\/11\/23\/dove-finisce-il-dialogo-la-inizia-la-guerra\/","title":{"rendered":"Dove finisce il dialogo l\u00e0 inizia la guerra"},"content":{"rendered":"<p><strong>Venerd\u00ec 29 novembre<\/strong>, la chiesa di San Giovanni Battista di Jesolo <strong>alle ore 20:00<\/strong> ospiter\u00e0 un momento di dialogo davvero speciale tra i giovani e <strong>S.E. mons. Giacinto-Boulos Marcuzzo<\/strong>, vescovo ausiliare emerito del Patriarcato di Gerusalemme.<\/p>\n<p>Mons. Marcuzzo interagir\u00e0 con i presenti sul tema <strong>&#8220;DOVE FINISCE IL DIALOGO LA&#8217; INIZIA LA GUERRA&#8221;<\/strong> e poi, a seguire, dar\u00e0 il via ad una fiaccolata silenziosa &#8211; a cui parteciperanno anche le autorit\u00e0 cittadine &#8211; che dalla chiesa di San Giovanni Battista porter\u00e0 alla statua dedicata a Maria &#8220;Regina Mundi&#8221;.<\/p>\n<p>Nel pomeriggio dello stesso giorno, sempre Mons. Marcuzzo, sar\u00e0 presente anche all\u2019inaugurazione dello Jesolo Sand Nativity, il cui percorso artistico del celebre presepe di sabbia ricordiamo che quest&#8217;anno si comporr\u00e0 di 12 sculture a declinare i temi di fratellanza, pace e dialogo contenuti nell\u2019enciclica \u201cFratelli tutti\u201d che ispira la mostra.<\/p>\n<p>Una di queste opere rappresenter\u00e0 la parabola del buon samaritano, che mette in risalto la misericordia e la compassione da mostrare verso il nostro prossimo, chiunque esso sia. Esattamente ci\u00f2 che ha fatto Giacomo Gobbato lo scorso settembre, quando rimase vittima di un accoltellamento mortale per le vie di Mestre mentre prestava soccorso a una donna che stava subendo una rapina, per questo motivo una figura lo ritrarr\u00e0 richiamandone l&#8217;esempio.<\/p>\n<div class=\"small-12 medium-8 columns\">\n<article id=\"post-30132\" class=\"post blog-post post-30132 type-post status-publish format-standard has-post-thumbnail hentry category-gvnews category-litorale tag-jesolo tag-jesolo-sand-nativity tag-scultura\" data-id=\"30132\" data-url=\"https:\/\/www.genteveneta.it\/litorale\/jesolo-anche-giacono-gobbato-tra-i-personaggi-del-presepe-di-sabbia\/\">\n<div class=\"post-author\">\n<div class=\"author-content\"><\/div>\n<\/div>\n<\/article>\n<\/div>\n<div class=\"sidebar small-12 medium-4 columns\">\n<div class=\"sidebar_inner \">\n<div id=\"custom_html-5\" class=\"widget_text widget cf widget_custom_html title-style1\">\n<div class=\"textwidget custom-html-widget\"><\/div>\n<\/div>\n<\/div>\n<\/div>\n","protected":false},"excerpt":{"rendered":"<p>Venerd\u00ec 29 novembre, la chiesa di San Giovanni Battista di Jesolo alle ore 20:00 ospiter\u00e0 un momento di dialogo davvero speciale tra i giovani e S.E. mons. Giacinto-Boulos Marcuzzo, vescovo ausiliare emerito del Patriarcato di Gerusalemme. Mons. Marcuzzo interagir\u00e0 con i presenti sul tema &#8220;DOVE FINISCE IL DIALOGO LA&#8217; INIZIA LA GUERRA&#8221; e poi, a [&hellip;]<\/p>\n","protected":false},"author":0,"featured_media":4743,"comment_status":"open","ping_status":"open","sticky":false,"template":"","format":"standard","meta":{"_acf_changed":false,"ip_address":"","user_agent":"","level":"","revision":"","cookie_id":"","page_referer":"","html_form":"","footnotes":""},"categories":[307,1,373],"tags":[],"class_list":["post-4742","post","type-post","status-publish","format-standard","has-post-thumbnail","hentry","category-giovani","category-news","category-proposte"],"acf":[],"_links":{"self":[{"href":"https:\/\/www.patriarcatovenezia.it\/pastorale-giovanile\/wp-json\/wp\/v2\/posts\/4742"}],"collection":[{"href":"https:\/\/www.patriarcatovenezia.it\/pastorale-giovanile\/wp-json\/wp\/v2\/posts"}],"about":[{"href":"https:\/\/www.patriarcatovenezia.it\/pastorale-giovanile\/wp-json\/wp\/v2\/types\/post"}],"author":[{"embeddable":true,"href":"https:\/\/www.patriarcatovenezia.it\/pastorale-giovanile\/wp-json\/wp\/v2\/users\/9"}],"replies":[{"embeddable":true,"href":"https:\/\/www.patriarcatovenezia.it\/pastorale-giovanile\/wp-json\/wp\/v2\/comments?post=4742"}],"version-history":[{"count":0,"href":"https:\/\/www.patriarcatovenezia.it\/pastorale-giovanile\/wp-json\/wp\/v2\/posts\/4742\/revisions"}],"wp:featuredmedia":[{"embeddable":true,"href":"https:\/\/www.patriarcatovenezia.it\/pastorale-giovanile\/wp-json\/wp\/v2\/media\/4743"}],"wp:attachment":[{"href":"https:\/\/www.patriarcatovenezia.it\/pastorale-giovanile\/wp-json\/wp\/v2\/media?parent=4742"}],"wp:term":[{"taxonomy":"category","embeddable":true,"href":"https:\/\/www.patriarcatovenezia.it\/pastorale-giovanile\/wp-json\/wp\/v2\/categories?post=4742"},{"taxonomy":"post_tag","embeddable":true,"href":"https:\/\/www.patriarcatovenezia.it\/pastorale-giovanile\/wp-json\/wp\/v2\/tags?post=4742"}],"curies":[{"name":"wp","href":"https:\/\/api.w.org\/{rel}","templated":true}]}}