{"id":3646,"date":"2022-05-19T10:53:30","date_gmt":"2022-05-19T08:53:30","guid":{"rendered":"https:\/\/venezia.webdiocesi.it\/pastorale-giovanile\/?p=3646"},"modified":"2022-06-03T13:26:02","modified_gmt":"2022-06-03T11:26:02","slug":"campo-vocazionale-giovani-in-ricerca","status":"publish","type":"post","link":"https:\/\/www.patriarcatovenezia.it\/pastorale-giovanile\/2022\/05\/19\/campo-vocazionale-giovani-in-ricerca\/","title":{"rendered":"Campo vocazionale giovani in ricerca"},"content":{"rendered":"<p>Pensato per universitari e lavoratori (ragazzi e ragazze) dai 18 anni ai 30 nella casa del Seminario a San Vito di Cadore, il <strong>campo<\/strong> sar\u00e0 l&#8217;occasione per focalizzare le domande che abitano il cuore, approfondire la consapevolezza che tutta la vita \u00e8 vocazione e intensificare la relazione con il Signore. Il tutto tra momenti di ascolto, riflessione, convivialit\u00e0, uscite e preghiera. Le meditazioni sul tema del campo saranno offerte da don Lucio Cilia, parroco di S. Maria Ausiliatrice e Ss. Liberale e Mauro di Jesolo Lido, apprezzato biblista ed esperto conoscitore del Vangelo di Giovanni.<\/p>\n<p>Termine iscrizioni 26 giugno 2022.<\/p>\n<p><strong>Materiali<\/strong><\/p>\n<ul>\n<li><a href=\"https:\/\/venezia.webdiocesi.it\/vocazioni\/wp-content\/uploads\/sites\/11\/2022\/05\/campo-vocazionale-giovani-in-ricerca-1.pdf\"><strong>Locandina PDF<\/strong><\/a><\/li>\n<li><strong><a href=\"https:\/\/venezia.webdiocesi.it\/vocazioni\/wp-content\/uploads\/sites\/11\/2022\/05\/Brochure-Campo-Vocazionale-estate-2022.pdf\">Depliant PDF<\/a><\/strong><\/li>\n<\/ul>\n<p>&nbsp;<\/p>\n<p>Il campo \u00e8 anche il culmine del <strong>cammino \u201cVenite e vedrete\u201d<\/strong>, che l\u2019ufficio di Pastorale vocazionale in collaborazione con la Pastorale universitaria, la Pastorale giovanile e l\u2019ufficio Evangelizzazione e Catechesi ha proposto in questo anno pastorale. Alcuni giovani che sentono nel cuore la chiamata alla consacrazione hanno cos\u00ec trovato un luogo e delle figure di riferimento per iniziare a interrogarsi seriamente e chiarire un po&#8217; alla volta cosa vuol dire vivere un\u2019apertura vocazionale alle scelte che devono compiere. Ospiti del monastero della Carmelitane Scalze di San Giuseppe a Venezia, che li custodiscono nella preghiera e li sostengono con la propria testimonianza, questi giovani si sono ritrovati a partire dalla Quaresima per quattro tappe. Il cammino \u00e8 iniziato e proseguir\u00e0 anche il prossimo anno, con le porte aperte a chi desiderasse partecipare.<\/p>\n<p><strong>Per maggiori informazioni e capire meglio la proposta<\/strong> contattate <strong>don Marco Zane<\/strong>: vocazioni.venezia@gmail.com | 3396466032.<\/p>\n<p>&nbsp;<\/p>\n","protected":false},"excerpt":{"rendered":"<p>Pensato per universitari e lavoratori (ragazzi e ragazze) dai 18 anni ai 30 nella casa del Seminario a San Vito di Cadore, il campo sar\u00e0 l&#8217;occasione per focalizzare le domande che abitano il cuore, approfondire la consapevolezza che tutta la vita \u00e8 vocazione e intensificare la relazione con il Signore. Il tutto tra momenti di [&hellip;]<\/p>\n","protected":false},"author":0,"featured_media":3638,"comment_status":"closed","ping_status":"closed","sticky":false,"template":"","format":"standard","meta":{"_acf_changed":false,"ip_address":"","user_agent":"","level":"","revision":"","cookie_id":"","page_referer":"","html_form":"","footnotes":""},"categories":[88,307,1,110],"tags":[390,572,616,615,478],"class_list":["post-3646","post","type-post","status-publish","format-standard","has-post-thumbnail","hentry","category-attivita","category-giovani","category-news","category-vocazioni","tag-cammino","tag-campo","tag-vedrete","tag-venite","tag-vocazione"],"acf":[],"_links":{"self":[{"href":"https:\/\/www.patriarcatovenezia.it\/pastorale-giovanile\/wp-json\/wp\/v2\/posts\/3646"}],"collection":[{"href":"https:\/\/www.patriarcatovenezia.it\/pastorale-giovanile\/wp-json\/wp\/v2\/posts"}],"about":[{"href":"https:\/\/www.patriarcatovenezia.it\/pastorale-giovanile\/wp-json\/wp\/v2\/types\/post"}],"author":[{"embeddable":true,"href":"https:\/\/www.patriarcatovenezia.it\/pastorale-giovanile\/wp-json\/wp\/v2\/users\/10"}],"replies":[{"embeddable":true,"href":"https:\/\/www.patriarcatovenezia.it\/pastorale-giovanile\/wp-json\/wp\/v2\/comments?post=3646"}],"version-history":[{"count":3,"href":"https:\/\/www.patriarcatovenezia.it\/pastorale-giovanile\/wp-json\/wp\/v2\/posts\/3646\/revisions"}],"predecessor-version":[{"id":3658,"href":"https:\/\/www.patriarcatovenezia.it\/pastorale-giovanile\/wp-json\/wp\/v2\/posts\/3646\/revisions\/3658"}],"wp:featuredmedia":[{"embeddable":true,"href":"https:\/\/www.patriarcatovenezia.it\/pastorale-giovanile\/wp-json\/wp\/v2\/media\/3638"}],"wp:attachment":[{"href":"https:\/\/www.patriarcatovenezia.it\/pastorale-giovanile\/wp-json\/wp\/v2\/media?parent=3646"}],"wp:term":[{"taxonomy":"category","embeddable":true,"href":"https:\/\/www.patriarcatovenezia.it\/pastorale-giovanile\/wp-json\/wp\/v2\/categories?post=3646"},{"taxonomy":"post_tag","embeddable":true,"href":"https:\/\/www.patriarcatovenezia.it\/pastorale-giovanile\/wp-json\/wp\/v2\/tags?post=3646"}],"curies":[{"name":"wp","href":"https:\/\/api.w.org\/{rel}","templated":true}]}}