{"id":3372,"date":"2021-04-05T12:33:30","date_gmt":"2021-04-05T10:33:30","guid":{"rendered":"https:\/\/venezia.webdiocesi.it\/pastorale-giovanile\/?p=3372"},"modified":"2021-04-13T12:34:04","modified_gmt":"2021-04-13T10:34:04","slug":"parolaincammino-e-spiragli-passo-dopo-passo-verso-la-pasqua","status":"publish","type":"post","link":"https:\/\/www.patriarcatovenezia.it\/pastorale-giovanile\/2021\/04\/05\/parolaincammino-e-spiragli-passo-dopo-passo-verso-la-pasqua\/","title":{"rendered":"#parolaincammino e Spiragli: passo dopo passo verso la Pasqua!"},"content":{"rendered":"<h4><span style=\"color: #003366\"><strong><em>#parolaincammino<\/em><\/strong><\/span><\/h4>\n<p>Un\u2019agile ma intensa proposta ci ha accompagnamenti nel <strong>tempo quaresimale<\/strong>, soprattutto in questo contesto pandemico di sofferenza e disorientamento, offrendo spunti di riflessione, significato e crescita umana e cristiana per i giovani, a partire dall\u2019ascolto della Parola e dal confronto con la vita di Cristo.\u00a0La proposta si \u00e8 snodata sul\u00a0<a href=\"https:\/\/www.instagram.com\/pastoralegiovanilevenezia\/\">profilo Instagram<\/a>\u00a0(social scelto di\u00a0preferenza perch\u00e9 \u00e8 il pi\u00f9 utilizzato sia da adolescenti, che da giovani, educatori compresi). I contenuti sono stati poi richiamati anche sulla <a href=\"https:\/\/www.facebook.com\/pgvenezia\/?eid=ARBxhZby7KvJX3KVsv1mD3XiyPVdFCo8pgyI2BqM8xLRwwH4pOxD07BbFxMl03Lxphv_o7dD8yvGKWIC\">pagina Facebook<\/a>.<\/p>\n<p>Tra il 18 e il 20 febbraio \u00e8 stata lanciata l&#8217;iniziativa con tre parti del Messaggio del Papa per la Quaresima 2021 (fede, speranza e carit\u00e0)<\/p>\n<p>Nelle <strong>5 domeniche di Quaresima <\/strong>abbiamo messo il\u00a0Vangelo domenicale al centro, per riscoprire la Parola che apre orizzonti nella vita di ogni giovane. Ogni settimana un gruppo di giovani l&#8217;ha letto, pregato, spezzato per gli altri giovani. Abbiamo richiamato lo Spirito, focus del cammino diocesano e della proposta di discernimento personale e comunitario di quest&#8217;anno pastorale. Tradizionalmente in Quaresima si fa una raccolta a favore delle missioni; ne abbiamo approfittato per far conoscere ai nostri giovani <a href=\"https:\/\/venezia.webdiocesi.it\/anno-pastorale\/percorso-diocesano-quaresima-2021\/un-pane-per-amor-di-dio\/\">le missioni<\/a>\u00a0sostenute con la raccolta &#8220;Un pane per amor di Dio&#8221;, oltre a riscoprire cos\u2019\u00e8 la missione nella vita quotidiana, assieme all&#8217;<em>Ufficio Missioni<\/em>. Preziosi i richiami artistici degli amici della\u00a0<em>Pinacoteca Manfrediniana<\/em>, che hanno proposto delle immagini di crocifissi abbinati a una frase della seconda lettura di ciascuna domenica di quaresima.<\/p>\n<h4><\/h4>\n<h4><span style=\"color: #003366\"><strong>Spiragli<\/strong><\/span><\/h4>\n<p>Per la <strong>Settimana Santa <\/strong>gli amici dell&#8217;<em>Oders<\/em>\u00a0hanno offerto alcuni spunti per la preghiera e riflessione con brevi video su <a href=\"https:\/\/www.instagram.com\/pastoralegiovanilevenezia\/\">Instagram<\/a>, uno per ogni giorno da domenica 28 marzo (Palme) a sabato 3 aprile (Sabato santo); il video di presentazione \u00e8 stato lanciato gioved\u00ec 25 marzo.<\/p>\n<p>Nel <a href=\"https:\/\/www.youtube.com\/channel\/UCKtd-zAcCL2GGACCL99kUkA\">canale YouTube dell&#8217;Oders<\/a> sono state caricate delle meditazioni di don Marco Cairoli (biblista di Como) come ulteriore approfondimento e preparazione alla S. Pasqua. Il pomeriggio del Sabato santo c&#8217;\u00e8 stata la possibilit\u00e0 di partecipare ad un momento di condivisione in alcune stanze di Zoom.<\/p>\n","protected":false},"excerpt":{"rendered":"<p>#parolaincammino Un\u2019agile ma intensa proposta ci ha accompagnamenti nel tempo quaresimale, soprattutto in questo contesto pandemico di sofferenza e disorientamento, offrendo spunti di riflessione, significato e crescita umana e cristiana per i giovani, a partire dall\u2019ascolto della Parola e dal confronto con la vita di Cristo.\u00a0La proposta si \u00e8 snodata sul\u00a0profilo Instagram\u00a0(social scelto di\u00a0preferenza perch\u00e9 [&hellip;]<\/p>\n","protected":false},"author":0,"featured_media":3374,"comment_status":"closed","ping_status":"closed","sticky":false,"template":"","format":"standard","meta":{"_acf_changed":false,"ip_address":"","user_agent":"","level":"","revision":"","cookie_id":"","page_referer":"","html_form":"","footnotes":""},"categories":[306,307,1,311,312],"tags":[390,563,463,564,562],"class_list":["post-3372","post","type-post","status-publish","format-standard","has-post-thumbnail","hentry","category-adolescenti","category-giovani","category-news","category-pgve","category-spiritualita","tag-cammino","tag-parola","tag-quaresima","tag-settimana-santa","tag-spiragli"],"acf":[],"_links":{"self":[{"href":"https:\/\/www.patriarcatovenezia.it\/pastorale-giovanile\/wp-json\/wp\/v2\/posts\/3372"}],"collection":[{"href":"https:\/\/www.patriarcatovenezia.it\/pastorale-giovanile\/wp-json\/wp\/v2\/posts"}],"about":[{"href":"https:\/\/www.patriarcatovenezia.it\/pastorale-giovanile\/wp-json\/wp\/v2\/types\/post"}],"author":[{"embeddable":true,"href":"https:\/\/www.patriarcatovenezia.it\/pastorale-giovanile\/wp-json\/wp\/v2\/users\/10"}],"replies":[{"embeddable":true,"href":"https:\/\/www.patriarcatovenezia.it\/pastorale-giovanile\/wp-json\/wp\/v2\/comments?post=3372"}],"version-history":[{"count":3,"href":"https:\/\/www.patriarcatovenezia.it\/pastorale-giovanile\/wp-json\/wp\/v2\/posts\/3372\/revisions"}],"predecessor-version":[{"id":3376,"href":"https:\/\/www.patriarcatovenezia.it\/pastorale-giovanile\/wp-json\/wp\/v2\/posts\/3372\/revisions\/3376"}],"wp:featuredmedia":[{"embeddable":true,"href":"https:\/\/www.patriarcatovenezia.it\/pastorale-giovanile\/wp-json\/wp\/v2\/media\/3374"}],"wp:attachment":[{"href":"https:\/\/www.patriarcatovenezia.it\/pastorale-giovanile\/wp-json\/wp\/v2\/media?parent=3372"}],"wp:term":[{"taxonomy":"category","embeddable":true,"href":"https:\/\/www.patriarcatovenezia.it\/pastorale-giovanile\/wp-json\/wp\/v2\/categories?post=3372"},{"taxonomy":"post_tag","embeddable":true,"href":"https:\/\/www.patriarcatovenezia.it\/pastorale-giovanile\/wp-json\/wp\/v2\/tags?post=3372"}],"curies":[{"name":"wp","href":"https:\/\/api.w.org\/{rel}","templated":true}]}}