{"id":3296,"date":"2020-11-17T14:50:17","date_gmt":"2020-11-17T13:50:17","guid":{"rendered":"https:\/\/venezia.webdiocesi.it\/pastorale-giovanile\/?p=3296"},"modified":"2020-11-17T14:50:17","modified_gmt":"2020-11-17T13:50:17","slug":"20-11-pellegrinaggio-salute-in-diretta","status":"publish","type":"post","link":"https:\/\/www.patriarcatovenezia.it\/pastorale-giovanile\/2020\/11\/17\/20-11-pellegrinaggio-salute-in-diretta\/","title":{"rendered":"20\/11 Pellegrinaggio Salute in diretta"},"content":{"rendered":"<div class=\"kvgmc6g5 cxmmr5t8 oygrvhab hcukyx3x c1et5uql ii04i59q\">\n<div dir=\"auto\">Cuori giovani sintonizzati venerd\u00ec sera sulle frequenze di Maria <span class=\"pq6dq46d tbxw36s4 knj5qynh kvgmc6g5 ditlmg2l oygrvhab nvdbi5me sf5mxxl7 gl3lb2sf hhz5lgdu\"><img loading=\"lazy\" decoding=\"async\" src=\"https:\/\/static.xx.fbcdn.net\/images\/emoji.php\/v9\/t66\/1\/16\/1f493.png\" alt=\"\ud83d\udc93\" width=\"16\" height=\"16\" \/><\/span><span class=\"pq6dq46d tbxw36s4 knj5qynh kvgmc6g5 ditlmg2l oygrvhab nvdbi5me sf5mxxl7 gl3lb2sf hhz5lgdu\"><img loading=\"lazy\" decoding=\"async\" src=\"https:\/\/static.xx.fbcdn.net\/images\/emoji.php\/v9\/t66\/1\/16\/1f493.png\" alt=\"\ud83d\udc93\" width=\"16\" height=\"16\" \/><\/span><span class=\"pq6dq46d tbxw36s4 knj5qynh kvgmc6g5 ditlmg2l oygrvhab nvdbi5me sf5mxxl7 gl3lb2sf hhz5lgdu\"><img loading=\"lazy\" decoding=\"async\" src=\"https:\/\/static.xx.fbcdn.net\/images\/emoji.php\/v9\/t66\/1\/16\/1f493.png\" alt=\"\ud83d\udc93\" width=\"16\" height=\"16\" \/><\/span><\/div>\n<div dir=\"auto\">Una rappresentanza di nostri amici sar\u00e0 in Basilica col Patriarca per il tradizionale gesto di affidamento alla Madonna della Salute, tutti noi potremo seguire la <strong>diretta<\/strong> su <strong>FB e YT Gente Veneta\u00a0<\/strong>e partecipare al momento di preghiera <span class=\"pq6dq46d tbxw36s4 knj5qynh kvgmc6g5 ditlmg2l oygrvhab nvdbi5me sf5mxxl7 gl3lb2sf hhz5lgdu\"><img loading=\"lazy\" decoding=\"async\" src=\"https:\/\/static.xx.fbcdn.net\/images\/emoji.php\/v9\/tfc\/1\/16\/1f44d.png\" alt=\"\ud83d\udc4d\" width=\"16\" height=\"16\" \/><\/span><span class=\"pq6dq46d tbxw36s4 knj5qynh kvgmc6g5 ditlmg2l oygrvhab nvdbi5me sf5mxxl7 gl3lb2sf hhz5lgdu\"><img loading=\"lazy\" decoding=\"async\" src=\"https:\/\/static.xx.fbcdn.net\/images\/emoji.php\/v9\/t80\/1\/16\/1f64f.png\" alt=\"\ud83d\ude4f\" width=\"16\" height=\"16\" \/><\/span><span class=\"pq6dq46d tbxw36s4 knj5qynh kvgmc6g5 ditlmg2l oygrvhab nvdbi5me sf5mxxl7 gl3lb2sf hhz5lgdu\"><img loading=\"lazy\" decoding=\"async\" src=\"https:\/\/static.xx.fbcdn.net\/images\/emoji.php\/v9\/t7d\/1\/16\/1f56f.png\" alt=\"\ud83d\udd6f\" width=\"16\" height=\"16\" \/><\/span><\/div>\n<div dir=\"auto\"><\/div>\n<\/div>\n<div class=\"o9v6fnle cxmmr5t8 oygrvhab hcukyx3x c1et5uql ii04i59q\">\n<div dir=\"auto\">Questa la lettera che il nostro don Francesco ha inviato in questi giorni con la spiegazione del Pellegrinaggio di quest&#8217;anno<\/div>\n<div dir=\"auto\"><span class=\"pq6dq46d tbxw36s4 knj5qynh kvgmc6g5 ditlmg2l oygrvhab nvdbi5me sf5mxxl7 gl3lb2sf hhz5lgdu\"><img loading=\"lazy\" decoding=\"async\" src=\"https:\/\/static.xx.fbcdn.net\/images\/emoji.php\/v9\/t4f\/1\/16\/1f447.png\" alt=\"\ud83d\udc47\" width=\"16\" height=\"16\" \/><\/span><span class=\"pq6dq46d tbxw36s4 knj5qynh kvgmc6g5 ditlmg2l oygrvhab nvdbi5me sf5mxxl7 gl3lb2sf hhz5lgdu\"><img loading=\"lazy\" decoding=\"async\" src=\"https:\/\/static.xx.fbcdn.net\/images\/emoji.php\/v9\/t4f\/1\/16\/1f447.png\" alt=\"\ud83d\udc47\" width=\"16\" height=\"16\" \/><\/span><span class=\"pq6dq46d tbxw36s4 knj5qynh kvgmc6g5 ditlmg2l oygrvhab nvdbi5me sf5mxxl7 gl3lb2sf hhz5lgdu\"><img loading=\"lazy\" decoding=\"async\" src=\"https:\/\/static.xx.fbcdn.net\/images\/emoji.php\/v9\/t4f\/1\/16\/1f447.png\" alt=\"\ud83d\udc47\" width=\"16\" height=\"16\" \/><\/span><\/div>\n<\/div>\n<div class=\"o9v6fnle cxmmr5t8 oygrvhab hcukyx3x c1et5uql ii04i59q\">\n<blockquote>\n<div dir=\"auto\">Carissimi,<\/div>\n<div dir=\"auto\">la grave situazione che stiamo vivendo a causa del riaccendersi della pandemia da Covid-19 ci spinge a chiedere con pi\u00f9 forza la grazia della salute per noi e per il nostro popolo. Proprio durante le diverse pestilenze che hanno colpito la citt\u00e0 di Venezia, i suoi abitanti, insieme a tutte le genti venete, hanno saputo confidare nella Vergine Santa e, sostenuti dalla sua intercessione, non hanno mai smesso di rivolgersi con fiducia al Signore. Ecco allora che \u2013 oggi pi\u00f9 che mai \u2013 \u00e8 utile educare con maggior fervore il popolo di Dio \u2013 in particolare i giovani \u2013 a crescere in questo atteggiamento di fiduciosa preghiera. \u00c8 utile stare insieme ai piedi della Madonna della Salute e dirgli \u2013 ecco il tema di quest\u2019anno \u2013 \u201cSalva o Maria chi t\u2019ama\u201d.<\/div>\n<div dir=\"auto\">Il gesto si articoler\u00e0 dunque in questo modo:<\/div>\n<ol>\n<li>Alle ore 19.30 del 20 novembre un piccolo gruppo di giovani si ritrover\u00e0 in Basilica della Salute \u2013 facendo attenzione a mantenere gli opportuni distanziamenti previsti dalla vigente normativa \u2013 insieme al Patriarca Francesco e alla comunit\u00e0 del Seminario. I giovani presenti saranno (nei limiti del possibile) espressione della Chiesa veneziana, dei suoi diversi ambiti e territori.<\/li>\n<li>Il gesto sar\u00e0 ripreso in diretta attraverso i social del settimanale diocesano Gente Veneta (Facebook e Youtube) per tutta la sua durata in modo tale che le diverse comunit\u00e0 parrocchiali etc. possano unirsi spiritualmente alla preghiera secondo le modalit\u00e0 che riterranno pi\u00f9 opportune.<\/li>\n<li>Dopo una breve introduzione inizier\u00e0 la preghiera semplice del Santo Rosario guidata dai giovani che si alterneranno tra una decina e l\u2019altra.<\/li>\n<li>Concluso il Rosario il Patriarca proporr\u00e0 una riflessione al termine della quale accender\u00e0 un cero davanti all\u2019icona della Madonna della Salute. Sarebbe bello che lo stesso semplice gesto venisse ripetuto in contemporanea anche nelle diverse chiese e case esponendo un cero sul davanzale della finestra.<\/li>\n<li>Prima della benedizione finale il Patriarca reciter\u00e0 l\u2019invocazione alla Madonna della Salute da lui stesso composta in occasione del precedente lockdown. Tutti sono invitati a unirsi a lui. Ai parroci viene chiesto, in questo, il suono delle campane in tutta la Diocesi.<\/li>\n<\/ol>\n<div dir=\"auto\">Con la benedizione finale si conclude il gesto. Comprendendo bene che questa comunicazione vi raggiunge con poco preavviso, vi chiediamo tuttavia di pazientare per i disguidi e le lentezze causate da una situazione in continua evoluzione.<\/div>\n<\/blockquote>\n<div dir=\"auto\"><\/div>\n<\/div>\n<div class=\"o9v6fnle cxmmr5t8 oygrvhab hcukyx3x c1et5uql ii04i59q\">\n<div dir=\"auto\">Con amicizia,<\/div>\n<div dir=\"auto\">don Francesco Marchesi<\/div>\n<\/div>\n<div dir=\"auto\"><\/div>\n<div dir=\"auto\"><\/div>\n<div dir=\"auto\"><\/div>\n","protected":false},"excerpt":{"rendered":"<p>Cuori giovani sintonizzati venerd\u00ec sera sulle frequenze di Maria Una rappresentanza di nostri amici sar\u00e0 in Basilica col Patriarca per il tradizionale gesto di affidamento alla Madonna della Salute, tutti noi potremo seguire la diretta su FB e YT Gente Veneta\u00a0e partecipare al momento di preghiera Questa la lettera che il nostro don Francesco ha [&hellip;]<\/p>\n","protected":false},"author":0,"featured_media":3297,"comment_status":"closed","ping_status":"closed","sticky":false,"template":"","format":"standard","meta":{"_acf_changed":false,"ip_address":"","user_agent":"","level":"","revision":"","cookie_id":"","page_referer":"","html_form":"","footnotes":""},"categories":[306,307,1,108,311,312],"tags":[542,351,398,396,543,363,364],"class_list":["post-3296","post","type-post","status-publish","format-standard","has-post-thumbnail","hentry","category-adolescenti","category-giovani","category-news","category-pellegrinaggio-salute","category-pgve","category-spiritualita","tag-basilica","tag-giovani","tag-madonna","tag-maria","tag-patriarca-francesco","tag-pellegrinaggio","tag-salute"],"acf":[],"_links":{"self":[{"href":"https:\/\/www.patriarcatovenezia.it\/pastorale-giovanile\/wp-json\/wp\/v2\/posts\/3296"}],"collection":[{"href":"https:\/\/www.patriarcatovenezia.it\/pastorale-giovanile\/wp-json\/wp\/v2\/posts"}],"about":[{"href":"https:\/\/www.patriarcatovenezia.it\/pastorale-giovanile\/wp-json\/wp\/v2\/types\/post"}],"author":[{"embeddable":true,"href":"https:\/\/www.patriarcatovenezia.it\/pastorale-giovanile\/wp-json\/wp\/v2\/users\/10"}],"replies":[{"embeddable":true,"href":"https:\/\/www.patriarcatovenezia.it\/pastorale-giovanile\/wp-json\/wp\/v2\/comments?post=3296"}],"version-history":[{"count":2,"href":"https:\/\/www.patriarcatovenezia.it\/pastorale-giovanile\/wp-json\/wp\/v2\/posts\/3296\/revisions"}],"predecessor-version":[{"id":3299,"href":"https:\/\/www.patriarcatovenezia.it\/pastorale-giovanile\/wp-json\/wp\/v2\/posts\/3296\/revisions\/3299"}],"wp:featuredmedia":[{"embeddable":true,"href":"https:\/\/www.patriarcatovenezia.it\/pastorale-giovanile\/wp-json\/wp\/v2\/media\/3297"}],"wp:attachment":[{"href":"https:\/\/www.patriarcatovenezia.it\/pastorale-giovanile\/wp-json\/wp\/v2\/media?parent=3296"}],"wp:term":[{"taxonomy":"category","embeddable":true,"href":"https:\/\/www.patriarcatovenezia.it\/pastorale-giovanile\/wp-json\/wp\/v2\/categories?post=3296"},{"taxonomy":"post_tag","embeddable":true,"href":"https:\/\/www.patriarcatovenezia.it\/pastorale-giovanile\/wp-json\/wp\/v2\/tags?post=3296"}],"curies":[{"name":"wp","href":"https:\/\/api.w.org\/{rel}","templated":true}]}}