{"id":3232,"date":"2020-10-15T12:43:53","date_gmt":"2020-10-15T10:43:53","guid":{"rendered":"https:\/\/venezia.webdiocesi.it\/pastorale-giovanile\/?p=3232"},"modified":"2020-10-15T12:43:53","modified_gmt":"2020-10-15T10:43:53","slug":"una-strada-nel-deserto-giovani-e-fede-nella-prova-della-pandemia","status":"publish","type":"post","link":"https:\/\/www.patriarcatovenezia.it\/pastorale-giovanile\/2020\/10\/15\/una-strada-nel-deserto-giovani-e-fede-nella-prova-della-pandemia\/","title":{"rendered":"Una strada nel deserto: giovani e fede nella prova della pandemia"},"content":{"rendered":"<div id=\"pgc-w577e0ca66d7f6-1-1\" class=\"panel-grid-cell\">\n<div class=\"col-lg-9 cci-content-tbt-page-wrapper-content panel-cell-style panel-cell-style-for-w577e0ca66d7f6-1-1\">\n<div id=\"panel-w577e0ca66d7f6-1-1-0\" class=\"so-panel widget widget_text panel-first-child panel-last-child\">\n<div class=\"textwidget\">\n<p><em>Continuiamo a vivere nel tempo della pandemia. Nel frattempo \u00e8 bene non fermare la riflessione su ci\u00f2 che tutto questo comporta per la vita e le nostre azioni pastorali. Ecco alcune riflessioni e piccoli passi di progettazione.<\/em><\/p>\n<p><em>Articolo tratto da <a href=\"https:\/\/giovani.chiesacattolica.it\/una-strada-nel-deserto-giovani-e-fede-nella-prova-della-pandemia\/\">giovani.chiesacattolica.it<\/a><\/em><\/p>\n<hr \/>\n<p>Continuiamo a vivere nel tempo della pandemia. Se l\u2019estate ci aveva un po\u2019 illusi che si stesse camminando verso la chiusura di un certo tempo, questi giorni stanno facendo suonare di nuovo le sirene delle ambulanze e un po\u2019 di campanelli di allarme.<\/p>\n<p><strong>Nel frattempo \u00e8 bene non fermare la riflessione su ci\u00f2 che tutto questo comporta per la vita e le nostre azioni pastorali.<\/strong><br \/>\nSul finire dell\u2019estate abbiamo aperto un confronto e una riflessione anche con la consulta nazionale. Ne sono scaturiti alcuni pensieri di progetto che condividiamo con voi. Lo facciamo nella speranza che possano esservi utili: lo saranno al lavoro del Servizio nazionale in riferimento alle realt\u00e0 delle diocesi e del territorio nazionale nelle sue espressioni ecclesiali.<\/p>\n<p>Lo facciamo sapendo di rischiare: stiamo percependo il cambiamento settimana per settimana, mese per mese. Quindi dichiariamo da subito che queste pagine potranno e forse dovranno essere rilette a breve. Ma senza un pensiero non \u00e8 possibile affrontare alcun cambiamento. Per questa ragione pensiamo che il rischio valga la pena di essere corso.<\/p>\n<p>Attenzione, non \u00e8 un documento, non vuole averne il carattere di ufficialit\u00e0 istituzionale. Pur appartenendo a un ufficio della Segreteria generale, manca del confronto necessario con i Vescovi perch\u00e9 possa essere assunto come documento di riferimento. Non intende intralciare il lavoro nei territori, in questo momento particolarmente impegnativo, e nello stesso tempo ha la speranza di portare un contributo di pensiero che possa sostenere le fatiche. Proprio perch\u00e9 nato dal confronto con chi ha le mani in pasta nella realt\u00e0, si propone di far luce ai passi incerti di questo tempo.<br \/>\n\u00c8 destinato agli incaricati diocesani degli uffici\/servizi di Pastorale giovanile, delle realt\u00e0 ecclesiali e di quelle legate alla vita consacrata. Per quel che pu\u00f2 servire, pu\u00f2 essere letto da tutti, ma non chiede alle singole parrocchie o unit\u00e0 pastorali attuazione immediata: esse dovranno fare riferimento alle proprie realt\u00e0 diocesane.<\/p>\n<\/div>\n<\/div>\n<\/div>\n<\/div>\n<div id=\"pgc-w577e0ca66d7f6-1-2\" class=\"panel-grid-cell\">\n<div class=\"col-lg-12 seed_content_tbt_single_attachments panel-cell-style panel-cell-style-for-w577e0ca66d7f6-1-2\">\n<div id=\"panel-w577e0ca66d7f6-1-2-0\" class=\"so-panel widget widget_text panel-first-child panel-last-child\">\n<div class=\"textwidget\">\n<h3 class=\"wpba_attachment_list_title\">ALLEGATI<\/h3>\n<div id=\"wpba_attachment_list\" class=\"wpba wpba-wrap\">\n<ul class=\"seed_content_tbt_single_attachments_list\">\n<li id=\"wpba_attachment_list_10268\" class=\"wpba-list-item\"><a class=\"wpba-link pull-left\" title=\"progetto pastorale giovanile dopo la pandemia\" href=\"https:\/\/giovani.chiesacattolica.it\/wp-content\/uploads\/sites\/33\/2020\/10\/08\/progetto-pastorale-giovanile-dopo-la-pandemia.pdf\" target=\"_blank\" rel=\"noopener noreferrer\">PROGETTO PASTORALE GIOVANILE DOPO LA PANDEMIA<\/a><\/li>\n<\/ul>\n<\/div>\n<\/div>\n<\/div>\n<\/div>\n<\/div>\n","protected":false},"excerpt":{"rendered":"<p>Continuiamo a vivere nel tempo della pandemia. Nel frattempo \u00e8 bene non fermare la riflessione su ci\u00f2 che tutto questo comporta per la vita e le nostre azioni pastorali. Ecco alcune riflessioni e piccoli passi di progettazione. Articolo tratto da giovani.chiesacattolica.it Continuiamo a vivere nel tempo della pandemia. Se l\u2019estate ci aveva un po\u2019 illusi [&hellip;]<\/p>\n","protected":false},"author":0,"featured_media":3233,"comment_status":"closed","ping_status":"closed","sticky":false,"template":"","format":"standard","meta":{"_acf_changed":false,"ip_address":"","user_agent":"","level":"","revision":"","cookie_id":"","page_referer":"","html_form":"","footnotes":""},"categories":[306,307,1,311],"tags":[380,522,379,521],"class_list":["post-3232","post","type-post","status-publish","format-standard","has-post-thumbnail","hentry","category-adolescenti","category-giovani","category-news","category-pgve","tag-giovanile","tag-pandemia","tag-pastorale","tag-progetto"],"acf":[],"_links":{"self":[{"href":"https:\/\/www.patriarcatovenezia.it\/pastorale-giovanile\/wp-json\/wp\/v2\/posts\/3232"}],"collection":[{"href":"https:\/\/www.patriarcatovenezia.it\/pastorale-giovanile\/wp-json\/wp\/v2\/posts"}],"about":[{"href":"https:\/\/www.patriarcatovenezia.it\/pastorale-giovanile\/wp-json\/wp\/v2\/types\/post"}],"author":[{"embeddable":true,"href":"https:\/\/www.patriarcatovenezia.it\/pastorale-giovanile\/wp-json\/wp\/v2\/users\/10"}],"replies":[{"embeddable":true,"href":"https:\/\/www.patriarcatovenezia.it\/pastorale-giovanile\/wp-json\/wp\/v2\/comments?post=3232"}],"version-history":[{"count":1,"href":"https:\/\/www.patriarcatovenezia.it\/pastorale-giovanile\/wp-json\/wp\/v2\/posts\/3232\/revisions"}],"predecessor-version":[{"id":3234,"href":"https:\/\/www.patriarcatovenezia.it\/pastorale-giovanile\/wp-json\/wp\/v2\/posts\/3232\/revisions\/3234"}],"wp:featuredmedia":[{"embeddable":true,"href":"https:\/\/www.patriarcatovenezia.it\/pastorale-giovanile\/wp-json\/wp\/v2\/media\/3233"}],"wp:attachment":[{"href":"https:\/\/www.patriarcatovenezia.it\/pastorale-giovanile\/wp-json\/wp\/v2\/media?parent=3232"}],"wp:term":[{"taxonomy":"category","embeddable":true,"href":"https:\/\/www.patriarcatovenezia.it\/pastorale-giovanile\/wp-json\/wp\/v2\/categories?post=3232"},{"taxonomy":"post_tag","embeddable":true,"href":"https:\/\/www.patriarcatovenezia.it\/pastorale-giovanile\/wp-json\/wp\/v2\/tags?post=3232"}],"curies":[{"name":"wp","href":"https:\/\/api.w.org\/{rel}","templated":true}]}}